{"id":32076,"date":"2025-10-21T09:07:50","date_gmt":"2025-10-21T12:07:50","guid":{"rendered":"https:\/\/sgvaimudar.com.br\/?p=32076"},"modified":"2025-10-21T11:04:41","modified_gmt":"2025-10-21T14:04:41","slug":"12o-bpm-prende-suspeito-de-homicidio-de-empresario-a-tiros-em-sao-goncalo","status":"publish","type":"post","link":"https:\/\/sgvaimudar.com.br\/index.php\/2025\/10\/21\/12o-bpm-prende-suspeito-de-homicidio-de-empresario-a-tiros-em-sao-goncalo\/","title":{"rendered":"12\u00ba BPM prende suspeito de homic\u00eddio de empres\u00e1rio a tiros em S\u00e3o Gon\u00e7alo"},"content":{"rendered":"\n<p><em>Segundo a pol\u00edcia, o acusado se apresentou espontaneamente, sem oferecer qualquer resist\u00eancia, sendo de imediato conduzido \u00e0 76\u00ba DP<\/em><\/p>\n\n\n\n<p>Um homem de 28 anos, conhecido pelo apelido <strong><em>JJ<\/em><\/strong>, foi preso na manh\u00e3 desta segunda-feira (20) por agentes do 12\u00ba Batalh\u00e3o de Pol\u00edcia Militar (BPM), na Rua Nilo Esteves, no bairro Engenhoca, Zona Norte de Niter\u00f3i.<\/p>\n\n\n\n<p>De acordo com a Pol\u00edcia Militar, a pris\u00e3o ocorreu ap\u00f3s den\u00fancia an\u00f4nima que apontava o paradeiro do suspeito, considerado foragido da Justi\u00e7a. Contra ele havia um mandado de pris\u00e3o por homic\u00eddio, expedido pela 4\u00aa Vara Criminal de S\u00e3o Gon\u00e7alo, al\u00e9m de dois mandados de recaptura por tr\u00e1fico de drogas, emitidos pelo Tribunal de Justi\u00e7a do Estado do Rio de Janeiro e pela Vara de Execu\u00e7\u00f5es Penais.<\/p>\n\n\n\n<p>Ao chegar na Travessa Nilo Esteves, os policiais foram recebidos pela sogra do acusado, que informou onde ele estava. <strong><em>JJ<\/em><\/strong> se apresentou espontaneamente, sem oferecer resist\u00eancia, sendo levado inicialmente para a 78\u00aa DP (Fonseca) e, em seguida, encaminhado para a 76\u00aa DP (Centro de Niter\u00f3i), onde permaneceu preso.<\/p>\n\n\n\n<p>Segundo informa\u00e7\u00f5es, ele tem duas anota\u00e7\u00f5es criminais por tr\u00e1fico de drogas e uma por homic\u00eddio.<\/p>\n\n\n\n<p><strong>RELEMBRE<\/strong> &#8211; O mandado de pris\u00e3o est\u00e1 relacionado ao assassinato do empres\u00e1rio Jos\u00e9 Eduardo Barreto Esteves, de 60 anos, ocorrido em 24 de junho deste ano, no bairro Marambaia, em S\u00e3o Gon\u00e7alo. Jos\u00e9 Eduardo foi atingido por tiros quando homens armados se aproximaram e dispararam diversas vezes. <\/p>\n\n\n\n<p>A v\u00edtima ainda chegou a ser socorrida por vizinhos e levada ao hospital, mas n\u00e3o resistiu aos ferimentos. Desde ent\u00e3o, a Pol\u00edcia Civil investigava o envolvimento de <strong>JJ<\/strong> no crime, que teria liga\u00e7\u00e3o com disputas locais e o tr\u00e1fico de drogas.<\/p>\n\n\n\n<p><em><strong>Fa\u00e7a sua den\u00fancia pelo nosso WhatsApp: (21)&nbsp;99744 5345<\/strong><\/em><\/p>\n\n\n\n<p><em><strong>S\u00e3o Gon\u00e7alo vai mudar: Not\u00edcias de S\u00e3o Gon\u00e7alo e toda regi\u00e3o.<\/strong><\/em><\/p>\n\n\n\n<figure class=\"wp-block-image size-large\"><img decoding=\"async\" width=\"1024\" height=\"46\" src=\"https:\/\/sgvaimudar.com.br\/wp-content\/uploads\/2023\/08\/Anuncie-Aqui-Sao-Goncalo-vai-mudar-1024x46.png\" alt=\"\" class=\"wp-image-2740\" srcset=\"https:\/\/sgvaimudar.com.br\/wp-content\/uploads\/2023\/08\/Anuncie-Aqui-Sao-Goncalo-vai-mudar-1024x46.png 1024w, https:\/\/sgvaimudar.com.br\/wp-content\/uploads\/2023\/08\/Anuncie-Aqui-Sao-Goncalo-vai-mudar-300x13.png 300w, https:\/\/sgvaimudar.com.br\/wp-content\/uploads\/2023\/08\/Anuncie-Aqui-Sao-Goncalo-vai-mudar-768x35.png 768w, https:\/\/sgvaimudar.com.br\/wp-content\/uploads\/2023\/08\/Anuncie-Aqui-Sao-Goncalo-vai-mudar-1536x69.png 1536w, https:\/\/sgvaimudar.com.br\/wp-content\/uploads\/2023\/08\/Anuncie-Aqui-Sao-Goncalo-vai-mudar.png 2002w\" sizes=\"(max-width: 1024px) 100vw, 1024px\" \/><\/figure>\n","protected":false},"excerpt":{"rendered":"<p>Segundo a pol\u00edcia, o acusado se apresentou espontaneamente, sem oferecer qualquer resist\u00eancia, sendo de imediato conduzido \u00e0 76\u00ba DP Um&hellip;<\/p>\n","protected":false},"author":5,"featured_media":32093,"comment_status":"closed","ping_status":"open","sticky":false,"template":"","format":"standard","meta":{"fifu_image_url":"https:\/\/sgvaimudar.com.br\/wp-content\/uploads\/2025\/10\/jj.jpg","fifu_image_alt":"","footnotes":""},"categories":[32],"tags":[47,75],"class_list":["post-32076","post","type-post","status-publish","format-standard","has-post-thumbnail","hentry","category-casos-de-policia","tag-rj","tag-sao-goncalo"],"_links":{"self":[{"href":"https:\/\/sgvaimudar.com.br\/index.php\/wp-json\/wp\/v2\/posts\/32076","targetHints":{"allow":["GET"]}}],"collection":[{"href":"https:\/\/sgvaimudar.com.br\/index.php\/wp-json\/wp\/v2\/posts"}],"about":[{"href":"https:\/\/sgvaimudar.com.br\/index.php\/wp-json\/wp\/v2\/types\/post"}],"author":[{"embeddable":true,"href":"https:\/\/sgvaimudar.com.br\/index.php\/wp-json\/wp\/v2\/users\/5"}],"replies":[{"embeddable":true,"href":"https:\/\/sgvaimudar.com.br\/index.php\/wp-json\/wp\/v2\/comments?post=32076"}],"version-history":[{"count":2,"href":"https:\/\/sgvaimudar.com.br\/index.php\/wp-json\/wp\/v2\/posts\/32076\/revisions"}],"predecessor-version":[{"id":32078,"href":"https:\/\/sgvaimudar.com.br\/index.php\/wp-json\/wp\/v2\/posts\/32076\/revisions\/32078"}],"wp:featuredmedia":[{"embeddable":true,"href":"https:\/\/sgvaimudar.com.br\/index.php\/wp-json\/wp\/v2\/media\/32093"}],"wp:attachment":[{"href":"https:\/\/sgvaimudar.com.br\/index.php\/wp-json\/wp\/v2\/media?parent=32076"}],"wp:term":[{"taxonomy":"category","embeddable":true,"href":"https:\/\/sgvaimudar.com.br\/index.php\/wp-json\/wp\/v2\/categories?post=32076"},{"taxonomy":"post_tag","embeddable":true,"href":"https:\/\/sgvaimudar.com.br\/index.php\/wp-json\/wp\/v2\/tags?post=32076"}],"curies":[{"name":"wp","href":"https:\/\/api.w.org\/{rel}","templated":true}]}}