{"id":32070,"date":"2025-10-21T13:00:00","date_gmt":"2025-10-21T16:00:00","guid":{"rendered":"https:\/\/sgvaimudar.com.br\/?p=32070"},"modified":"2025-10-21T08:47:42","modified_gmt":"2025-10-21T11:47:42","slug":"governador-claudio-castro-amplia-em-400-programa-de-acompanhamento-de-mulheres-com-cancer-de-mama-no-rj","status":"publish","type":"post","link":"https:\/\/sgvaimudar.com.br\/index.php\/2025\/10\/21\/governador-claudio-castro-amplia-em-400-programa-de-acompanhamento-de-mulheres-com-cancer-de-mama-no-rj\/","title":{"rendered":"Governador Cl\u00e1udio Castro amplia em 400% programa de acompanhamento de mulheres com c\u00e2ncer de mama no RJ"},"content":{"rendered":"\n<p><em>Com investimento anual de R$ 1,2 milh\u00e3o, \u201cNavega RJ\u201d passa a atender 1,5 mil mulheres nas unidades Rio Imagem Centro, Baixada e Hospital da Mulher<br><\/em><br>O governador Cl\u00e1udio Castro anunciou, nesta segunda-feira (20\/10), a amplia\u00e7\u00e3o do Programa Navega RJ, que oferece acompanhamento individualizado aos pacientes de c\u00e2ncer de mama no Estado do Rio. A iniciativa da Secretaria de Estado de Sa\u00fade (SES-RJ) j\u00e1 funcionava no Hospital Estadual da Mulher Heloneida Studart, em S\u00e3o Jo\u00e3o de Meriti, agora foi estendida para quem recebe o diagn\u00f3stico nas duas unidades do Rio Imagem, no Centro do Rio e na Baixada Fluminense. Com investimento de R$ 1,2 milh\u00e3o por ano, o programa teve sua capacidade aumentada em 400%, passando de 300 para 1.500 pacientes assistidos.<br>&#8211; \u00a0O Rio de Janeiro est\u00e1 investindo em uma pol\u00edtica p\u00fablica concreta, que salva vidas. Ampliar o Navega RJ significa garantir acolhimento e rapidez para milhares de mulheres que descobrem o c\u00e2ncer de mama. \u00c9 um programa exitoso, que traz um atendimento mais humanizado e eficaz. Al\u00e9m disso, estamos investindo na constru\u00e7\u00e3o de novos hospitais especializados em oncologia, para ampliar a oferta do tratamento &#8211; afirmou o governador Cl\u00e1udio Castro durante a cerim\u00f4nia no Rio Imagem Centro.<\/p>\n\n\n\n\n\n<p>Antes do Navega RJ, a paciente pegava o laudo e ia buscar o tratamento. No Navega RJ, a mudan\u00e7a j\u00e1 come\u00e7a nesse primeiro momento. A mulher recebe o laudo na sala do programa, com apoio imediato para entender o resultado e todo o processo de tratamento. Em caso de laudo positivo para o c\u00e2ncer, ela j\u00e1 sai do atendimento com a consulta do mastologista agendada. A paciente \u00e9 acompanhada pelos \u201cnavegadores&#8221;, com suporte m\u00e9dico, social e emocional em todo o caminho para a cura.<\/p>\n\n\n\n<p>As equipes do programa \u201cNavega RJ\u201d contam com um coordenador m\u00e9dico, quatro m\u00e9dicos mastologistas, quatro navegadores de pacientes, entre assistentes sociais e enfermeiros capacitados, al\u00e9m de um funcion\u00e1rio administrativo.<\/p>\n\n\n\n<p>&#8211; \u00a0Al\u00e9m de acelerar o in\u00edcio do tratamento, o Navega RJ reduz a perda de seguimento e melhora o cuidado oferecido \u00e0s pacientes, que se sentem acolhidas e seguras num momento de vulnerabilidade &#8211; destacou a secret\u00e1ria de Estado de Sa\u00fade, Claudia Mello.<\/p>\n\n\n\n<figure class=\"wp-block-image size-large\"><img fetchpriority=\"high\" decoding=\"async\" width=\"1024\" height=\"683\" src=\"https:\/\/sgvaimudar.com.br\/wp-content\/uploads\/2025\/10\/Rio-Imagem-Centro_Foto-Rafael-Campos_77-1024x683.jpg\" alt=\"\" class=\"wp-image-32072\" srcset=\"https:\/\/sgvaimudar.com.br\/wp-content\/uploads\/2025\/10\/Rio-Imagem-Centro_Foto-Rafael-Campos_77-1024x683.jpg 1024w, https:\/\/sgvaimudar.com.br\/wp-content\/uploads\/2025\/10\/Rio-Imagem-Centro_Foto-Rafael-Campos_77-300x200.jpg 300w, https:\/\/sgvaimudar.com.br\/wp-content\/uploads\/2025\/10\/Rio-Imagem-Centro_Foto-Rafael-Campos_77-768x512.jpg 768w, https:\/\/sgvaimudar.com.br\/wp-content\/uploads\/2025\/10\/Rio-Imagem-Centro_Foto-Rafael-Campos_77-1536x1024.jpg 1536w, https:\/\/sgvaimudar.com.br\/wp-content\/uploads\/2025\/10\/Rio-Imagem-Centro_Foto-Rafael-Campos_77-2048x1365.jpg 2048w\" sizes=\"(max-width: 1024px) 100vw, 1024px\" \/><figcaption class=\"wp-element-caption\">20\/10\/2025 &#8211; Governador Cl\u00e1udio Castro anuncia a amplia\u00e7\u00e3o do Navega RJ &#8211; Programa para pacientes com diagn\u00f3stico de c\u00e2ncer de mama &#8211; Rio Imagem Centro &#8211; Fotos: Rafael Campos<\/figcaption><\/figure>\n\n\n\n<p>Coordenado pela mastologista Sandra Gioia, o Navega RJ foi o primeiro programa p\u00fablico do pa\u00eds a adotar o modelo de navega\u00e7\u00e3o de pacientes. Desde sua cria\u00e7\u00e3o, em 2017, quase mil mulheres j\u00e1 foram acompanhadas pelo servi\u00e7o, que identifica e soluciona entraves de acesso ao tratamento.<\/p>\n\n\n\n<p>&#8211; &nbsp;O navegador de pacientes \u00e9 essencial para guiar a mulher pelo sistema de sa\u00fade, garantindo que cada etapa ocorra dentro do prazo e com suporte adequado &#8211; explicou Sandra.<\/p>\n\n\n\n<p><strong>Amplia\u00e7\u00e3o da rede estadual oncol\u00f3gica<\/strong><\/p>\n\n\n\n<p>Para ampliar a rede de atendimento, o Estado tamb\u00e9m investe na constru\u00e7\u00e3o de dois hospitais especializados em oncologia, em Nova Igua\u00e7u e Nova Friburgo, que v\u00e3o oferecer novas vagas e ampliar a capacidade da rede p\u00fablica. O Instituto Estadual de Oncologia da Baixada Fluminense (Onco Baixada) est\u00e1 com 83% das obras conclu\u00eddas e ter\u00e1 capacidade para 5 mil atendimentos ambulatoriais, 300 cirurgias e 340 interna\u00e7\u00f5es por m\u00eas, com investimento de R$ 87,3 milh\u00f5es.<\/p>\n\n\n\n<p><em><strong>S\u00e3o Gon\u00e7alo vai mudar: Not\u00edcias de S\u00e3o Gon\u00e7alo e toda regi\u00e3o.<\/strong><\/em><\/p>\n\n\n\n<figure class=\"wp-block-image size-large\"><img decoding=\"async\" width=\"1024\" height=\"46\" src=\"https:\/\/sgvaimudar.com.br\/wp-content\/uploads\/2023\/08\/Anuncie-Aqui-Sao-Goncalo-vai-mudar-1024x46.png\" alt=\"\" class=\"wp-image-2740\" srcset=\"https:\/\/sgvaimudar.com.br\/wp-content\/uploads\/2023\/08\/Anuncie-Aqui-Sao-Goncalo-vai-mudar-1024x46.png 1024w, https:\/\/sgvaimudar.com.br\/wp-content\/uploads\/2023\/08\/Anuncie-Aqui-Sao-Goncalo-vai-mudar-300x13.png 300w, https:\/\/sgvaimudar.com.br\/wp-content\/uploads\/2023\/08\/Anuncie-Aqui-Sao-Goncalo-vai-mudar-768x35.png 768w, https:\/\/sgvaimudar.com.br\/wp-content\/uploads\/2023\/08\/Anuncie-Aqui-Sao-Goncalo-vai-mudar-1536x69.png 1536w, https:\/\/sgvaimudar.com.br\/wp-content\/uploads\/2023\/08\/Anuncie-Aqui-Sao-Goncalo-vai-mudar.png 2002w\" sizes=\"(max-width: 1024px) 100vw, 1024px\" \/><\/figure>\n","protected":false},"excerpt":{"rendered":"<p>Com investimento anual de R$ 1,2 milh\u00e3o, \u201cNavega RJ\u201d passa a atender 1,5 mil mulheres nas unidades Rio Imagem Centro,&hellip;<\/p>\n","protected":false},"author":5,"featured_media":32071,"comment_status":"closed","ping_status":"open","sticky":false,"template":"","format":"standard","meta":{"fifu_image_url":"","fifu_image_alt":"","footnotes":""},"categories":[7],"tags":[47],"class_list":["post-32070","post","type-post","status-publish","format-standard","has-post-thumbnail","hentry","category-saude","tag-rj"],"_links":{"self":[{"href":"https:\/\/sgvaimudar.com.br\/index.php\/wp-json\/wp\/v2\/posts\/32070","targetHints":{"allow":["GET"]}}],"collection":[{"href":"https:\/\/sgvaimudar.com.br\/index.php\/wp-json\/wp\/v2\/posts"}],"about":[{"href":"https:\/\/sgvaimudar.com.br\/index.php\/wp-json\/wp\/v2\/types\/post"}],"author":[{"embeddable":true,"href":"https:\/\/sgvaimudar.com.br\/index.php\/wp-json\/wp\/v2\/users\/5"}],"replies":[{"embeddable":true,"href":"https:\/\/sgvaimudar.com.br\/index.php\/wp-json\/wp\/v2\/comments?post=32070"}],"version-history":[{"count":2,"href":"https:\/\/sgvaimudar.com.br\/index.php\/wp-json\/wp\/v2\/posts\/32070\/revisions"}],"predecessor-version":[{"id":32075,"href":"https:\/\/sgvaimudar.com.br\/index.php\/wp-json\/wp\/v2\/posts\/32070\/revisions\/32075"}],"wp:featuredmedia":[{"embeddable":true,"href":"https:\/\/sgvaimudar.com.br\/index.php\/wp-json\/wp\/v2\/media\/32071"}],"wp:attachment":[{"href":"https:\/\/sgvaimudar.com.br\/index.php\/wp-json\/wp\/v2\/media?parent=32070"}],"wp:term":[{"taxonomy":"category","embeddable":true,"href":"https:\/\/sgvaimudar.com.br\/index.php\/wp-json\/wp\/v2\/categories?post=32070"},{"taxonomy":"post_tag","embeddable":true,"href":"https:\/\/sgvaimudar.com.br\/index.php\/wp-json\/wp\/v2\/tags?post=32070"}],"curies":[{"name":"wp","href":"https:\/\/api.w.org\/{rel}","templated":true}]}}