{"id":32066,"date":"2025-10-21T15:00:00","date_gmt":"2025-10-21T18:00:00","guid":{"rendered":"https:\/\/sgvaimudar.com.br\/?p=32066"},"modified":"2025-10-21T08:48:21","modified_gmt":"2025-10-21T11:48:21","slug":"conquistas-dos-goncalenses-recem-construidas-ja-concorrem-ao-premio-bicicleta-brasil-2025","status":"publish","type":"post","link":"https:\/\/sgvaimudar.com.br\/index.php\/2025\/10\/21\/conquistas-dos-goncalenses-recem-construidas-ja-concorrem-ao-premio-bicicleta-brasil-2025\/","title":{"rendered":"Conquistas dos gon\u00e7alenses rec\u00e9m-constru\u00eddas j\u00e1 concorrem ao Pr\u00eamio Bicicleta Brasil 2025"},"content":{"rendered":"\n<p><em>Parque RJ concorre na categoria Desenvolvimento e Passeio Cicl\u00edstico do Muvi na categoria Conscientiza\u00e7\u00e3o<\/em><\/p>\n\n\n\n<p>Os gon\u00e7alenses nem est\u00e3o aproveitando os espa\u00e7os ainda mais os locais j\u00e1 est\u00e1 ganhando destaque em pr\u00eamios nacionais com iniciativas e projetos especiais. O Parque RJ \u2013 S\u00e3o Gon\u00e7alo, em fase final de obras no bairro Boa Vista, numa parceria entre a Secretaria de Estado das Cidades e a Prefeitura, concorre ao Pr\u00eamio Bicicleta Brasil 2025 na categoria Desenvolvimento e o Passeio Cicl\u00edstico do MUVI \u2013 Mobilidade Urbana Verde Integrada, que ocorreu em maio deste ano, est\u00e1 habilitado na categoria Conscientiza\u00e7\u00e3o.<\/p>\n\n\n\n<p>O Pr\u00eamio Bicicleta Brasil \u00e9 uma iniciativa promovida pelo Minist\u00e9rio das Cidades que reconhece e divulga boas pr\u00e1ticas que incentivem o uso da bicicleta no territ\u00f3rio nacional, visando a melhoria das condi\u00e7\u00f5es de mobilidade nas cidades. Em cada edi\u00e7\u00e3o s\u00e3o premiadas iniciativas em diferentes modalidades, inspiradas nas diretrizes do Selo Bicicleta Brasil.<\/p>\n\n\n\n<figure class=\"wp-block-image size-large\"><img fetchpriority=\"high\" decoding=\"async\" width=\"1024\" height=\"768\" src=\"https:\/\/sgvaimudar.com.br\/wp-content\/uploads\/2025\/10\/unnamed-45-1024x768.jpg\" alt=\"\" class=\"wp-image-32068\" srcset=\"https:\/\/sgvaimudar.com.br\/wp-content\/uploads\/2025\/10\/unnamed-45-1024x768.jpg 1024w, https:\/\/sgvaimudar.com.br\/wp-content\/uploads\/2025\/10\/unnamed-45-300x225.jpg 300w, https:\/\/sgvaimudar.com.br\/wp-content\/uploads\/2025\/10\/unnamed-45-768x576.jpg 768w, https:\/\/sgvaimudar.com.br\/wp-content\/uploads\/2025\/10\/unnamed-45-1536x1152.jpg 1536w, https:\/\/sgvaimudar.com.br\/wp-content\/uploads\/2025\/10\/unnamed-45.jpg 1600w\" sizes=\"(max-width: 1024px) 100vw, 1024px\" \/><\/figure>\n\n\n\n<p>Na categoria Desenvolvimento, o Parque RJ contempla iniciativas do setor p\u00fablico voltadas \u00e0 melhoria do sistema de mobilidade ciclovi\u00e1ria, incluindo empreendimentos destinados ao aumento da infraestrutura ciclovi\u00e1ria, bem como equipamentos de apoio e sinaliza\u00e7\u00e3o, infraestruturas dedicadas a sistemas de bicicletas compartilhadas e interven\u00e7\u00f5es para integra\u00e7\u00e3o da ciclomobilidade com outros modais de transporte.<\/p>\n\n\n\n<p>Na categoria Conscientiza\u00e7\u00e3o, o Passeio Cicl\u00edstico do MUVI contempla iniciativas promovidas pelo setor p\u00fablico, com o objetivo de sensibilizar a sociedade quanto aos impactos negativos do uso excessivo do autom\u00f3vel nas locomo\u00e7\u00f5es urbanas, em detrimento do transporte p\u00fablico e de alternativas n\u00e3o motorizadas, por meio de campanhas.<\/p>\n\n\n\n<p>O evento, que ocorreu em maio, reuniu mais de 800 ciclistas, entre fam\u00edlias, atletas amadores e apaixonados por bicicleta, que percorreram os 3,7 km de trajeto. A a\u00e7\u00e3o foi realizada pela Prefeitura de S\u00e3o Gon\u00e7alo, por meio da Secretaria de Esporte e Lazer, em parceria com o Governo do Estado do Rio de Janeiro, atrav\u00e9s da Secretaria das Cidades.<\/p>\n\n\n\n<p>A habilita\u00e7\u00e3o nesta edi\u00e7\u00e3o j\u00e1 garante a certifica\u00e7\u00e3o do Selo Bicicleta Brasil para o projeto do Parque RJ e para a iniciativa do Passeio Cicl\u00edstico do Muvi. No \u00faltimo ano, tr\u00eas projetos realizados na cidade receberam o Selo: o Plano Municipal de Mobilidade e, atrav\u00e9s da Secretaria de Estado das Cidades, o projeto MUVI (Mobilidade Urbana Verde e Integrada) e a Ciclorrota da Avenida Jornalista Roberto Marinho.<\/p>\n\n\n\n<p><em>Fotos: Ascom<\/em><\/p>\n\n\n\n<p><em><strong>S\u00e3o Gon\u00e7alo vai mudar: Not\u00edcias de S\u00e3o Gon\u00e7alo e toda regi\u00e3o.<\/strong><\/em><\/p>\n\n\n\n<figure class=\"wp-block-image size-large\"><img decoding=\"async\" width=\"1024\" height=\"46\" src=\"https:\/\/sgvaimudar.com.br\/wp-content\/uploads\/2023\/08\/Anuncie-Aqui-Sao-Goncalo-vai-mudar-1024x46.png\" alt=\"\" class=\"wp-image-2740\" srcset=\"https:\/\/sgvaimudar.com.br\/wp-content\/uploads\/2023\/08\/Anuncie-Aqui-Sao-Goncalo-vai-mudar-1024x46.png 1024w, https:\/\/sgvaimudar.com.br\/wp-content\/uploads\/2023\/08\/Anuncie-Aqui-Sao-Goncalo-vai-mudar-300x13.png 300w, https:\/\/sgvaimudar.com.br\/wp-content\/uploads\/2023\/08\/Anuncie-Aqui-Sao-Goncalo-vai-mudar-768x35.png 768w, https:\/\/sgvaimudar.com.br\/wp-content\/uploads\/2023\/08\/Anuncie-Aqui-Sao-Goncalo-vai-mudar-1536x69.png 1536w, https:\/\/sgvaimudar.com.br\/wp-content\/uploads\/2023\/08\/Anuncie-Aqui-Sao-Goncalo-vai-mudar.png 2002w\" sizes=\"(max-width: 1024px) 100vw, 1024px\" \/><\/figure>\n","protected":false},"excerpt":{"rendered":"<p>Parque RJ concorre na categoria Desenvolvimento e Passeio Cicl\u00edstico do Muvi na categoria Conscientiza\u00e7\u00e3o Os gon\u00e7alenses nem est\u00e3o aproveitando os&hellip;<\/p>\n","protected":false},"author":5,"featured_media":32067,"comment_status":"closed","ping_status":"open","sticky":false,"template":"","format":"standard","meta":{"fifu_image_url":"","fifu_image_alt":"","footnotes":""},"categories":[5],"tags":[47,75],"class_list":["post-32066","post","type-post","status-publish","format-standard","has-post-thumbnail","hentry","category-esportes","tag-rj","tag-sao-goncalo"],"_links":{"self":[{"href":"https:\/\/sgvaimudar.com.br\/index.php\/wp-json\/wp\/v2\/posts\/32066","targetHints":{"allow":["GET"]}}],"collection":[{"href":"https:\/\/sgvaimudar.com.br\/index.php\/wp-json\/wp\/v2\/posts"}],"about":[{"href":"https:\/\/sgvaimudar.com.br\/index.php\/wp-json\/wp\/v2\/types\/post"}],"author":[{"embeddable":true,"href":"https:\/\/sgvaimudar.com.br\/index.php\/wp-json\/wp\/v2\/users\/5"}],"replies":[{"embeddable":true,"href":"https:\/\/sgvaimudar.com.br\/index.php\/wp-json\/wp\/v2\/comments?post=32066"}],"version-history":[{"count":1,"href":"https:\/\/sgvaimudar.com.br\/index.php\/wp-json\/wp\/v2\/posts\/32066\/revisions"}],"predecessor-version":[{"id":32069,"href":"https:\/\/sgvaimudar.com.br\/index.php\/wp-json\/wp\/v2\/posts\/32066\/revisions\/32069"}],"wp:featuredmedia":[{"embeddable":true,"href":"https:\/\/sgvaimudar.com.br\/index.php\/wp-json\/wp\/v2\/media\/32067"}],"wp:attachment":[{"href":"https:\/\/sgvaimudar.com.br\/index.php\/wp-json\/wp\/v2\/media?parent=32066"}],"wp:term":[{"taxonomy":"category","embeddable":true,"href":"https:\/\/sgvaimudar.com.br\/index.php\/wp-json\/wp\/v2\/categories?post=32066"},{"taxonomy":"post_tag","embeddable":true,"href":"https:\/\/sgvaimudar.com.br\/index.php\/wp-json\/wp\/v2\/tags?post=32066"}],"curies":[{"name":"wp","href":"https:\/\/api.w.org\/{rel}","templated":true}]}}