{"id":32061,"date":"2025-10-21T11:00:00","date_gmt":"2025-10-21T14:00:00","guid":{"rendered":"https:\/\/sgvaimudar.com.br\/?p=32061"},"modified":"2025-10-21T08:03:54","modified_gmt":"2025-10-21T11:03:54","slug":"atencao-moradores-do-mutondo-prefeitura-mantem-alteracao-no-transito-ate-a-proxima-quarta-22","status":"publish","type":"post","link":"https:\/\/sgvaimudar.com.br\/index.php\/2025\/10\/21\/atencao-moradores-do-mutondo-prefeitura-mantem-alteracao-no-transito-ate-a-proxima-quarta-22\/","title":{"rendered":"Aten\u00e7\u00e3o para as Obras do Muvi! moradores do Mutondo s\u00e3o avisados pela Prefeitura que vai manter altera\u00e7\u00e3o no tr\u00e2nsito at\u00e9 a pr\u00f3xima quarta 22"},"content":{"rendered":"\n<p><em>Interdi\u00e7\u00e3o de via est\u00e1 em vigor para andamento das obras do Muvi<\/em><\/p>\n\n\n\n<p>Os moradores do bairro Mutondo, no munic\u00edpio de S\u00e3o Gon\u00e7alo, que j\u00e1 convivem com tr\u00e2nsito intenso, foram avisados pela Secretaria de Transportes da Prefeitura de S\u00e3o Gon\u00e7alo sobre a amplia\u00e7\u00e3o do prazo para a finaliza\u00e7\u00e3o da interdi\u00e7\u00e3o na Travessa Carlos Cruz (Ponte Seca). <\/p>\n\n\n\n<p>A rua vai ficar fechada para a passagem de ve\u00edculos at\u00e9 a pr\u00f3xima quarta-feira (22). O bloqueio tem como objetivo dar prosseguimento \u00e0s obras do corredor vi\u00e1rio Mobilidade Urbana Verde Integrada (Muvi).<\/p>\n\n\n\n<p>Inicialmente, a interdi\u00e7\u00e3o na via, que come\u00e7ou na sexta-feira (17), seria conclu\u00edda neste domingo (19), mas precisou ser estendida at\u00e9 a pr\u00f3xima quarta-feira (22) por causa do mau tempo. Vale destacar que essa mudan\u00e7a \u00e9 tempor\u00e1ria, apenas para o prosseguimento das obras no local.<\/p>\n\n\n\n<p>Segundo a Prefeitura, para dar fluidez, o tr\u00e2nsito foi desviado da seguinte forma: o transporte coletivo de passageiros (especialmente nas linhas 11, 38, 55A, 55B, 400M, 401M, 409M, 5400M, 110D, 2110D, 4110D, 2423D, 423A e 428D) e os demais ve\u00edculos que normalmente trafegam pela referida via em dire\u00e7\u00e3o \u00e0 Trindade e Nova Cidade dever\u00e3o acessar a Avenida Domingos Damasceno Duarte, na altura do 7\u00ba BPM, prosseguindo em dire\u00e7\u00e3o \u00e0 Avenida Presidente Kennedy, seguindo a reta do Muvi. <\/p>\n\n\n\n<p>&#8220;A partir da\u00ed, eles poder\u00e3o retomar seus itiner\u00e1rios habituais por meio das Avenidas Jos\u00e9 Manna J\u00fanior, Pastor Waldemar Zarro e Rua Vicente de Lima Cleto&#8221;, explicou o Executivo gon\u00e7alense na nota.<\/p>\n\n\n\n<p><em>Foto: Julio Diniz<\/em><\/p>\n\n\n\n<p><em><strong>S\u00e3o Gon\u00e7alo vai mudar: Not\u00edcias de S\u00e3o Gon\u00e7alo e toda regi\u00e3o.<\/strong><\/em><\/p>\n\n\n\n<figure class=\"wp-block-image size-large\"><img decoding=\"async\" width=\"1024\" height=\"46\" src=\"https:\/\/sgvaimudar.com.br\/wp-content\/uploads\/2023\/08\/Anuncie-Aqui-Sao-Goncalo-vai-mudar-1024x46.png\" alt=\"\" class=\"wp-image-2740\" srcset=\"https:\/\/sgvaimudar.com.br\/wp-content\/uploads\/2023\/08\/Anuncie-Aqui-Sao-Goncalo-vai-mudar-1024x46.png 1024w, https:\/\/sgvaimudar.com.br\/wp-content\/uploads\/2023\/08\/Anuncie-Aqui-Sao-Goncalo-vai-mudar-300x13.png 300w, https:\/\/sgvaimudar.com.br\/wp-content\/uploads\/2023\/08\/Anuncie-Aqui-Sao-Goncalo-vai-mudar-768x35.png 768w, https:\/\/sgvaimudar.com.br\/wp-content\/uploads\/2023\/08\/Anuncie-Aqui-Sao-Goncalo-vai-mudar-1536x69.png 1536w, https:\/\/sgvaimudar.com.br\/wp-content\/uploads\/2023\/08\/Anuncie-Aqui-Sao-Goncalo-vai-mudar.png 2002w\" sizes=\"(max-width: 1024px) 100vw, 1024px\" \/><\/figure>\n","protected":false},"excerpt":{"rendered":"<p>Interdi\u00e7\u00e3o de via est\u00e1 em vigor para andamento das obras do Muvi Os moradores do bairro Mutondo, no munic\u00edpio de&hellip;<\/p>\n","protected":false},"author":5,"featured_media":32062,"comment_status":"closed","ping_status":"open","sticky":false,"template":"","format":"standard","meta":{"fifu_image_url":"","fifu_image_alt":"","footnotes":""},"categories":[3],"tags":[39,41,47,75],"class_list":["post-32061","post","type-post","status-publish","format-standard","has-post-thumbnail","hentry","category-sao-goncalo","tag-ataque","tag-conflito","tag-rj","tag-sao-goncalo"],"_links":{"self":[{"href":"https:\/\/sgvaimudar.com.br\/index.php\/wp-json\/wp\/v2\/posts\/32061","targetHints":{"allow":["GET"]}}],"collection":[{"href":"https:\/\/sgvaimudar.com.br\/index.php\/wp-json\/wp\/v2\/posts"}],"about":[{"href":"https:\/\/sgvaimudar.com.br\/index.php\/wp-json\/wp\/v2\/types\/post"}],"author":[{"embeddable":true,"href":"https:\/\/sgvaimudar.com.br\/index.php\/wp-json\/wp\/v2\/users\/5"}],"replies":[{"embeddable":true,"href":"https:\/\/sgvaimudar.com.br\/index.php\/wp-json\/wp\/v2\/comments?post=32061"}],"version-history":[{"count":2,"href":"https:\/\/sgvaimudar.com.br\/index.php\/wp-json\/wp\/v2\/posts\/32061\/revisions"}],"predecessor-version":[{"id":32065,"href":"https:\/\/sgvaimudar.com.br\/index.php\/wp-json\/wp\/v2\/posts\/32061\/revisions\/32065"}],"wp:featuredmedia":[{"embeddable":true,"href":"https:\/\/sgvaimudar.com.br\/index.php\/wp-json\/wp\/v2\/media\/32062"}],"wp:attachment":[{"href":"https:\/\/sgvaimudar.com.br\/index.php\/wp-json\/wp\/v2\/media?parent=32061"}],"wp:term":[{"taxonomy":"category","embeddable":true,"href":"https:\/\/sgvaimudar.com.br\/index.php\/wp-json\/wp\/v2\/categories?post=32061"},{"taxonomy":"post_tag","embeddable":true,"href":"https:\/\/sgvaimudar.com.br\/index.php\/wp-json\/wp\/v2\/tags?post=32061"}],"curies":[{"name":"wp","href":"https:\/\/api.w.org\/{rel}","templated":true}]}}