{"id":32029,"date":"2025-10-20T08:54:21","date_gmt":"2025-10-20T11:54:21","guid":{"rendered":"https:\/\/sgvaimudar.com.br\/?p=32029"},"modified":"2025-10-20T08:54:21","modified_gmt":"2025-10-20T11:54:21","slug":"populacao-goncalense-vai-ganhar-atendimento-da-carreta-do-mamografo-movel-do-estado","status":"publish","type":"post","link":"https:\/\/sgvaimudar.com.br\/index.php\/2025\/10\/20\/populacao-goncalense-vai-ganhar-atendimento-da-carreta-do-mamografo-movel-do-estado\/","title":{"rendered":"Popula\u00e7\u00e3o gon\u00e7alense vai ganhar atendimento da carreta do mam\u00f3grafo m\u00f3vel do Estado"},"content":{"rendered":"\n<p><em>Atendimento para pacientes na fila da Regula\u00e7\u00e3o acontece na Pra\u00e7a do Z\u00e9 Garoto\u00a0\u00a0\u00a0<\/em><\/p>\n\n\n\n<p>Uma parceria entre a Prefeitura de S\u00e3o Gon\u00e7alo e o Governo do Estado vai trazer a carreta do mam\u00f3grafo m\u00f3vel para a cidade a partir desta segunda-feira (20). A carreta vai ficar estacionada na Pra\u00e7a do Z\u00e9 Garoto at\u00e9 s\u00e1bado (25), realizando mais de 500 exames de mamografia e ultrassonografias, das 8h \u00e0s 16h. A a\u00e7\u00e3o faz parte das a\u00e7\u00f5es da Campanha Outubro Rosa na cidade, que ainda vai levar vacina\u00e7\u00e3o e aferi\u00e7\u00e3o de glicose e de press\u00e3o arterial para a pra\u00e7a.&nbsp;<\/p>\n\n\n\n<p>A carreta vai atender as pacientes que j\u00e1 t\u00eam encaminhamento do Sistema \u00danico de Sa\u00fade (SUS) para os exames oferecidos e aguardam na fila da Central de Regula\u00e7\u00e3o da Secretaria Municipal de Sa\u00fade e Defesa Civil de S\u00e3o Gon\u00e7alo. Elas ser\u00e3o agendadas atrav\u00e9s da Central de Regula\u00e7\u00e3o para a realiza\u00e7\u00e3o de mamografia e ultrassonografias transvaginal, p\u00e9lvica e de mamas. A vacina\u00e7\u00e3o contra a gripe e covid-19 e a aferi\u00e7\u00e3o de press\u00e3o arterial e de glicose ter\u00e3o livre demanda.&nbsp;<\/p>\n\n\n\n<p>As gon\u00e7alenses que est\u00e3o aguardando a realiza\u00e7\u00e3o destes exames devem ficar atentas e atender ao n\u00famero de telefone (21) 3195-5198 para n\u00e3o perderem a marca\u00e7\u00e3o. Caso n\u00e3o atenda a liga\u00e7\u00e3o, n\u00e3o h\u00e1 como retornar. Os agendamentos foram iniciados na \u00faltima semana e devem continuar no in\u00edcio desta semana.&nbsp;&nbsp;<\/p>\n\n\n\n<p>A carreta \u00e9 uma unidade itinerante da Secretaria de Estado de Sa\u00fade (SES), que visita as cidades para a realiza\u00e7\u00e3o dos exames, visando apoiar os munic\u00edpios no diagn\u00f3stico precoce do c\u00e2ncer de mama, tipo mais comum entre mulheres no Brasil, e de outras doen\u00e7as que atingem a popula\u00e7\u00e3o feminina.&nbsp;<\/p>\n\n\n\n<p>\u201cA chegada da carreta \u00e9 um refor\u00e7o fundamental para ampliar a oferta de exames preventivos, principalmente no Outubro Rosa. Com ela, conseguimos facilitar o acesso das mulheres aos exames de mamografia, ultrassonografia de mama, p\u00e9lvica e transvaginal, que s\u00e3o essenciais para o diagn\u00f3stico precoce e acompanhamento da sa\u00fade feminina. Nosso objetivo \u00e9 garantir mais agilidade e acolhimento no atendimento, reduzindo filas e salvando vidas atrav\u00e9s da preven\u00e7\u00e3o\u201d, disse a subsecret\u00e1ria de Regula\u00e7\u00e3o, Amanda Corr\u00eaa.&nbsp;<\/p>\n\n\n\n<p>Os resultados de ultrassom ser\u00e3o disponibilizados imediatamente ap\u00f3s os exames. J\u00e1 os laudos das mamografias ser\u00e3o entregues na sede da Secretaria, no G2 do S\u00e3o Gon\u00e7alo Shopping, no Boa Vista.&nbsp;&nbsp;<\/p>\n\n\n\n<p>Para a realiza\u00e7\u00e3o do exame, as pacientes agendadas pela Central de Regula\u00e7\u00e3o devem levar um documento oficial de identidade, o pedido m\u00e9dico do Sistema \u00danico de Sa\u00fade (SUS), CPF, cart\u00e3o do SUS e comprovante de resid\u00eancia (todos com c\u00f3pia).<\/p>\n\n\n\n<p><em>Foto: Fabio Guimar\u00e3es<\/em><\/p>\n\n\n\n<p><em><strong>S\u00e3o Gon\u00e7alo vai mudar: Not\u00edcias de S\u00e3o Gon\u00e7alo e toda regi\u00e3o.<\/strong><\/em><\/p>\n\n\n\n<figure class=\"wp-block-image size-large\"><img decoding=\"async\" width=\"1024\" height=\"46\" src=\"https:\/\/sgvaimudar.com.br\/wp-content\/uploads\/2023\/08\/Anuncie-Aqui-Sao-Goncalo-vai-mudar-1024x46.png\" alt=\"\" class=\"wp-image-2740\" srcset=\"https:\/\/sgvaimudar.com.br\/wp-content\/uploads\/2023\/08\/Anuncie-Aqui-Sao-Goncalo-vai-mudar-1024x46.png 1024w, https:\/\/sgvaimudar.com.br\/wp-content\/uploads\/2023\/08\/Anuncie-Aqui-Sao-Goncalo-vai-mudar-300x13.png 300w, https:\/\/sgvaimudar.com.br\/wp-content\/uploads\/2023\/08\/Anuncie-Aqui-Sao-Goncalo-vai-mudar-768x35.png 768w, https:\/\/sgvaimudar.com.br\/wp-content\/uploads\/2023\/08\/Anuncie-Aqui-Sao-Goncalo-vai-mudar-1536x69.png 1536w, https:\/\/sgvaimudar.com.br\/wp-content\/uploads\/2023\/08\/Anuncie-Aqui-Sao-Goncalo-vai-mudar.png 2002w\" sizes=\"(max-width: 1024px) 100vw, 1024px\" \/><\/figure>\n","protected":false},"excerpt":{"rendered":"<p>Atendimento para pacientes na fila da Regula\u00e7\u00e3o acontece na Pra\u00e7a do Z\u00e9 Garoto\u00a0\u00a0\u00a0 Uma parceria entre a Prefeitura de S\u00e3o&hellip;<\/p>\n","protected":false},"author":5,"featured_media":32030,"comment_status":"closed","ping_status":"open","sticky":false,"template":"","format":"standard","meta":{"fifu_image_url":"","fifu_image_alt":"","footnotes":""},"categories":[7],"tags":[47,75],"class_list":["post-32029","post","type-post","status-publish","format-standard","has-post-thumbnail","hentry","category-saude","tag-rj","tag-sao-goncalo"],"_links":{"self":[{"href":"https:\/\/sgvaimudar.com.br\/index.php\/wp-json\/wp\/v2\/posts\/32029","targetHints":{"allow":["GET"]}}],"collection":[{"href":"https:\/\/sgvaimudar.com.br\/index.php\/wp-json\/wp\/v2\/posts"}],"about":[{"href":"https:\/\/sgvaimudar.com.br\/index.php\/wp-json\/wp\/v2\/types\/post"}],"author":[{"embeddable":true,"href":"https:\/\/sgvaimudar.com.br\/index.php\/wp-json\/wp\/v2\/users\/5"}],"replies":[{"embeddable":true,"href":"https:\/\/sgvaimudar.com.br\/index.php\/wp-json\/wp\/v2\/comments?post=32029"}],"version-history":[{"count":1,"href":"https:\/\/sgvaimudar.com.br\/index.php\/wp-json\/wp\/v2\/posts\/32029\/revisions"}],"predecessor-version":[{"id":32031,"href":"https:\/\/sgvaimudar.com.br\/index.php\/wp-json\/wp\/v2\/posts\/32029\/revisions\/32031"}],"wp:featuredmedia":[{"embeddable":true,"href":"https:\/\/sgvaimudar.com.br\/index.php\/wp-json\/wp\/v2\/media\/32030"}],"wp:attachment":[{"href":"https:\/\/sgvaimudar.com.br\/index.php\/wp-json\/wp\/v2\/media?parent=32029"}],"wp:term":[{"taxonomy":"category","embeddable":true,"href":"https:\/\/sgvaimudar.com.br\/index.php\/wp-json\/wp\/v2\/categories?post=32029"},{"taxonomy":"post_tag","embeddable":true,"href":"https:\/\/sgvaimudar.com.br\/index.php\/wp-json\/wp\/v2\/tags?post=32029"}],"curies":[{"name":"wp","href":"https:\/\/api.w.org\/{rel}","templated":true}]}}