{"id":32014,"date":"2025-10-19T09:00:00","date_gmt":"2025-10-19T12:00:00","guid":{"rendered":"https:\/\/sgvaimudar.com.br\/?p=32014"},"modified":"2025-10-19T05:26:08","modified_gmt":"2025-10-19T08:26:08","slug":"prefeito-de-sao-goncalo-capitao-nelson-participa-de-manha-de-atividades-promovida-pelo-espaco-rosa","status":"publish","type":"post","link":"https:\/\/sgvaimudar.com.br\/index.php\/2025\/10\/19\/prefeito-de-sao-goncalo-capitao-nelson-participa-de-manha-de-atividades-promovida-pelo-espaco-rosa\/","title":{"rendered":"Prefeito de S\u00e3o Gon\u00e7alo Capit\u00e3o Nelson participa de manh\u00e3 de atividades promovida pelo Espa\u00e7o Rosa"},"content":{"rendered":"\n<p>U<em>nidade reuniu pacientes para orienta\u00e7\u00f5es sobre o c\u00e2ncer de mama e de colo do \u00fatero<\/em><\/p>\n\n\n\n<p>A Secretaria de Sa\u00fade da Prefeitura de S\u00e3o Gon\u00e7alo preparou um m\u00eas de outubro com foco total no Outubro Rosa, iniciativa mundial de conscientiza\u00e7\u00e3o sobre o c\u00e2ncer de mama e do colo do \u00fatero. Est\u00e3o sendo realizados diversos eventos nas mais distintas unidades de sa\u00fade por toda a cidade. <\/p>\n\n\n\n<p>Neste s\u00e1bado (18), isso n\u00e3o foi diferente. A recep\u00e7\u00e3o do Espa\u00e7o Rosa, no Z\u00e9 Garoto, foi o palco de uma palestra ministrada pelo m\u00e9dico mastologista Jo\u00e3o Cl\u00e1udio Caetano, com foco na import\u00e2ncia da preven\u00e7\u00e3o e no diagn\u00f3stico do c\u00e2ncer de mama.<\/p>\n\n\n\n<figure class=\"wp-block-image size-full\"><img fetchpriority=\"high\" decoding=\"async\" width=\"1024\" height=\"681\" src=\"https:\/\/sgvaimudar.com.br\/wp-content\/uploads\/2025\/10\/unnamed-34-1.jpg\" alt=\"\" class=\"wp-image-32016\" srcset=\"https:\/\/sgvaimudar.com.br\/wp-content\/uploads\/2025\/10\/unnamed-34-1.jpg 1024w, https:\/\/sgvaimudar.com.br\/wp-content\/uploads\/2025\/10\/unnamed-34-1-300x200.jpg 300w, https:\/\/sgvaimudar.com.br\/wp-content\/uploads\/2025\/10\/unnamed-34-1-768x511.jpg 768w\" sizes=\"(max-width: 1024px) 100vw, 1024px\" \/><\/figure>\n\n\n\n<p>Dezenas de mulheres ouviram sobre como se prevenir da doen\u00e7a, sobre o autoexame, a import\u00e2ncia do cuidado consigo mesma e outros t\u00f3picos. Al\u00e9m disso, foram realizadas din\u00e2micas em grupo. A enfermeira e coordenadora do N\u00facleo de Educa\u00e7\u00e3o Permanente em Sa\u00fade (Neps), Vanessa Peres, em parceria com a Universidade Anhanguera, realizou uma din\u00e2mica na qual foram exibidas pr\u00f3teses de mamas para que as mulheres pudessem apalpar e entender qual delas estavam com n\u00f3dulos e quais n\u00e3o.<\/p>\n\n\n\n<p> Tamb\u00e9m foi distribu\u00eddo um material informativo sobre o c\u00e2ncer de mama, dentre outros servi\u00e7os, como aferi\u00e7\u00e3o de press\u00e3o e auriculoterapia.<\/p>\n\n\n\n<figure class=\"wp-block-image size-large\"><img decoding=\"async\" width=\"1024\" height=\"768\" src=\"https:\/\/sgvaimudar.com.br\/wp-content\/uploads\/2025\/10\/unnamed-33-1-1024x768.jpg\" alt=\"\" class=\"wp-image-32017\" srcset=\"https:\/\/sgvaimudar.com.br\/wp-content\/uploads\/2025\/10\/unnamed-33-1-1024x768.jpg 1024w, https:\/\/sgvaimudar.com.br\/wp-content\/uploads\/2025\/10\/unnamed-33-1-300x225.jpg 300w, https:\/\/sgvaimudar.com.br\/wp-content\/uploads\/2025\/10\/unnamed-33-1-768x576.jpg 768w, https:\/\/sgvaimudar.com.br\/wp-content\/uploads\/2025\/10\/unnamed-33-1-1536x1152.jpg 1536w, https:\/\/sgvaimudar.com.br\/wp-content\/uploads\/2025\/10\/unnamed-33-1-2048x1536.jpg 2048w\" sizes=\"(max-width: 1024px) 100vw, 1024px\" \/><\/figure>\n\n\n\n<p>O prefeito Capit\u00e3o Nelson esteve na unidade, ao lado do secret\u00e1rio de Estado das Cidades, deputado estadual licenciado Douglas Ruas, e prestigiou o evento.<\/p>\n\n\n\n<p>&#8220;A\u00e7\u00f5es como essa s\u00e3o muito importantes na sa\u00fade da nossa cidade. O Outubro Rosa conscientiza as mulheres sobre o autocuidado. Sabemos que a rotina \u00e9 dif\u00edcil e o quanto as mulheres d\u00e3o conta de tudo, incluindo filhos, casa e marido, mas \u00e9 importante que elas n\u00e3o esque\u00e7am sua pr\u00f3pria sa\u00fade, n\u00e3o se deixem de lado e se cuidem. O Espa\u00e7o Rosa \u00e9 um equipamento que muito me orgulha e ver uma palestra com tanto cuidado, feita por profissionais que acolhem tantas mulheres nessa luta, \u00e9 muito gratificante&#8221;, afirmou.<\/p>\n\n\n\n<p>&#8220;O Outubro Rosa tem como foco chamar a aten\u00e7\u00e3o da popula\u00e7\u00e3o para a import\u00e2ncia da preven\u00e7\u00e3o, tentando alcan\u00e7ar o maior n\u00famero de pessoas. Hoje, realizamos essa palestra para que as pacientes entendam como se cuidar, onde devem ir caso achem algum n\u00f3dulo nos seios e outros sintomas do c\u00e2ncer de mama. A preven\u00e7\u00e3o \u00e9 sempre muito importante porque pode evitar maiores complica\u00e7\u00f5es e ela deve ser realizada durante todo o ano. Aqui em S\u00e3o Gon\u00e7alo, estamos sempre buscando levar para a popula\u00e7\u00e3o a import\u00e2ncia de se cuidar. Temos in\u00fameros pontos de cuidado, incluindo o Espa\u00e7o Rosa. Todos os nossos profissionais atendem os pacientes com todo cuidado, acolhimento e orienta\u00e7\u00e3o necess\u00e1ria, de forma humanizada, da melhor forma poss\u00edvel&#8221;, destacou o secret\u00e1rio municipal de Sa\u00fade, Gabriel Mello.<\/p>\n\n\n\n<figure class=\"wp-block-image size-large\"><img decoding=\"async\" width=\"1024\" height=\"768\" src=\"https:\/\/sgvaimudar.com.br\/wp-content\/uploads\/2025\/10\/unnamed-32-1-1024x768.jpg\" alt=\"\" class=\"wp-image-32018\" srcset=\"https:\/\/sgvaimudar.com.br\/wp-content\/uploads\/2025\/10\/unnamed-32-1-1024x768.jpg 1024w, https:\/\/sgvaimudar.com.br\/wp-content\/uploads\/2025\/10\/unnamed-32-1-300x225.jpg 300w, https:\/\/sgvaimudar.com.br\/wp-content\/uploads\/2025\/10\/unnamed-32-1-768x576.jpg 768w, https:\/\/sgvaimudar.com.br\/wp-content\/uploads\/2025\/10\/unnamed-32-1-1536x1152.jpg 1536w, https:\/\/sgvaimudar.com.br\/wp-content\/uploads\/2025\/10\/unnamed-32-1-2048x1536.jpg 2048w\" sizes=\"(max-width: 1024px) 100vw, 1024px\" \/><\/figure>\n\n\n\n<p>Uma das pessoas que assistiu a palestra foi Camila Rodrigues, de 36 anos. Ela tamb\u00e9m realizou sua primeira consulta no Espa\u00e7o Rosa neste s\u00e1bado.<\/p>\n\n\n\n<p>&#8220;Foi minha primeira consulta, fiz uma ultrassonografia de mama. Foi muito bom o atendimento, me senti acolhida! Eu assisti a palestra e descobri muita coisas, como que fumantes podem ter a imunidade mais baixa. Sou fumante e j\u00e1 vou ficar mais atenta nos exames! J\u00e1 liguei pro meu marido e orientei ele tamb\u00e9m. Temos que sempre prestar aten\u00e7\u00e3o na nossa sa\u00fade&#8221;, disse Camila.<\/p>\n\n\n\n<p><strong>Programa\u00e7\u00e3o Outubro Rosa<\/strong><\/p>\n\n\n\n<p>Durante todo o m\u00eas de outubro, as unidades de sa\u00fade de S\u00e3o Gon\u00e7alo est\u00e3o mobilizadas para realizarem palestras nas salas de espera. A Secretaria de Sa\u00fade da Prefeitura de S\u00e3o Gon\u00e7alo aposta na estrat\u00e9gia de levar informa\u00e7\u00e3o direta \u00e0 popula\u00e7\u00e3o sobre a preven\u00e7\u00e3o e o autocuidado nas salas de espera.<\/p>\n\n\n\n<p>No dia 25 deste m\u00eas, ser\u00e1 realizada uma caminhada em alus\u00e3o \u00e0 Campanha Outubro Rosa com concentra\u00e7\u00e3o, a partir das 8h, em frente ao pr\u00e9dio do INSS, no Centro. Para a caminhada, todos os gon\u00e7alenses est\u00e3o convidados para participar usando roupas e acess\u00f3rios na cor rosa sem necessidade de inscri\u00e7\u00e3o. A sa\u00edda da caminhada est\u00e1 prevista para \u00e0s 9h e vai seguir at\u00e9 a Pra\u00e7a Dr. Luiz Palmier.<\/p>\n\n\n\n<p><strong><em>#sgvaimudar<\/em><\/strong><\/p>\n\n\n\n<figure class=\"wp-block-image size-large\"><img loading=\"lazy\" decoding=\"async\" width=\"1024\" height=\"46\" src=\"https:\/\/sgvaimudar.com.br\/wp-content\/uploads\/2023\/08\/Anuncie-Aqui-Sao-Goncalo-vai-mudar-1024x46.png\" alt=\"\" class=\"wp-image-2740\" srcset=\"https:\/\/sgvaimudar.com.br\/wp-content\/uploads\/2023\/08\/Anuncie-Aqui-Sao-Goncalo-vai-mudar-1024x46.png 1024w, https:\/\/sgvaimudar.com.br\/wp-content\/uploads\/2023\/08\/Anuncie-Aqui-Sao-Goncalo-vai-mudar-300x13.png 300w, https:\/\/sgvaimudar.com.br\/wp-content\/uploads\/2023\/08\/Anuncie-Aqui-Sao-Goncalo-vai-mudar-768x35.png 768w, https:\/\/sgvaimudar.com.br\/wp-content\/uploads\/2023\/08\/Anuncie-Aqui-Sao-Goncalo-vai-mudar-1536x69.png 1536w, https:\/\/sgvaimudar.com.br\/wp-content\/uploads\/2023\/08\/Anuncie-Aqui-Sao-Goncalo-vai-mudar.png 2002w\" sizes=\"(max-width: 1024px) 100vw, 1024px\" \/><\/figure>\n","protected":false},"excerpt":{"rendered":"<p>Unidade reuniu pacientes para orienta\u00e7\u00f5es sobre o c\u00e2ncer de mama e de colo do \u00fatero A Secretaria de Sa\u00fade da&hellip;<\/p>\n","protected":false},"author":5,"featured_media":32015,"comment_status":"closed","ping_status":"open","sticky":false,"template":"","format":"standard","meta":{"fifu_image_url":"","fifu_image_alt":"","footnotes":""},"categories":[7],"tags":[47,75],"class_list":["post-32014","post","type-post","status-publish","format-standard","has-post-thumbnail","hentry","category-saude","tag-rj","tag-sao-goncalo"],"_links":{"self":[{"href":"https:\/\/sgvaimudar.com.br\/index.php\/wp-json\/wp\/v2\/posts\/32014","targetHints":{"allow":["GET"]}}],"collection":[{"href":"https:\/\/sgvaimudar.com.br\/index.php\/wp-json\/wp\/v2\/posts"}],"about":[{"href":"https:\/\/sgvaimudar.com.br\/index.php\/wp-json\/wp\/v2\/types\/post"}],"author":[{"embeddable":true,"href":"https:\/\/sgvaimudar.com.br\/index.php\/wp-json\/wp\/v2\/users\/5"}],"replies":[{"embeddable":true,"href":"https:\/\/sgvaimudar.com.br\/index.php\/wp-json\/wp\/v2\/comments?post=32014"}],"version-history":[{"count":1,"href":"https:\/\/sgvaimudar.com.br\/index.php\/wp-json\/wp\/v2\/posts\/32014\/revisions"}],"predecessor-version":[{"id":32019,"href":"https:\/\/sgvaimudar.com.br\/index.php\/wp-json\/wp\/v2\/posts\/32014\/revisions\/32019"}],"wp:featuredmedia":[{"embeddable":true,"href":"https:\/\/sgvaimudar.com.br\/index.php\/wp-json\/wp\/v2\/media\/32015"}],"wp:attachment":[{"href":"https:\/\/sgvaimudar.com.br\/index.php\/wp-json\/wp\/v2\/media?parent=32014"}],"wp:term":[{"taxonomy":"category","embeddable":true,"href":"https:\/\/sgvaimudar.com.br\/index.php\/wp-json\/wp\/v2\/categories?post=32014"},{"taxonomy":"post_tag","embeddable":true,"href":"https:\/\/sgvaimudar.com.br\/index.php\/wp-json\/wp\/v2\/tags?post=32014"}],"curies":[{"name":"wp","href":"https:\/\/api.w.org\/{rel}","templated":true}]}}