{"id":32010,"date":"2025-10-19T08:00:00","date_gmt":"2025-10-19T11:00:00","guid":{"rendered":"https:\/\/sgvaimudar.com.br\/?p=32010"},"modified":"2025-10-19T05:18:40","modified_gmt":"2025-10-19T08:18:40","slug":"goncalenses-participam-do-dia-d-de-mobilizacao-para-a-multivacinacao-neste-sabado-18","status":"publish","type":"post","link":"https:\/\/sgvaimudar.com.br\/index.php\/2025\/10\/19\/goncalenses-participam-do-dia-d-de-mobilizacao-para-a-multivacinacao-neste-sabado-18\/","title":{"rendered":"Gon\u00e7alenses participam do Dia D de Mobiliza\u00e7\u00e3o para a Multivacina\u00e7\u00e3o neste s\u00e1bado (18)"},"content":{"rendered":"\n<p><em>Sessenta e quatro unidades de sa\u00fade atualizaram cadernetas de vacina\u00e7\u00e3o<\/em><\/p>\n\n\n\n<p>Os gon\u00e7alenses de toda a cidade aproveitaram este s\u00e1bado (18) para focar em seu bem-estar e colocar em dia suas cadernetas de vacina\u00e7\u00e3o no Dia D de Mobiliza\u00e7\u00e3o para a Multivacina\u00e7\u00e3o. Mais de 60 unidades de sa\u00fade abriram as portas para garantir o atendimento. O foco da a\u00e7\u00e3o foram as crian\u00e7as de 0 a 14 anos, 11 meses e 29 dias.<\/p>\n\n\n\n<p>Foram disponibilizadas as vacinas dos calend\u00e1rios de vacina\u00e7\u00e3o da crian\u00e7a e do adolescente: BCG, Hepatite B, Pentavalente, P\u00f3lio Inativa, Rotav\u00edrus, Pneumoc\u00f3cica 10 valente, Meningoc\u00f3cica C, Febre Amarela, Tr\u00edplice Viral (Sarampo, caxumba e rub\u00e9ola), varicela, DTP, Hepatite A, Varicela, Meningoc\u00f3cica ACWY, HPV, Influenza, Covid-19, DTP e Hepatite A.<\/p>\n\n\n\n<figure class=\"wp-block-image size-full\"><img fetchpriority=\"high\" decoding=\"async\" width=\"1024\" height=\"681\" src=\"https:\/\/sgvaimudar.com.br\/wp-content\/uploads\/2025\/10\/unnamed-30-1.jpg\" alt=\"\" class=\"wp-image-32011\" srcset=\"https:\/\/sgvaimudar.com.br\/wp-content\/uploads\/2025\/10\/unnamed-30-1.jpg 1024w, https:\/\/sgvaimudar.com.br\/wp-content\/uploads\/2025\/10\/unnamed-30-1-300x200.jpg 300w, https:\/\/sgvaimudar.com.br\/wp-content\/uploads\/2025\/10\/unnamed-30-1-768x511.jpg 768w\" sizes=\"(max-width: 1024px) 100vw, 1024px\" \/><\/figure>\n\n\n\n<p>A advogada Raquelane Duarte, de 34 anos, foi uma das gon\u00e7alenses que atualizou a caderneta de vacina\u00e7\u00e3o de sua filha, a pequena Manuela, de 8 anos, neste s\u00e1bado. Ele esteve no Polo Sanit\u00e1rio Washington Luiz Lopes, Z\u00e9 Garoto, e aproveitou tamb\u00e9m para se vacinar.<\/p>\n\n\n\n<p>&#8220;Eu soube da campanha no site da Prefeitura e resolvi vir aqui! Foi \u00f3timo, r\u00e1pido e bem organizado. Eu e minha filha nos vacinamos, eu tomei a antitet\u00e2nica e a vacina contra a gripe, ela tomou contra a gripe e, assim, atualizamos nossas cadernetas. A vacina\u00e7\u00e3o \u00e9 extremamente importante! Eu recomendo para todos. O pai dela tamb\u00e9m j\u00e1 se vacinou hoje, ent\u00e3o, a fam\u00edlia est\u00e1 toda imunizada&#8221;, disse a moradora do Centro.<\/p>\n\n\n\n<p>Clarice Slama, de 49 anos, levou sua neta Esther, de 1 ano e 4 meses, para se vacinar. A pequena tomou a vacina da gripe, da febre amarela, da hepatite e a tr\u00edplice viral.<\/p>\n\n\n\n<p>&#8220;Foi muito rapidinho! Essas campanhas s\u00e3o extremamente importantes. Eu soube que ia ter pela televis\u00e3o e hoje estamos aqui. O atendimento foi excelente!&#8221;, destacou.<\/p>\n\n\n\n<p>Arthur Lu\u00edz de Lemos, de 11 anos, tamb\u00e9m se vacinou. Ele tomou quatro imunizantes: HPV, gripe, dengue e a Meningoc\u00f3cica ACWY. E ele n\u00e3o foi sozinho, ele estava em companhia dos irm\u00e3os: um de 13 anos e outro de 22 anos.<\/p>\n\n\n\n<p>&#8220;Foi rapidinho! Doeu bem pouco e agora estamos todos n\u00f3s protegidos! Foi \u00f3timo e eu recomendo. Soubemos da campanha pela minha m\u00e3e, que viu nas redes sociais e recomendou que vi\u00e9ssemos&#8221;, disse o morador do bairro Z\u00e9 Garoto.<\/p>\n\n\n\n<p><strong>Para al\u00e9m da vacina\u00e7\u00e3o<\/strong>&nbsp;&#8211; Al\u00e9m da atualiza\u00e7\u00e3o das cadernetas de vacina\u00e7\u00e3o, os gon\u00e7alenses que quisessem tamb\u00e9m podiam realizar, nas mesmas unidades de sa\u00fade da vacina\u00e7\u00e3o, a testagem r\u00e1pida da s\u00edfilis. Este \u00e9 o terceiro s\u00e1bado do m\u00eas, quando \u00e9 lembrado o Dia Nacional de Combate \u00e0 S\u00edfilis e \u00e0 S\u00edfilis Cong\u00eanita. A data visa mobilizar o maior n\u00famero de pessoas para enfatizar a import\u00e2ncia do diagn\u00f3stico e do tratamento adequado da s\u00edfilis na gestante durante o pr\u00e9-natal e da s\u00edfilis em ambos os sexos, j\u00e1 que \u00e9 uma Infec\u00e7\u00e3o Sexualmente Transmiss\u00edvel (IST).<\/p>\n\n\n\n<p><em>Fotos: Julio Diniz<\/em><\/p>\n\n\n\n<p><strong><em>#SGVAIMUDAR<\/em><\/strong><\/p>\n\n\n\n<figure class=\"wp-block-image size-large\"><img decoding=\"async\" width=\"1024\" height=\"46\" src=\"https:\/\/sgvaimudar.com.br\/wp-content\/uploads\/2023\/08\/Anuncie-Aqui-Sao-Goncalo-vai-mudar-1024x46.png\" alt=\"\" class=\"wp-image-2740\" srcset=\"https:\/\/sgvaimudar.com.br\/wp-content\/uploads\/2023\/08\/Anuncie-Aqui-Sao-Goncalo-vai-mudar-1024x46.png 1024w, https:\/\/sgvaimudar.com.br\/wp-content\/uploads\/2023\/08\/Anuncie-Aqui-Sao-Goncalo-vai-mudar-300x13.png 300w, https:\/\/sgvaimudar.com.br\/wp-content\/uploads\/2023\/08\/Anuncie-Aqui-Sao-Goncalo-vai-mudar-768x35.png 768w, https:\/\/sgvaimudar.com.br\/wp-content\/uploads\/2023\/08\/Anuncie-Aqui-Sao-Goncalo-vai-mudar-1536x69.png 1536w, https:\/\/sgvaimudar.com.br\/wp-content\/uploads\/2023\/08\/Anuncie-Aqui-Sao-Goncalo-vai-mudar.png 2002w\" sizes=\"(max-width: 1024px) 100vw, 1024px\" \/><\/figure>\n","protected":false},"excerpt":{"rendered":"<p>Sessenta e quatro unidades de sa\u00fade atualizaram cadernetas de vacina\u00e7\u00e3o Os gon\u00e7alenses de toda a cidade aproveitaram este s\u00e1bado (18)&hellip;<\/p>\n","protected":false},"author":5,"featured_media":32012,"comment_status":"closed","ping_status":"open","sticky":false,"template":"","format":"standard","meta":{"fifu_image_url":"","fifu_image_alt":"","footnotes":""},"categories":[7],"tags":[47,75],"class_list":["post-32010","post","type-post","status-publish","format-standard","has-post-thumbnail","hentry","category-saude","tag-rj","tag-sao-goncalo"],"_links":{"self":[{"href":"https:\/\/sgvaimudar.com.br\/index.php\/wp-json\/wp\/v2\/posts\/32010","targetHints":{"allow":["GET"]}}],"collection":[{"href":"https:\/\/sgvaimudar.com.br\/index.php\/wp-json\/wp\/v2\/posts"}],"about":[{"href":"https:\/\/sgvaimudar.com.br\/index.php\/wp-json\/wp\/v2\/types\/post"}],"author":[{"embeddable":true,"href":"https:\/\/sgvaimudar.com.br\/index.php\/wp-json\/wp\/v2\/users\/5"}],"replies":[{"embeddable":true,"href":"https:\/\/sgvaimudar.com.br\/index.php\/wp-json\/wp\/v2\/comments?post=32010"}],"version-history":[{"count":1,"href":"https:\/\/sgvaimudar.com.br\/index.php\/wp-json\/wp\/v2\/posts\/32010\/revisions"}],"predecessor-version":[{"id":32013,"href":"https:\/\/sgvaimudar.com.br\/index.php\/wp-json\/wp\/v2\/posts\/32010\/revisions\/32013"}],"wp:featuredmedia":[{"embeddable":true,"href":"https:\/\/sgvaimudar.com.br\/index.php\/wp-json\/wp\/v2\/media\/32012"}],"wp:attachment":[{"href":"https:\/\/sgvaimudar.com.br\/index.php\/wp-json\/wp\/v2\/media?parent=32010"}],"wp:term":[{"taxonomy":"category","embeddable":true,"href":"https:\/\/sgvaimudar.com.br\/index.php\/wp-json\/wp\/v2\/categories?post=32010"},{"taxonomy":"post_tag","embeddable":true,"href":"https:\/\/sgvaimudar.com.br\/index.php\/wp-json\/wp\/v2\/tags?post=32010"}],"curies":[{"name":"wp","href":"https:\/\/api.w.org\/{rel}","templated":true}]}}