{"id":3201,"date":"2023-09-14T11:13:36","date_gmt":"2023-09-14T14:13:36","guid":{"rendered":"https:\/\/sgvaimudar.com.br\/?p=3201"},"modified":"2023-09-14T11:17:54","modified_gmt":"2023-09-14T14:17:54","slug":"ex-pm-condenado-pela-morte-da-juiza-patricia-acioli-e-autorizado-a-estudar-na-uff","status":"publish","type":"post","link":"https:\/\/sgvaimudar.com.br\/index.php\/2023\/09\/14\/ex-pm-condenado-pela-morte-da-juiza-patricia-acioli-e-autorizado-a-estudar-na-uff\/","title":{"rendered":"Ex-PM condenado pela morte da ju\u00edza Patr\u00edcia Acioli \u00e9 autorizado a estudar na UFF"},"content":{"rendered":"\n<p>O ex-policial militar Cl\u00e1udio Luiz Silva de Oliveira, condenado pela morte da ju\u00edza Patr\u00edcia Acioli, recebeu uma autoriza\u00e7\u00e3o da Justi\u00e7a do Rio para frequentar as aulas do curso de gradua\u00e7\u00e3o em Ci\u00eancias Sociais na Universidade Federal Fluminense (UFF), em Niter\u00f3i.<\/p>\n\n\n\n<p>De acordo com a decis\u00e3o da Vara de Execu\u00e7\u00f5es Penais do Tribunal de Justi\u00e7a, expedida pelo juiz Marcel Laguna Duque Estrada, o ex-policial \u201costenta comportamento carcer\u00e1rio satisfat\u00f3rio, al\u00e9m de preencher os requisitos objetivos e subjetivos para a concess\u00e3o dos benef\u00edcios requeridos\u201d.<\/p>\n\n\n\n<p>Condenado a 34 anos e seis meses de pris\u00e3o, Cl\u00e1udio Luiz cumpre pena no Complexo Penitenci\u00e1rio de Gericin\u00f3, em Bangu, na Zona Oeste do Rio, em regime semiaberto, pelos crimes de homic\u00eddio qualificado e associa\u00e7\u00e3o criminosa. Ele deve sair da unidade duas horas antes do in\u00edcio das aulas e retornar em at\u00e9 duas horas ap\u00f3s o t\u00e9rmino.<\/p>\n\n\n\n<p>O ex-PM est\u00e1 inscrito nas disciplinas \u201cAntropologia I\u201d, \u201cSaber e Diversidade Cultural\u201d, \u201cSociologia I\u201d, \u201cIntrodu\u00e7\u00e3o \u00e0 Metodologia das Ci\u00eancias Sociais\u201d e \u201cPol\u00edtica I\u201d.<\/p>\n\n\n\n<p>Ele foi apontado como o mandante da morte da ju\u00edza Patr\u00edcia Acioli em Niter\u00f3i, em 2011.<\/p>\n\n\n\n<p>Demiss\u00e3o da corpora\u00e7\u00e3o:<br>O tenente-coronel Cl\u00e1udio Luiz Silva de Oliveira foi demitido da PM em maio deste ano, em decreto assinado pelo governador do Rio de Janeiro Cl\u00e1udio Castro, cumprindo um ac\u00f3rd\u00e3o proferido pela Quarta C\u00e2mara Criminal do TJRJ.<\/p>\n\n\n\n<p>Fonte: Super R\u00e1dio Tupi<\/p>\n\n\n\n<h1 class=\"wp-block-heading\">sgvaimudar<\/h1>\n\n\n\n<figure class=\"wp-block-image size-large\"><img fetchpriority=\"high\" decoding=\"async\" width=\"1024\" height=\"652\" src=\"https:\/\/sgvaimudar.com.br\/wp-content\/uploads\/2023\/09\/InShot_20230914_111006416-1024x652.jpg\" alt=\"\" class=\"wp-image-3202\" srcset=\"https:\/\/sgvaimudar.com.br\/wp-content\/uploads\/2023\/09\/InShot_20230914_111006416-1024x652.jpg 1024w, https:\/\/sgvaimudar.com.br\/wp-content\/uploads\/2023\/09\/InShot_20230914_111006416-300x191.jpg 300w, https:\/\/sgvaimudar.com.br\/wp-content\/uploads\/2023\/09\/InShot_20230914_111006416-768x489.jpg 768w, https:\/\/sgvaimudar.com.br\/wp-content\/uploads\/2023\/09\/InShot_20230914_111006416-1536x979.jpg 1536w, https:\/\/sgvaimudar.com.br\/wp-content\/uploads\/2023\/09\/InShot_20230914_111006416-2048x1305.jpg 2048w\" sizes=\"(max-width: 1024px) 100vw, 1024px\" \/><\/figure>\n","protected":false},"excerpt":{"rendered":"<p>O ex-policial militar Cl\u00e1udio Luiz Silva de Oliveira, condenado pela morte da ju\u00edza Patr\u00edcia Acioli, recebeu uma autoriza\u00e7\u00e3o da Justi\u00e7a&hellip;<\/p>\n","protected":false},"author":2,"featured_media":3202,"comment_status":"open","ping_status":"open","sticky":false,"template":"","format":"standard","meta":{"fifu_image_url":"","fifu_image_alt":"","footnotes":""},"categories":[32],"tags":[],"class_list":["post-3201","post","type-post","status-publish","format-standard","has-post-thumbnail","hentry","category-casos-de-policia"],"_links":{"self":[{"href":"https:\/\/sgvaimudar.com.br\/index.php\/wp-json\/wp\/v2\/posts\/3201","targetHints":{"allow":["GET"]}}],"collection":[{"href":"https:\/\/sgvaimudar.com.br\/index.php\/wp-json\/wp\/v2\/posts"}],"about":[{"href":"https:\/\/sgvaimudar.com.br\/index.php\/wp-json\/wp\/v2\/types\/post"}],"author":[{"embeddable":true,"href":"https:\/\/sgvaimudar.com.br\/index.php\/wp-json\/wp\/v2\/users\/2"}],"replies":[{"embeddable":true,"href":"https:\/\/sgvaimudar.com.br\/index.php\/wp-json\/wp\/v2\/comments?post=3201"}],"version-history":[{"count":2,"href":"https:\/\/sgvaimudar.com.br\/index.php\/wp-json\/wp\/v2\/posts\/3201\/revisions"}],"predecessor-version":[{"id":3206,"href":"https:\/\/sgvaimudar.com.br\/index.php\/wp-json\/wp\/v2\/posts\/3201\/revisions\/3206"}],"wp:featuredmedia":[{"embeddable":true,"href":"https:\/\/sgvaimudar.com.br\/index.php\/wp-json\/wp\/v2\/media\/3202"}],"wp:attachment":[{"href":"https:\/\/sgvaimudar.com.br\/index.php\/wp-json\/wp\/v2\/media?parent=3201"}],"wp:term":[{"taxonomy":"category","embeddable":true,"href":"https:\/\/sgvaimudar.com.br\/index.php\/wp-json\/wp\/v2\/categories?post=3201"},{"taxonomy":"post_tag","embeddable":true,"href":"https:\/\/sgvaimudar.com.br\/index.php\/wp-json\/wp\/v2\/tags?post=3201"}],"curies":[{"name":"wp","href":"https:\/\/api.w.org\/{rel}","templated":true}]}}