{"id":32006,"date":"2025-10-19T07:00:00","date_gmt":"2025-10-19T10:00:00","guid":{"rendered":"https:\/\/sgvaimudar.com.br\/?p=32006"},"modified":"2025-10-19T05:13:34","modified_gmt":"2025-10-19T08:13:34","slug":"caravana-de-arte-e-lazer-garante-diversao-para-familias-no-jardim-catarina-neste-sabado-18","status":"publish","type":"post","link":"https:\/\/sgvaimudar.com.br\/index.php\/2025\/10\/19\/caravana-de-arte-e-lazer-garante-diversao-para-familias-no-jardim-catarina-neste-sabado-18\/","title":{"rendered":"Caravana de Arte e Lazer garante divers\u00e3o para fam\u00edlias no Jardim Catarina neste s\u00e1bado (18)"},"content":{"rendered":"\n<p><em>Evento \u00e9 gratuito e proporciona brincadeiras e guloseimas<\/em><\/p>\n\n\n\n<p>Dezenas de fam\u00edlias no Jardim Catarina puderam aproveitar as brincadeiras e guloseimas de mais uma edi\u00e7\u00e3o da Caravana de Arte e Lazer, realizada pela Funda\u00e7\u00e3o de Arte, Esporte e Lazer de S\u00e3o Gon\u00e7alo, neste s\u00e1bado (18). Desta vez, a a\u00e7\u00e3o aconteceu das 9h \u00e0s 13h, na Pra\u00e7a da Lona Cultural Jornalista Valfrido Rocha, no Jardim Catarina.<\/p>\n\n\n\n<p>Com muita brincadeira e divers\u00e3o, a Caravana proporciona para as crian\u00e7as momentos de lazer. Durante o evento, foram oferecidos acesso a pula-pula, piscina de bolas, brinquedos infl\u00e1veis, pintura art\u00edstica na pele e diversos jogos, al\u00e9m de m\u00fasicas, dan\u00e7as e guloseimas, como cachorro-quente, pipoca, algod\u00e3o-doce, guaran\u00e1 natural e \u00e1gua mineral, tudo distribu\u00eddo de forma gratuita.<\/p>\n\n\n\n<figure class=\"wp-block-image size-large\"><img fetchpriority=\"high\" decoding=\"async\" width=\"1024\" height=\"768\" src=\"https:\/\/sgvaimudar.com.br\/wp-content\/uploads\/2025\/10\/unnamed-27-1-1024x768.jpg\" alt=\"\" class=\"wp-image-32007\" srcset=\"https:\/\/sgvaimudar.com.br\/wp-content\/uploads\/2025\/10\/unnamed-27-1-1024x768.jpg 1024w, https:\/\/sgvaimudar.com.br\/wp-content\/uploads\/2025\/10\/unnamed-27-1-300x225.jpg 300w, https:\/\/sgvaimudar.com.br\/wp-content\/uploads\/2025\/10\/unnamed-27-1-768x576.jpg 768w, https:\/\/sgvaimudar.com.br\/wp-content\/uploads\/2025\/10\/unnamed-27-1-1536x1152.jpg 1536w, https:\/\/sgvaimudar.com.br\/wp-content\/uploads\/2025\/10\/unnamed-27-1.jpg 1600w\" sizes=\"(max-width: 1024px) 100vw, 1024px\" \/><\/figure>\n\n\n\n<p>A Caravana de Arte e Lazer, que foi criada h\u00e1 tr\u00eas anos, tem como objetivo levar atividades esportivas e recreativas \u00e0s crian\u00e7as e seus respons\u00e1veis em \u00e1reas de maior vulnerabilidade social. O projeto gratuito j\u00e1 percorreu dezenas de bairros da cidade.<\/p>\n\n\n\n<p>E a festa n\u00e3o para por a\u00ed! Neste domingo (19), a divers\u00e3o est\u00e1 garantida no bairro Porto da Pedra, das 10h \u00e0s 14h. Neste dia, a Caravana de Arte e Lazer desembarcar\u00e1 na Av. Joaquim de Oliveira esquina com Av. Governador Macedo Soares (Cristo Redentor).<\/p>\n\n\n\n<p><strong><em>#sgvaimudar<\/em><\/strong><\/p>\n\n\n\n<figure class=\"wp-block-image size-large\"><img decoding=\"async\" width=\"1024\" height=\"46\" src=\"https:\/\/sgvaimudar.com.br\/wp-content\/uploads\/2023\/08\/Anuncie-Aqui-Sao-Goncalo-vai-mudar-1024x46.png\" alt=\"\" class=\"wp-image-2740\" srcset=\"https:\/\/sgvaimudar.com.br\/wp-content\/uploads\/2023\/08\/Anuncie-Aqui-Sao-Goncalo-vai-mudar-1024x46.png 1024w, https:\/\/sgvaimudar.com.br\/wp-content\/uploads\/2023\/08\/Anuncie-Aqui-Sao-Goncalo-vai-mudar-300x13.png 300w, https:\/\/sgvaimudar.com.br\/wp-content\/uploads\/2023\/08\/Anuncie-Aqui-Sao-Goncalo-vai-mudar-768x35.png 768w, https:\/\/sgvaimudar.com.br\/wp-content\/uploads\/2023\/08\/Anuncie-Aqui-Sao-Goncalo-vai-mudar-1536x69.png 1536w, https:\/\/sgvaimudar.com.br\/wp-content\/uploads\/2023\/08\/Anuncie-Aqui-Sao-Goncalo-vai-mudar.png 2002w\" sizes=\"(max-width: 1024px) 100vw, 1024px\" \/><\/figure>\n","protected":false},"excerpt":{"rendered":"<p>Evento \u00e9 gratuito e proporciona brincadeiras e guloseimas Dezenas de fam\u00edlias no Jardim Catarina puderam aproveitar as brincadeiras e guloseimas&hellip;<\/p>\n","protected":false},"author":5,"featured_media":32008,"comment_status":"closed","ping_status":"open","sticky":false,"template":"","format":"standard","meta":{"fifu_image_url":"","fifu_image_alt":"","footnotes":""},"categories":[6],"tags":[47,75],"class_list":["post-32006","post","type-post","status-publish","format-standard","has-post-thumbnail","hentry","category-entretenimento","tag-rj","tag-sao-goncalo"],"_links":{"self":[{"href":"https:\/\/sgvaimudar.com.br\/index.php\/wp-json\/wp\/v2\/posts\/32006","targetHints":{"allow":["GET"]}}],"collection":[{"href":"https:\/\/sgvaimudar.com.br\/index.php\/wp-json\/wp\/v2\/posts"}],"about":[{"href":"https:\/\/sgvaimudar.com.br\/index.php\/wp-json\/wp\/v2\/types\/post"}],"author":[{"embeddable":true,"href":"https:\/\/sgvaimudar.com.br\/index.php\/wp-json\/wp\/v2\/users\/5"}],"replies":[{"embeddable":true,"href":"https:\/\/sgvaimudar.com.br\/index.php\/wp-json\/wp\/v2\/comments?post=32006"}],"version-history":[{"count":1,"href":"https:\/\/sgvaimudar.com.br\/index.php\/wp-json\/wp\/v2\/posts\/32006\/revisions"}],"predecessor-version":[{"id":32009,"href":"https:\/\/sgvaimudar.com.br\/index.php\/wp-json\/wp\/v2\/posts\/32006\/revisions\/32009"}],"wp:featuredmedia":[{"embeddable":true,"href":"https:\/\/sgvaimudar.com.br\/index.php\/wp-json\/wp\/v2\/media\/32008"}],"wp:attachment":[{"href":"https:\/\/sgvaimudar.com.br\/index.php\/wp-json\/wp\/v2\/media?parent=32006"}],"wp:term":[{"taxonomy":"category","embeddable":true,"href":"https:\/\/sgvaimudar.com.br\/index.php\/wp-json\/wp\/v2\/categories?post=32006"},{"taxonomy":"post_tag","embeddable":true,"href":"https:\/\/sgvaimudar.com.br\/index.php\/wp-json\/wp\/v2\/tags?post=32006"}],"curies":[{"name":"wp","href":"https:\/\/api.w.org\/{rel}","templated":true}]}}