{"id":32003,"date":"2025-10-18T16:00:00","date_gmt":"2025-10-18T19:00:00","guid":{"rendered":"https:\/\/sgvaimudar.com.br\/?p=32003"},"modified":"2025-10-18T09:22:19","modified_gmt":"2025-10-18T12:22:19","slug":"jornalista-conceituada-vai-falar-sobre-sua-vida-profissional-em-forum","status":"publish","type":"post","link":"https:\/\/sgvaimudar.com.br\/index.php\/2025\/10\/18\/jornalista-conceituada-vai-falar-sobre-sua-vida-profissional-em-forum\/","title":{"rendered":"Jornalista conceituada vai falar sobre sua vida profissional em F\u00f3rum"},"content":{"rendered":"\n<p><em>Ana Claudia Guimar\u00e3es \u00e9 a convidada do Sindicato dos Jornalistas Profissionais do Estado do Rio de Janeiro<\/em><\/p>\n\n\n\n<p>A jornalista Ana Claudia Guimar\u00e3es,\u00a0uma das mais importantes do Pa\u00eds, \u00e9 a convidada do Sindicato dos Jornalistas Profissionais do Estado do Rio de Janeiro no F\u00f3rum da Mem\u00f3ria do Jornalismo Fluminense, que vai acontecer na ter\u00e7a-feira (21\/10), \u00e0s 14h, no Solar do Jambeiro, 295, Ing\u00e1 , Niter\u00f3i.<\/p>\n\n\n\n<p>Jornalista h\u00e1 34 anos, ex-colunista do Globo Niter\u00f3i, com a coluna Fome de Qu\u00ea,\u00a0 ex-editora da Coluna Ancelmo G\u00f3is de\u00a0O Globo e respons\u00e1vel pelo blog (m\u00eddias sociais) durante 30 anos.<\/p>\n\n\n\n<p>Ana tamb\u00e9m trabalhou na \u00a0Coluna de Ricardo Boechat, no Jornal de Bairros, jornal Fam\u00edlia, Caderno Ela, em O Globo. Trabalhou tamb\u00e9m na TVE e na Tribuna da Imprensa. Foi colunista da Giro, na revista Veja. Ela \u00e9 Formada pela UFR. Ana\u00a0 ganhou o Pr\u00eamio Tim Lopes de Jornalismo.<\/p>\n\n\n\n<p>Convidada pelo Minist\u00e9rio da Cultura e Turismo Sul-Coreano para estudar sobre cultura coreana.\u00a0 \u00c9 curadora da exposi\u00e7\u00e3o Luzes da Coreia, que j\u00e1 esteve no MAC, Casa de Cultura Laura Alvim e P\u00e1tio Brasil.<\/p>\n\n\n\n<p><em><strong>S\u00e3o Gon\u00e7alo vai mudar: Not\u00edcias de S\u00e3o Gon\u00e7alo e toda regi\u00e3o.<\/strong><\/em><\/p>\n\n\n\n<figure class=\"wp-block-image size-large\"><img decoding=\"async\" width=\"1024\" height=\"46\" src=\"https:\/\/sgvaimudar.com.br\/wp-content\/uploads\/2023\/08\/Anuncie-Aqui-Sao-Goncalo-vai-mudar-1024x46.png\" alt=\"\" class=\"wp-image-2740\" srcset=\"https:\/\/sgvaimudar.com.br\/wp-content\/uploads\/2023\/08\/Anuncie-Aqui-Sao-Goncalo-vai-mudar-1024x46.png 1024w, https:\/\/sgvaimudar.com.br\/wp-content\/uploads\/2023\/08\/Anuncie-Aqui-Sao-Goncalo-vai-mudar-300x13.png 300w, https:\/\/sgvaimudar.com.br\/wp-content\/uploads\/2023\/08\/Anuncie-Aqui-Sao-Goncalo-vai-mudar-768x35.png 768w, https:\/\/sgvaimudar.com.br\/wp-content\/uploads\/2023\/08\/Anuncie-Aqui-Sao-Goncalo-vai-mudar-1536x69.png 1536w, https:\/\/sgvaimudar.com.br\/wp-content\/uploads\/2023\/08\/Anuncie-Aqui-Sao-Goncalo-vai-mudar.png 2002w\" sizes=\"(max-width: 1024px) 100vw, 1024px\" \/><\/figure>\n","protected":false},"excerpt":{"rendered":"<p>Ana Claudia Guimar\u00e3es \u00e9 a convidada do Sindicato dos Jornalistas Profissionais do Estado do Rio de Janeiro A jornalista Ana&hellip;<\/p>\n","protected":false},"author":5,"featured_media":32004,"comment_status":"closed","ping_status":"open","sticky":false,"template":"","format":"standard","meta":{"fifu_image_url":"","fifu_image_alt":"","footnotes":""},"categories":[34],"tags":[47],"class_list":["post-32003","post","type-post","status-publish","format-standard","has-post-thumbnail","hentry","category-niteroi","tag-rj"],"_links":{"self":[{"href":"https:\/\/sgvaimudar.com.br\/index.php\/wp-json\/wp\/v2\/posts\/32003","targetHints":{"allow":["GET"]}}],"collection":[{"href":"https:\/\/sgvaimudar.com.br\/index.php\/wp-json\/wp\/v2\/posts"}],"about":[{"href":"https:\/\/sgvaimudar.com.br\/index.php\/wp-json\/wp\/v2\/types\/post"}],"author":[{"embeddable":true,"href":"https:\/\/sgvaimudar.com.br\/index.php\/wp-json\/wp\/v2\/users\/5"}],"replies":[{"embeddable":true,"href":"https:\/\/sgvaimudar.com.br\/index.php\/wp-json\/wp\/v2\/comments?post=32003"}],"version-history":[{"count":1,"href":"https:\/\/sgvaimudar.com.br\/index.php\/wp-json\/wp\/v2\/posts\/32003\/revisions"}],"predecessor-version":[{"id":32005,"href":"https:\/\/sgvaimudar.com.br\/index.php\/wp-json\/wp\/v2\/posts\/32003\/revisions\/32005"}],"wp:featuredmedia":[{"embeddable":true,"href":"https:\/\/sgvaimudar.com.br\/index.php\/wp-json\/wp\/v2\/media\/32004"}],"wp:attachment":[{"href":"https:\/\/sgvaimudar.com.br\/index.php\/wp-json\/wp\/v2\/media?parent=32003"}],"wp:term":[{"taxonomy":"category","embeddable":true,"href":"https:\/\/sgvaimudar.com.br\/index.php\/wp-json\/wp\/v2\/categories?post=32003"},{"taxonomy":"post_tag","embeddable":true,"href":"https:\/\/sgvaimudar.com.br\/index.php\/wp-json\/wp\/v2\/tags?post=32003"}],"curies":[{"name":"wp","href":"https:\/\/api.w.org\/{rel}","templated":true}]}}