{"id":31995,"date":"2025-10-18T17:00:00","date_gmt":"2025-10-18T20:00:00","guid":{"rendered":"https:\/\/sgvaimudar.com.br\/?p=31995"},"modified":"2025-11-01T08:36:30","modified_gmt":"2025-11-01T11:36:30","slug":"31995","status":"publish","type":"post","link":"https:\/\/sgvaimudar.com.br\/index.php\/2025\/10\/18\/31995\/","title":{"rendered":"Dia das Crian\u00e7as: Coral Infantil de S\u00e3o Gon\u00e7alo se apresenta no Lavour\u00e3o"},"content":{"rendered":"\n<p><em>Grupo \u00e9 formado por 75 alunos da Escola Municipal Visconde de Sepetiba<\/em><\/p>\n\n\n\n<p>Ainda em comemora\u00e7\u00e3o ao Dia das Crian\u00e7as, celebrado no \u00faltimo dia 12 de outubro,&nbsp;o Coral Municipal Infantil de S\u00e3o Gon\u00e7alo se apresentou no Centro Cultural Joaquim Lavoura nesta sexta-feira (17) e fez a alegria de quem estava no local, al\u00e9m de pais e respons\u00e1veis.<\/p>\n\n\n\n<p>Os 75 alunos da Escola Municipal Visconde de Sepetiba, junto com a maestrina Claudia L\u00facia de Farias, apresentaram um repert\u00f3rio recheado de m\u00fasica popular brasileira, com hits de Toquinho e m\u00fasicas que entoavam a afetividade e a paz.<\/p>\n\n\n\n<figure class=\"wp-block-image size-full\"><img fetchpriority=\"high\" decoding=\"async\" width=\"1024\" height=\"686\" src=\"https:\/\/sgvaimudar.com.br\/wp-content\/uploads\/2025\/10\/unnamed-25-1.jpg\" alt=\"\" class=\"wp-image-31996\" srcset=\"https:\/\/sgvaimudar.com.br\/wp-content\/uploads\/2025\/10\/unnamed-25-1.jpg 1024w, https:\/\/sgvaimudar.com.br\/wp-content\/uploads\/2025\/10\/unnamed-25-1-300x201.jpg 300w, https:\/\/sgvaimudar.com.br\/wp-content\/uploads\/2025\/10\/unnamed-25-1-768x515.jpg 768w\" sizes=\"(max-width: 1024px) 100vw, 1024px\" \/><\/figure>\n\n\n\n<p>\u201cEntrei no coral esse ano, canto desde pequena e amo m\u00fasica. Quando soube que teria o coral na escola eu me animei. Eu me senti muito acolhida, porque eu estava com muitos problemas e foi um \u00f3timo ref\u00fagio. Tamb\u00e9m fiz muitos amigos, est\u00e1 sendo muito bom\u201d, contou a aluna Ana Luiza, de 13 anos.<\/p>\n\n\n\n<p>O aluno Yuri Rodrigues, de 13 anos, tamb\u00e9m se sentiu abra\u00e7ado pelo coral. \u201cFoi uma surpresa pra mim poder participar, eu entrei mais para ter essa experi\u00eancia e, hoje em dia, \u00e9 uma das minhas coisas favoritas, n\u00e3o perco uma aula. Estar participando dessa apresenta\u00e7\u00e3o hoje aqui \u00e9 muito emocionante pra mim\u201d.<\/p>\n\n\n\n<p><em>Fotos: Luiz Carvalho<\/em><\/p>\n\n\n\n<p><em><strong>S\u00e3o Gon\u00e7alo vai mudar: Not\u00edcias de S\u00e3o Gon\u00e7alo e toda regi\u00e3o.<\/strong><\/em><\/p>\n\n\n\n<figure class=\"wp-block-image size-large\"><img decoding=\"async\" width=\"1024\" height=\"46\" src=\"https:\/\/sgvaimudar.com.br\/wp-content\/uploads\/2023\/08\/Anuncie-Aqui-Sao-Goncalo-vai-mudar-1024x46.png\" alt=\"\" class=\"wp-image-2740\" srcset=\"https:\/\/sgvaimudar.com.br\/wp-content\/uploads\/2023\/08\/Anuncie-Aqui-Sao-Goncalo-vai-mudar-1024x46.png 1024w, https:\/\/sgvaimudar.com.br\/wp-content\/uploads\/2023\/08\/Anuncie-Aqui-Sao-Goncalo-vai-mudar-300x13.png 300w, https:\/\/sgvaimudar.com.br\/wp-content\/uploads\/2023\/08\/Anuncie-Aqui-Sao-Goncalo-vai-mudar-768x35.png 768w, https:\/\/sgvaimudar.com.br\/wp-content\/uploads\/2023\/08\/Anuncie-Aqui-Sao-Goncalo-vai-mudar-1536x69.png 1536w, https:\/\/sgvaimudar.com.br\/wp-content\/uploads\/2023\/08\/Anuncie-Aqui-Sao-Goncalo-vai-mudar.png 2002w\" sizes=\"(max-width: 1024px) 100vw, 1024px\" \/><\/figure>\n","protected":false},"excerpt":{"rendered":"<p>Grupo \u00e9 formado por 75 alunos da Escola Municipal Visconde de Sepetiba Ainda em comemora\u00e7\u00e3o ao Dia das Crian\u00e7as, celebrado&hellip;<\/p>\n","protected":false},"author":5,"featured_media":32001,"comment_status":"closed","ping_status":"open","sticky":false,"template":"","format":"standard","meta":{"fifu_image_url":"","fifu_image_alt":"","footnotes":""},"categories":[6],"tags":[47,75],"class_list":["post-31995","post","type-post","status-publish","format-standard","has-post-thumbnail","hentry","category-entretenimento","tag-rj","tag-sao-goncalo"],"_links":{"self":[{"href":"https:\/\/sgvaimudar.com.br\/index.php\/wp-json\/wp\/v2\/posts\/31995","targetHints":{"allow":["GET"]}}],"collection":[{"href":"https:\/\/sgvaimudar.com.br\/index.php\/wp-json\/wp\/v2\/posts"}],"about":[{"href":"https:\/\/sgvaimudar.com.br\/index.php\/wp-json\/wp\/v2\/types\/post"}],"author":[{"embeddable":true,"href":"https:\/\/sgvaimudar.com.br\/index.php\/wp-json\/wp\/v2\/users\/5"}],"replies":[{"embeddable":true,"href":"https:\/\/sgvaimudar.com.br\/index.php\/wp-json\/wp\/v2\/comments?post=31995"}],"version-history":[{"count":3,"href":"https:\/\/sgvaimudar.com.br\/index.php\/wp-json\/wp\/v2\/posts\/31995\/revisions"}],"predecessor-version":[{"id":32002,"href":"https:\/\/sgvaimudar.com.br\/index.php\/wp-json\/wp\/v2\/posts\/31995\/revisions\/32002"}],"wp:featuredmedia":[{"embeddable":true,"href":"https:\/\/sgvaimudar.com.br\/index.php\/wp-json\/wp\/v2\/media\/32001"}],"wp:attachment":[{"href":"https:\/\/sgvaimudar.com.br\/index.php\/wp-json\/wp\/v2\/media?parent=31995"}],"wp:term":[{"taxonomy":"category","embeddable":true,"href":"https:\/\/sgvaimudar.com.br\/index.php\/wp-json\/wp\/v2\/categories?post=31995"},{"taxonomy":"post_tag","embeddable":true,"href":"https:\/\/sgvaimudar.com.br\/index.php\/wp-json\/wp\/v2\/tags?post=31995"}],"curies":[{"name":"wp","href":"https:\/\/api.w.org\/{rel}","templated":true}]}}