{"id":31991,"date":"2025-10-18T15:00:00","date_gmt":"2025-10-18T18:00:00","guid":{"rendered":"https:\/\/sgvaimudar.com.br\/?p=31991"},"modified":"2025-10-18T09:04:38","modified_gmt":"2025-10-18T12:04:38","slug":"defesa-civil-realiza-simulado-de-resgate-na-agua-com-novos-voluntarios","status":"publish","type":"post","link":"https:\/\/sgvaimudar.com.br\/index.php\/2025\/10\/18\/defesa-civil-realiza-simulado-de-resgate-na-agua-com-novos-voluntarios\/","title":{"rendered":"Defesa Civil realiza simulado de resgate na \u00e1gua com novos volunt\u00e1rios"},"content":{"rendered":"\n<p><em>A\u00e7\u00e3o aconteceu na manh\u00e3 desta sexta-feira na Praia das Pedrinhas<\/em><\/p>\n\n\n\n<p>A Defesa Civil de S\u00e3o Gon\u00e7alo realizou, nesta manh\u00e3 de sexta-feira (17), um simulado de resgate na \u00e1gua com integrantes da 11\u00aa turma do Curso de Volunt\u00e1rios. A atividade aconteceu na Praia das Pedrinhas, com o objetivo de fazer com que os alunos colocassem em pr\u00e1tica o que aprenderam sobre an\u00e1lise de riscos hidrol\u00f3gicos, entendendo como agir em casos de alagamentos ou inunda\u00e7\u00f5es.<\/p>\n\n\n\n<p>Foram montadas duas barracas: uma que servia de ponto de risco e outra usada como ponto de apoio, para onde os alunos precisavam transportar, em barcos, as supostas v\u00edtimas que estavam na zona de risco, entendendo como agir em locais inundados.<\/p>\n\n\n\n<figure class=\"wp-block-image size-full\"><img fetchpriority=\"high\" decoding=\"async\" width=\"1024\" height=\"681\" src=\"https:\/\/sgvaimudar.com.br\/wp-content\/uploads\/2025\/10\/unnamed-22-1.jpg\" alt=\"\" class=\"wp-image-31992\" srcset=\"https:\/\/sgvaimudar.com.br\/wp-content\/uploads\/2025\/10\/unnamed-22-1.jpg 1024w, https:\/\/sgvaimudar.com.br\/wp-content\/uploads\/2025\/10\/unnamed-22-1-300x200.jpg 300w, https:\/\/sgvaimudar.com.br\/wp-content\/uploads\/2025\/10\/unnamed-22-1-768x511.jpg 768w\" sizes=\"(max-width: 1024px) 100vw, 1024px\" \/><\/figure>\n\n\n\n<p>&#8220;Aqui, estamos em colocando em pr\u00e1tica tamb\u00e9m a integra\u00e7\u00e3o entre as equipes, entendendo a unidade e distribuindo as tarefas. Durante a atividade, os alunos s\u00e3o for\u00e7ados a ter ideias r\u00e1pidas e din\u00e2micas, a controlar sua estrutura emocional, lidando com v\u00edtimas nervosas. O voluntariado \u00e9 isso: estar calmo e equilibrado e passar essas sensa\u00e7\u00f5es para as pessoas em momentos de crise. A Praia das Pedrinhas \u00e9 um local seguro e controlado, onde conseguimos desenvolver bem essa atividade&#8221;, disse o major Felipe Assump\u00e7\u00e3o, subsecret\u00e1rio de Defesa Civil da Prefeitura de S\u00e3o Gon\u00e7alo.<\/p>\n\n\n\n<p>Fl\u00e1vio Jorge Isabelino, de 50 anos, \u00e9 morador de Marambaia, j\u00e1 atuou em seguran\u00e7a privada e como bombeiro civil e foi um dos formandos na 11\u00aa turma de volunt\u00e1rios.<\/p>\n\n\n\n<p>&#8220;Eu me interessei pelo curso atrav\u00e9s da internet e achei muito interessante. Num geral, o curso foi \u00f3timo e proveitoso. Recomendo para todos que querem entender como atua a Defesa Civil, que \u00e9 um trabalho muito necess\u00e1rio. A atividade de hoje tamb\u00e9m \u00e9 essencial, porque nos ajuda a entender o que pode acontecer&#8221;, afirmou.<\/p>\n\n\n\n<p>Vale destacar que os volunt\u00e1rios saem formados do curso, mas n\u00e3o possuem a capacita\u00e7\u00e3o para salvar e resgatar pessoas como se fossem bombeiros ou agentes da Defesa Civil. Nas a\u00e7\u00f5es, os volunt\u00e1rios t\u00eam um tratamento direcionado, apoiando abrigos, organizando mantimentos nesses locais, catalogando pessoas que precisarem de ajuda.<\/p>\n\n\n\n<p><em>Fotos: Julio Diniz<\/em><\/p>\n\n\n\n<p><em><strong>S\u00e3o Gon\u00e7alo vai mudar: Not\u00edcias de S\u00e3o Gon\u00e7alo e toda regi\u00e3o.<\/strong><\/em><\/p>\n\n\n\n<figure class=\"wp-block-image size-large\"><img decoding=\"async\" width=\"1024\" height=\"46\" src=\"https:\/\/sgvaimudar.com.br\/wp-content\/uploads\/2023\/08\/Anuncie-Aqui-Sao-Goncalo-vai-mudar-1024x46.png\" alt=\"\" class=\"wp-image-2740\" srcset=\"https:\/\/sgvaimudar.com.br\/wp-content\/uploads\/2023\/08\/Anuncie-Aqui-Sao-Goncalo-vai-mudar-1024x46.png 1024w, https:\/\/sgvaimudar.com.br\/wp-content\/uploads\/2023\/08\/Anuncie-Aqui-Sao-Goncalo-vai-mudar-300x13.png 300w, https:\/\/sgvaimudar.com.br\/wp-content\/uploads\/2023\/08\/Anuncie-Aqui-Sao-Goncalo-vai-mudar-768x35.png 768w, https:\/\/sgvaimudar.com.br\/wp-content\/uploads\/2023\/08\/Anuncie-Aqui-Sao-Goncalo-vai-mudar-1536x69.png 1536w, https:\/\/sgvaimudar.com.br\/wp-content\/uploads\/2023\/08\/Anuncie-Aqui-Sao-Goncalo-vai-mudar.png 2002w\" sizes=\"(max-width: 1024px) 100vw, 1024px\" \/><\/figure>\n","protected":false},"excerpt":{"rendered":"<p>A\u00e7\u00e3o aconteceu na manh\u00e3 desta sexta-feira na Praia das Pedrinhas A Defesa Civil de S\u00e3o Gon\u00e7alo realizou, nesta manh\u00e3 de&hellip;<\/p>\n","protected":false},"author":5,"featured_media":31993,"comment_status":"closed","ping_status":"open","sticky":false,"template":"","format":"standard","meta":{"fifu_image_url":"","fifu_image_alt":"","footnotes":""},"categories":[3],"tags":[47,75],"class_list":["post-31991","post","type-post","status-publish","format-standard","has-post-thumbnail","hentry","category-sao-goncalo","tag-rj","tag-sao-goncalo"],"_links":{"self":[{"href":"https:\/\/sgvaimudar.com.br\/index.php\/wp-json\/wp\/v2\/posts\/31991","targetHints":{"allow":["GET"]}}],"collection":[{"href":"https:\/\/sgvaimudar.com.br\/index.php\/wp-json\/wp\/v2\/posts"}],"about":[{"href":"https:\/\/sgvaimudar.com.br\/index.php\/wp-json\/wp\/v2\/types\/post"}],"author":[{"embeddable":true,"href":"https:\/\/sgvaimudar.com.br\/index.php\/wp-json\/wp\/v2\/users\/5"}],"replies":[{"embeddable":true,"href":"https:\/\/sgvaimudar.com.br\/index.php\/wp-json\/wp\/v2\/comments?post=31991"}],"version-history":[{"count":1,"href":"https:\/\/sgvaimudar.com.br\/index.php\/wp-json\/wp\/v2\/posts\/31991\/revisions"}],"predecessor-version":[{"id":31994,"href":"https:\/\/sgvaimudar.com.br\/index.php\/wp-json\/wp\/v2\/posts\/31991\/revisions\/31994"}],"wp:featuredmedia":[{"embeddable":true,"href":"https:\/\/sgvaimudar.com.br\/index.php\/wp-json\/wp\/v2\/media\/31993"}],"wp:attachment":[{"href":"https:\/\/sgvaimudar.com.br\/index.php\/wp-json\/wp\/v2\/media?parent=31991"}],"wp:term":[{"taxonomy":"category","embeddable":true,"href":"https:\/\/sgvaimudar.com.br\/index.php\/wp-json\/wp\/v2\/categories?post=31991"},{"taxonomy":"post_tag","embeddable":true,"href":"https:\/\/sgvaimudar.com.br\/index.php\/wp-json\/wp\/v2\/tags?post=31991"}],"curies":[{"name":"wp","href":"https:\/\/api.w.org\/{rel}","templated":true}]}}