{"id":31987,"date":"2025-10-18T14:00:00","date_gmt":"2025-10-18T17:00:00","guid":{"rendered":"https:\/\/sgvaimudar.com.br\/?p=31987"},"modified":"2025-10-18T09:01:08","modified_gmt":"2025-10-18T12:01:08","slug":"prefeitura-realiza-interdicao-de-transito-no-centro-neste-domingo-19","status":"publish","type":"post","link":"https:\/\/sgvaimudar.com.br\/index.php\/2025\/10\/18\/prefeitura-realiza-interdicao-de-transito-no-centro-neste-domingo-19\/","title":{"rendered":"Prefeitura realiza interdi\u00e7\u00e3o de tr\u00e2nsito no Centro neste domingo (19)"},"content":{"rendered":"\n<p><em>Altera\u00e7\u00e3o no tr\u00e1fego come\u00e7a \u00e0s 13h, para realiza\u00e7\u00e3o da 22\u00aa Parada do Orgulho LGBTI+<\/em><\/p>\n\n\n\n<p>A Secretaria de Transportes da Prefeitura de S\u00e3o Gon\u00e7alo preparou um esquema especial de tr\u00e2nsito para a realiza\u00e7\u00e3o da 22\u00aa Parada do Orgulho LGBTI+ de S\u00e3o Gon\u00e7alo, que vai acontecer neste domingo (19), no Centro. A concentra\u00e7\u00e3o do evento vai ser realizada na Rua Dr. Feliciano Sodr\u00e9, no trecho entre as Ruas S\u00e1 Carvalho e Machado de Assis. As mudan\u00e7as no tr\u00e2nsito ter\u00e3o in\u00edcio a partir das 13h de domingo e seguir\u00e3o at\u00e9 \u00e0s 22h.<\/p>\n\n\n\n<p>No dia do evento, o tr\u00e1fego de ve\u00edculos ser\u00e1 interditado nas ruas Doutor Feliciano Sodr\u00e9 e Doutor Nilo Pe\u00e7anha; no trecho compreendido entre as ruas S\u00e1 Carvalho e General Ant\u00f4nio Rodrigues; na Rua Salvatori, no trecho compreendido entre as ruas Dr. Feliciano Sodr\u00e9 e Alu\u00edsio Neiva; na Travessa Zeferino Reis, entre a Avenida Presidente Kennedy e a Rua Dr. Nilo Pe\u00e7anha; na Rua Eduardo Vieira, na Travessa Jorge Soares e na Rua Ant\u00f4nio dos Santos Figueiredo, entre as ruas Dr. Nilo Pe\u00e7anha e Alu\u00edsio Neiva.<\/p>\n\n\n\n<figure class=\"wp-block-image size-large\"><img fetchpriority=\"high\" decoding=\"async\" width=\"768\" height=\"1024\" src=\"https:\/\/sgvaimudar.com.br\/wp-content\/uploads\/2025\/10\/unnamed-1-3-768x1024.png\" alt=\"\" class=\"wp-image-31988\" srcset=\"https:\/\/sgvaimudar.com.br\/wp-content\/uploads\/2025\/10\/unnamed-1-3-768x1024.png 768w, https:\/\/sgvaimudar.com.br\/wp-content\/uploads\/2025\/10\/unnamed-1-3-225x300.png 225w, https:\/\/sgvaimudar.com.br\/wp-content\/uploads\/2025\/10\/unnamed-1-3.png 1080w\" sizes=\"(max-width: 768px) 100vw, 768px\" \/><\/figure>\n\n\n\n<p>O tr\u00e2nsito dos ve\u00edculos ser\u00e1 desviado da seguinte forma:<\/p>\n\n\n\n<p>&#8211; Sentido Z\u00e9 Garoto x Alc\u00e2ntara: Os ve\u00edculos acessar\u00e3o a Rua Coronel Moreira C\u00e9sar, utilizar\u00e3o a faixa revers\u00edvel pela Rua S\u00e1 Carvalho e seguir\u00e3o pela Avenida Presidente Kennedy e pela Rua Dr. Nilo Pe\u00e7anha.<\/p>\n\n\n\n<p>&#8211; Sentido Avenida Jornalista Roberto Marinho x Centro: Os ve\u00edculos acessar\u00e3o a Rua Salvatori, seguir\u00e3o pela Rua Alu\u00edsio Neiva, Rua General Ant\u00f4nio Rodrigues e a Rua Dr. Nilo Pe\u00e7anha.<\/p>\n\n\n\n<p>A faixa revers\u00edvel ficar\u00e1 localizada na Avenida Presidente Kennedy, no trecho entre a Rua S\u00e1 Carvalho e a Rua Fonseca Ramos.<\/p>\n\n\n\n<p>Tamb\u00e9m estar\u00e3o suspensas todas as regulamenta\u00e7\u00f5es de estacionamento, pontos de t\u00e1xis, embarque-desembarque e carga-descarga em todas as vias citadas acima. Al\u00e9m disso, fica proibido o estacionamento de ve\u00edculos nas vagas demarcadas na Avenida Presidente Kennedy. A proibi\u00e7\u00e3o do estacionamento faz-se necess\u00e1ria para garantir o bom andamento e a fluidez dos ve\u00edculos que transitar\u00e3o pela faixa revers\u00edvel.<\/p>\n\n\n\n<p>Os ve\u00edculos que estiverem estacionados em desacordo estar\u00e3o sujeitos a remo\u00e7\u00e3o conforme previsto no Art. 181 do C\u00f3digo de Tr\u00e2nsito Brasileiro (CTB).<\/p>\n\n\n\n<p><em><strong>S\u00e3o Gon\u00e7alo vai mudar: Not\u00edcias de S\u00e3o Gon\u00e7alo e toda regi\u00e3o.<\/strong><\/em><\/p>\n\n\n\n<figure class=\"wp-block-image size-large\"><img decoding=\"async\" width=\"1024\" height=\"46\" src=\"https:\/\/sgvaimudar.com.br\/wp-content\/uploads\/2023\/08\/Anuncie-Aqui-Sao-Goncalo-vai-mudar-1024x46.png\" alt=\"\" class=\"wp-image-2740\" srcset=\"https:\/\/sgvaimudar.com.br\/wp-content\/uploads\/2023\/08\/Anuncie-Aqui-Sao-Goncalo-vai-mudar-1024x46.png 1024w, https:\/\/sgvaimudar.com.br\/wp-content\/uploads\/2023\/08\/Anuncie-Aqui-Sao-Goncalo-vai-mudar-300x13.png 300w, https:\/\/sgvaimudar.com.br\/wp-content\/uploads\/2023\/08\/Anuncie-Aqui-Sao-Goncalo-vai-mudar-768x35.png 768w, https:\/\/sgvaimudar.com.br\/wp-content\/uploads\/2023\/08\/Anuncie-Aqui-Sao-Goncalo-vai-mudar-1536x69.png 1536w, https:\/\/sgvaimudar.com.br\/wp-content\/uploads\/2023\/08\/Anuncie-Aqui-Sao-Goncalo-vai-mudar.png 2002w\" sizes=\"(max-width: 1024px) 100vw, 1024px\" \/><\/figure>\n","protected":false},"excerpt":{"rendered":"<p>Altera\u00e7\u00e3o no tr\u00e1fego come\u00e7a \u00e0s 13h, para realiza\u00e7\u00e3o da 22\u00aa Parada do Orgulho LGBTI+ A Secretaria de Transportes da Prefeitura&hellip;<\/p>\n","protected":false},"author":5,"featured_media":31989,"comment_status":"closed","ping_status":"open","sticky":false,"template":"","format":"standard","meta":{"fifu_image_url":"","fifu_image_alt":"","footnotes":""},"categories":[3],"tags":[47,75],"class_list":["post-31987","post","type-post","status-publish","format-standard","has-post-thumbnail","hentry","category-sao-goncalo","tag-rj","tag-sao-goncalo"],"_links":{"self":[{"href":"https:\/\/sgvaimudar.com.br\/index.php\/wp-json\/wp\/v2\/posts\/31987","targetHints":{"allow":["GET"]}}],"collection":[{"href":"https:\/\/sgvaimudar.com.br\/index.php\/wp-json\/wp\/v2\/posts"}],"about":[{"href":"https:\/\/sgvaimudar.com.br\/index.php\/wp-json\/wp\/v2\/types\/post"}],"author":[{"embeddable":true,"href":"https:\/\/sgvaimudar.com.br\/index.php\/wp-json\/wp\/v2\/users\/5"}],"replies":[{"embeddable":true,"href":"https:\/\/sgvaimudar.com.br\/index.php\/wp-json\/wp\/v2\/comments?post=31987"}],"version-history":[{"count":1,"href":"https:\/\/sgvaimudar.com.br\/index.php\/wp-json\/wp\/v2\/posts\/31987\/revisions"}],"predecessor-version":[{"id":31990,"href":"https:\/\/sgvaimudar.com.br\/index.php\/wp-json\/wp\/v2\/posts\/31987\/revisions\/31990"}],"wp:featuredmedia":[{"embeddable":true,"href":"https:\/\/sgvaimudar.com.br\/index.php\/wp-json\/wp\/v2\/media\/31989"}],"wp:attachment":[{"href":"https:\/\/sgvaimudar.com.br\/index.php\/wp-json\/wp\/v2\/media?parent=31987"}],"wp:term":[{"taxonomy":"category","embeddable":true,"href":"https:\/\/sgvaimudar.com.br\/index.php\/wp-json\/wp\/v2\/categories?post=31987"},{"taxonomy":"post_tag","embeddable":true,"href":"https:\/\/sgvaimudar.com.br\/index.php\/wp-json\/wp\/v2\/tags?post=31987"}],"curies":[{"name":"wp","href":"https:\/\/api.w.org\/{rel}","templated":true}]}}