{"id":31983,"date":"2025-10-18T12:00:00","date_gmt":"2025-10-18T15:00:00","guid":{"rendered":"https:\/\/sgvaimudar.com.br\/?p=31983"},"modified":"2025-10-18T08:56:11","modified_gmt":"2025-10-18T11:56:11","slug":"o-muvi-vem-ai-prefeitura-inicia-alteracao-temporaria-do-transito-no-mutondo","status":"publish","type":"post","link":"https:\/\/sgvaimudar.com.br\/index.php\/2025\/10\/18\/o-muvi-vem-ai-prefeitura-inicia-alteracao-temporaria-do-transito-no-mutondo\/","title":{"rendered":"O Muvi vem a\u00ed: Prefeitura inicia altera\u00e7\u00e3o tempor\u00e1ria do tr\u00e2nsito no Mutondo"},"content":{"rendered":"\n<p><em>Mudan\u00e7a foi provocada por interdi\u00e7\u00e3o de via para obras do MUVI<\/em><\/p>\n\n\n\n<p>A Secretaria de Meio Ambiente e Transportes da Prefeitura de S\u00e3o Gon\u00e7alo iniciou, nesta sexta-feira (17), a interdi\u00e7\u00e3o tempor\u00e1ria da passagem de ve\u00edculos na Travessa Carlos Cruz (Ponte Seca), no Mutondo. O bloqueio tem como objetivo dar prosseguimento \u00e0s obras do corredor vi\u00e1rio Mobilidade Urbana Verde Integrada (Muvi).<\/p>\n\n\n\n<p>A interdi\u00e7\u00e3o funcionar\u00e1 excepcionalmente nesta sexta-feira (17), s\u00e1bado (18) e domingo (19). Com isso, o transporte coletivo de passageiros (especialmente nas linhas 11, 38, 55A, 55B, 400M, 401M, 409M, 5400M, 110D, 2110D, 4110D, 2423D, 423A e 428D) e os demais ve\u00edculos que normalmente trafegam pela referida via em dire\u00e7\u00e3o \u00e0 Trindade e Nova Cidade dever\u00e3o adotar o seguinte desvio: acessar a Avenida Domingos Damasceno Duarte, na altura do 7\u00ba BPM, prosseguindo em dire\u00e7\u00e3o \u00e0 Avenida Presidente Kennedy, seguindo a reta do Muvi. A partir da\u00ed, eles poder\u00e3o retomar seus itiner\u00e1rios habituais por meio das avenidas Jos\u00e9 Manna J\u00fanior, Pastor Waldemar Zarro e Rua Vicente de Lima Cleto.<\/p>\n\n\n\n<figure class=\"wp-block-image size-full\"><img fetchpriority=\"high\" decoding=\"async\" width=\"1024\" height=\"681\" src=\"https:\/\/sgvaimudar.com.br\/wp-content\/uploads\/2025\/10\/unnamed-21-2.jpg\" alt=\"\" class=\"wp-image-31984\" srcset=\"https:\/\/sgvaimudar.com.br\/wp-content\/uploads\/2025\/10\/unnamed-21-2.jpg 1024w, https:\/\/sgvaimudar.com.br\/wp-content\/uploads\/2025\/10\/unnamed-21-2-300x200.jpg 300w, https:\/\/sgvaimudar.com.br\/wp-content\/uploads\/2025\/10\/unnamed-21-2-768x511.jpg 768w\" sizes=\"(max-width: 1024px) 100vw, 1024px\" \/><\/figure>\n\n\n\n<p>Essa \u00e9 apenas uma das medidas tomadas pela secretaria que visa mitigar os impactos vi\u00e1rios decorrentes das interven\u00e7\u00f5es, para garantir a seguran\u00e7a, fluidez e organiza\u00e7\u00e3o do tr\u00e1fego durante o per\u00edodo das obras.<\/p>\n\n\n\n<p><strong>MUVI<\/strong>&#8211; O Projeto \u00e9 executado gra\u00e7as a uma parceria entre o Governo do Estado do Rio de Janeiro, atrav\u00e9s da Secretaria das Cidades, e a Prefeitura de S\u00e3o Gon\u00e7alo. Trata-se do maior projeto de mobilidade urbana j\u00e1 realizado na cidade, com investimento de R$ 287 milh\u00f5es. O corredor vi\u00e1rio vai ligar Neves a Guaxindiba, passando por v\u00e1rios bairros, e ter\u00e1 18 quil\u00f4metros de extens\u00e3o.<\/p>\n\n\n\n<p>O projeto do MUVI foi elaborado pela Secretaria Municipal de Gest\u00e3o Integrada e Projetos Especiais (Semgipe).<\/p>\n\n\n\n<p><em>Fotos: Julio Diniz<\/em><\/p>\n\n\n\n<p><em><strong>S\u00e3o Gon\u00e7alo vai mudar: Not\u00edcias de S\u00e3o Gon\u00e7alo e toda regi\u00e3o.<\/strong><\/em><\/p>\n\n\n\n<figure class=\"wp-block-image size-large\"><img decoding=\"async\" width=\"1024\" height=\"252\" src=\"https:\/\/sgvaimudar.com.br\/wp-content\/uploads\/2023\/10\/Anuncie-Aqui-Sao-Goncalo-vai-mudar-1024x252.jpg\" alt=\"\" class=\"wp-image-3619\" srcset=\"https:\/\/sgvaimudar.com.br\/wp-content\/uploads\/2023\/10\/Anuncie-Aqui-Sao-Goncalo-vai-mudar-1024x252.jpg 1024w, https:\/\/sgvaimudar.com.br\/wp-content\/uploads\/2023\/10\/Anuncie-Aqui-Sao-Goncalo-vai-mudar-300x74.jpg 300w, https:\/\/sgvaimudar.com.br\/wp-content\/uploads\/2023\/10\/Anuncie-Aqui-Sao-Goncalo-vai-mudar-768x189.jpg 768w, https:\/\/sgvaimudar.com.br\/wp-content\/uploads\/2023\/10\/Anuncie-Aqui-Sao-Goncalo-vai-mudar-1536x378.jpg 1536w, https:\/\/sgvaimudar.com.br\/wp-content\/uploads\/2023\/10\/Anuncie-Aqui-Sao-Goncalo-vai-mudar-2048x504.jpg 2048w\" sizes=\"(max-width: 1024px) 100vw, 1024px\" \/><\/figure>\n","protected":false},"excerpt":{"rendered":"<p>Mudan\u00e7a foi provocada por interdi\u00e7\u00e3o de via para obras do MUVI A Secretaria de Meio Ambiente e Transportes da Prefeitura&hellip;<\/p>\n","protected":false},"author":5,"featured_media":31985,"comment_status":"closed","ping_status":"open","sticky":false,"template":"","format":"standard","meta":{"fifu_image_url":"","fifu_image_alt":"","footnotes":""},"categories":[3],"tags":[47,75],"class_list":["post-31983","post","type-post","status-publish","format-standard","has-post-thumbnail","hentry","category-sao-goncalo","tag-rj","tag-sao-goncalo"],"_links":{"self":[{"href":"https:\/\/sgvaimudar.com.br\/index.php\/wp-json\/wp\/v2\/posts\/31983","targetHints":{"allow":["GET"]}}],"collection":[{"href":"https:\/\/sgvaimudar.com.br\/index.php\/wp-json\/wp\/v2\/posts"}],"about":[{"href":"https:\/\/sgvaimudar.com.br\/index.php\/wp-json\/wp\/v2\/types\/post"}],"author":[{"embeddable":true,"href":"https:\/\/sgvaimudar.com.br\/index.php\/wp-json\/wp\/v2\/users\/5"}],"replies":[{"embeddable":true,"href":"https:\/\/sgvaimudar.com.br\/index.php\/wp-json\/wp\/v2\/comments?post=31983"}],"version-history":[{"count":1,"href":"https:\/\/sgvaimudar.com.br\/index.php\/wp-json\/wp\/v2\/posts\/31983\/revisions"}],"predecessor-version":[{"id":31986,"href":"https:\/\/sgvaimudar.com.br\/index.php\/wp-json\/wp\/v2\/posts\/31983\/revisions\/31986"}],"wp:featuredmedia":[{"embeddable":true,"href":"https:\/\/sgvaimudar.com.br\/index.php\/wp-json\/wp\/v2\/media\/31985"}],"wp:attachment":[{"href":"https:\/\/sgvaimudar.com.br\/index.php\/wp-json\/wp\/v2\/media?parent=31983"}],"wp:term":[{"taxonomy":"category","embeddable":true,"href":"https:\/\/sgvaimudar.com.br\/index.php\/wp-json\/wp\/v2\/categories?post=31983"},{"taxonomy":"post_tag","embeddable":true,"href":"https:\/\/sgvaimudar.com.br\/index.php\/wp-json\/wp\/v2\/tags?post=31983"}],"curies":[{"name":"wp","href":"https:\/\/api.w.org\/{rel}","templated":true}]}}