{"id":31972,"date":"2025-10-18T08:42:31","date_gmt":"2025-10-18T11:42:31","guid":{"rendered":"https:\/\/sgvaimudar.com.br\/?p=31972"},"modified":"2025-10-18T08:42:32","modified_gmt":"2025-10-18T11:42:32","slug":"fim-de-semana-sera-de-muita-alegria-para-os-pequenos-goncalenses","status":"publish","type":"post","link":"https:\/\/sgvaimudar.com.br\/index.php\/2025\/10\/18\/fim-de-semana-sera-de-muita-alegria-para-os-pequenos-goncalenses\/","title":{"rendered":"Fim de semana ser\u00e1 de muita alegria para os pequenos gon\u00e7alenses"},"content":{"rendered":"\n<p><em>Caravana de Arte e Lazer desembarca no Jardim Catarina e Porto da Pedra<\/em><\/p>\n\n\n\n<p>As crian\u00e7as de S\u00e3o Gon\u00e7alo v\u00e3o contar com mais um final de semana de divers\u00e3o com a Caravana de Arte e Lazer. A a\u00e7\u00e3o vai acontecer na Pra\u00e7a Jornalista Valfrido Rocha, no Jardim Catarina, no s\u00e1bado (18), das 9h \u00e0s 13h. No domingo (19), o evento chega ao bairro Porto da Pedra, das 10h \u00e0s 14h.<\/p>\n\n\n\n<p>A iniciativa \u00e9 da Funda\u00e7\u00e3o de Artes, Esporte e Lazer de S\u00e3o Gon\u00e7alo (Faelsg) e garante momentos de lazer e intera\u00e7\u00e3o social entre milhares de fam\u00edlias gon\u00e7alenses durante os fins de semana.&nbsp;<\/p>\n\n\n\n<p>Durante a a\u00e7\u00e3o, as crian\u00e7as podem participar de diversas brincadeiras com os animadores e t\u00eam acesso a jogos de mesa, cama el\u00e1stica e brinquedos infl\u00e1veis. Al\u00e9m disso, uma equipe realiza pinturas art\u00edsticas na pele e produzem artes com bexigas.<\/p>\n\n\n\n<p>Nos dois dias, quem participar da caravana tamb\u00e9m aproveita lanches gratuitos e \u00e1gua mineral \u00e0 vontade.&nbsp;<\/p>\n\n\n\n<p><strong>Servi\u00e7o:&nbsp;<\/strong><\/p>\n\n\n\n<p><strong>S\u00e1bado (18\/10)&nbsp;<\/strong>&#8211; Pra\u00e7a Jornalista Valfrido Rocha (Pra\u00e7a da Lona Cultural) &#8211; Jardim Catarina, das 9h \u00e0s 13h;<\/p>\n\n\n\n<p><strong>Domingo (19\/10)<\/strong>&nbsp;&#8211; Av. Joaquim de Oliveira esquina com Av. Governador Macedo Soares (Cristo Redentor) &#8211; Porto da Pedra, das 10h \u00e0s 14h.<\/p>\n\n\n\n<p><em>Foto: Ascom<\/em><\/p>\n\n\n\n<p><em><strong>S\u00e3o Gon\u00e7alo vai mudar: Not\u00edcias de S\u00e3o Gon\u00e7alo e toda regi\u00e3o.<\/strong><\/em><\/p>\n\n\n\n<figure class=\"wp-block-image size-large\"><img decoding=\"async\" width=\"1024\" height=\"46\" src=\"https:\/\/sgvaimudar.com.br\/wp-content\/uploads\/2023\/08\/Anuncie-Aqui-Sao-Goncalo-vai-mudar-1024x46.png\" alt=\"\" class=\"wp-image-2740\" srcset=\"https:\/\/sgvaimudar.com.br\/wp-content\/uploads\/2023\/08\/Anuncie-Aqui-Sao-Goncalo-vai-mudar-1024x46.png 1024w, https:\/\/sgvaimudar.com.br\/wp-content\/uploads\/2023\/08\/Anuncie-Aqui-Sao-Goncalo-vai-mudar-300x13.png 300w, https:\/\/sgvaimudar.com.br\/wp-content\/uploads\/2023\/08\/Anuncie-Aqui-Sao-Goncalo-vai-mudar-768x35.png 768w, https:\/\/sgvaimudar.com.br\/wp-content\/uploads\/2023\/08\/Anuncie-Aqui-Sao-Goncalo-vai-mudar-1536x69.png 1536w, https:\/\/sgvaimudar.com.br\/wp-content\/uploads\/2023\/08\/Anuncie-Aqui-Sao-Goncalo-vai-mudar.png 2002w\" sizes=\"(max-width: 1024px) 100vw, 1024px\" \/><\/figure>\n","protected":false},"excerpt":{"rendered":"<p>Caravana de Arte e Lazer desembarca no Jardim Catarina e Porto da Pedra As crian\u00e7as de S\u00e3o Gon\u00e7alo v\u00e3o contar&hellip;<\/p>\n","protected":false},"author":5,"featured_media":31973,"comment_status":"closed","ping_status":"open","sticky":false,"template":"","format":"standard","meta":{"fifu_image_url":"","fifu_image_alt":"","footnotes":""},"categories":[6],"tags":[47,75],"class_list":["post-31972","post","type-post","status-publish","format-standard","has-post-thumbnail","hentry","category-entretenimento","tag-rj","tag-sao-goncalo"],"_links":{"self":[{"href":"https:\/\/sgvaimudar.com.br\/index.php\/wp-json\/wp\/v2\/posts\/31972","targetHints":{"allow":["GET"]}}],"collection":[{"href":"https:\/\/sgvaimudar.com.br\/index.php\/wp-json\/wp\/v2\/posts"}],"about":[{"href":"https:\/\/sgvaimudar.com.br\/index.php\/wp-json\/wp\/v2\/types\/post"}],"author":[{"embeddable":true,"href":"https:\/\/sgvaimudar.com.br\/index.php\/wp-json\/wp\/v2\/users\/5"}],"replies":[{"embeddable":true,"href":"https:\/\/sgvaimudar.com.br\/index.php\/wp-json\/wp\/v2\/comments?post=31972"}],"version-history":[{"count":1,"href":"https:\/\/sgvaimudar.com.br\/index.php\/wp-json\/wp\/v2\/posts\/31972\/revisions"}],"predecessor-version":[{"id":31974,"href":"https:\/\/sgvaimudar.com.br\/index.php\/wp-json\/wp\/v2\/posts\/31972\/revisions\/31974"}],"wp:featuredmedia":[{"embeddable":true,"href":"https:\/\/sgvaimudar.com.br\/index.php\/wp-json\/wp\/v2\/media\/31973"}],"wp:attachment":[{"href":"https:\/\/sgvaimudar.com.br\/index.php\/wp-json\/wp\/v2\/media?parent=31972"}],"wp:term":[{"taxonomy":"category","embeddable":true,"href":"https:\/\/sgvaimudar.com.br\/index.php\/wp-json\/wp\/v2\/categories?post=31972"},{"taxonomy":"post_tag","embeddable":true,"href":"https:\/\/sgvaimudar.com.br\/index.php\/wp-json\/wp\/v2\/tags?post=31972"}],"curies":[{"name":"wp","href":"https:\/\/api.w.org\/{rel}","templated":true}]}}