{"id":31965,"date":"2025-10-18T08:29:55","date_gmt":"2025-10-18T11:29:55","guid":{"rendered":"https:\/\/sgvaimudar.com.br\/?p=31965"},"modified":"2025-10-18T08:39:35","modified_gmt":"2025-10-18T11:39:35","slug":"reu-por-tentativa-de-latrocinio-contra-policial-e-atingido-a-tiros-durante-confronto-em-sao-goncalo-video","status":"publish","type":"post","link":"https:\/\/sgvaimudar.com.br\/index.php\/2025\/10\/18\/reu-por-tentativa-de-latrocinio-contra-policial-e-atingido-a-tiros-durante-confronto-em-sao-goncalo-video\/","title":{"rendered":"R\u00e9u por tentativa de latroc\u00ednio contra policial \u00e9 atingido a tiros durante confronto em S\u00e3o Gon\u00e7alo; v\u00eddeo"},"content":{"rendered":"\n<p><em>Wagner da Silva Vieira Patti, de 21 anos, era considerado foragido desde setembro<\/em><\/p>\n\n\n\n<p>Wagner da Silva Vieira Patti, de 21 anos, r\u00e9u por uma\u00a0tentativa de latroc\u00ednio (roubo seguido de morte) contra um policial civil em junho deste ano, foi baleado em confronto, nesta quinta-feira (16), em S\u00e3o Gon\u00e7alo, Regi\u00e3o Metropolitana.<\/p>\n\n\n\n<p>Segundo a Pol\u00edcia Civil, agentes da Delegacia de Homic\u00eddios de Niter\u00f3i, S\u00e3o Gon\u00e7alo e Itabora\u00ed (DHNSG) foram cumprir mandado de pris\u00e3o preventiva contra o acusado no entorno da comunidade do Salgueiro. Contudo, na abordagem, o jovem atirou contra os policiais, o que gerou um confronto.<\/p>\n\n\n\n<figure class=\"wp-block-image size-large\"><img fetchpriority=\"high\" decoding=\"async\" width=\"1024\" height=\"640\" src=\"https:\/\/sgvaimudar.com.br\/wp-content\/uploads\/2025\/10\/1_wagner-37275174-1024x640.jpeg\" alt=\"\" class=\"wp-image-31970\" srcset=\"https:\/\/sgvaimudar.com.br\/wp-content\/uploads\/2025\/10\/1_wagner-37275174-1024x640.jpeg 1024w, https:\/\/sgvaimudar.com.br\/wp-content\/uploads\/2025\/10\/1_wagner-37275174-300x188.jpeg 300w, https:\/\/sgvaimudar.com.br\/wp-content\/uploads\/2025\/10\/1_wagner-37275174-768x480.jpeg 768w, https:\/\/sgvaimudar.com.br\/wp-content\/uploads\/2025\/10\/1_wagner-37275174.jpeg 1200w\" sizes=\"(max-width: 1024px) 100vw, 1024px\" \/><\/figure>\n\n\n\n<p>A corpora\u00e7\u00e3o informou que Wagner foi baleado e preso. Al\u00e9m do cumprimento do mandado pela tentativa de latroc\u00ednio, o qual era considerado foragido desde setembro, houve a autua\u00e7\u00e3o em flagrante pela tentativa de homic\u00eddio contra os policiais.\u00a0<\/p>\n\n\n\n<figure class=\"wp-block-video\"><video height=\"640\" style=\"aspect-ratio: 362 \/ 640;\" width=\"362\" controls src=\"https:\/\/sgvaimudar.com.br\/wp-content\/uploads\/2025\/10\/WhatsApp-Video-2025-10-17-at-12.16.19.mp4\"><\/video><\/figure>\n\n\n\n<p>Um v\u00eddeo que circula nas redes sociais mostra o momento em que Wagner \u00e9 preso. Ca\u00eddo no ch\u00e3o, ele recebe chutes de uma policial \u00e0 paisana que carrega um fuzil.\u00a0<\/p>\n\n\n\n<p>Com o homem, a equipe apreendeu um celular, uma motocicleta e um rev\u00f3lver calibre .38. O jovem tinha anota\u00e7\u00f5es\u00a0criminais pelos crimes de roubo e extors\u00e3o mediante sequestro.<\/p>\n\n\n\n<p><strong>RELEMBRE<\/strong>: O agente Lucas Lopes Mour\u00e3o foi\u00a0baleado na cabe\u00e7a em junho deste ano na Estrada do Pacheco, no bairro Lagoinha, tamb\u00e9m em S\u00e3o Gon\u00e7alo.\u00a0O policial havia deixado um bar no bairro Mutondo e pego seu ve\u00edculo em um posto de combust\u00edveis para ir at\u00e9 a casa de um amigo.<\/p>\n\n\n\n<p>Segundo as investiga\u00e7\u00f5es, Wagner e Yago Wagner Soares Silva,\u00a0preso em junho pelo crime, monitoravam a v\u00edtima no posto, depois de perceber o cord\u00e3o de ouro que ela usava. A dupla come\u00e7ou a segui-la, cada um conduzindo uma moto, at\u00e9 a Estrada do Pacheco, quando Yago parou <\/p>\n\n\n\n<p>o seu ve\u00edculo na cal\u00e7ada e subiu na garupa de Wagner. Ambos alcan\u00e7aram o policial quando ele estacionava um autom\u00f3vel.<\/p>\n\n\n\n<p>Feita a abordagem, Yago bateu no vidro da janela do lado do carona, anunciando o roubo. Lucas sacou sua pistola, saiu do carro e reagiu, iniciando um breve confronto. No entanto, o policial foi baleado na cabe\u00e7a e os criminosos fugiram.<\/p>\n\n\n\n<p>Bombeiros socorreram o agente e o encaminharam ao Hospital Estadual Alberto Torres, em S\u00e3o Gon\u00e7alo. Ele chegou a ficar internado em estado grav\u00edssimo.<\/p>\n\n\n\n<p>Yago, apontado como autor do tiro, foi preso tr\u00eas dias depois do crime junto com Jhonata Santos Correia, respons\u00e1vel por esconder uma das motos usadas na a\u00e7\u00e3o. Ambos foram detidos no bairro Trindade.<\/p>\n\n\n\n<p><em><strong>Fa\u00e7a sua den\u00fancia pelo nosso WhatsApp: (21)&nbsp;99744 5345<\/strong><\/em><\/p>\n\n\n\n<p><em><strong>S\u00e3o Gon\u00e7alo vai mudar: Not\u00edcias de S\u00e3o Gon\u00e7alo e toda regi\u00e3o.<\/strong><\/em><\/p>\n","protected":false},"excerpt":{"rendered":"<p>Wagner da Silva Vieira Patti, de 21 anos, era considerado foragido desde setembro Wagner da Silva Vieira Patti, de 21&hellip;<\/p>\n","protected":false},"author":5,"featured_media":31968,"comment_status":"closed","ping_status":"open","sticky":false,"template":"","format":"standard","meta":{"fifu_image_url":"","fifu_image_alt":"","footnotes":""},"categories":[32],"tags":[39,41,40,47,75],"class_list":["post-31965","post","type-post","status-publish","format-standard","has-post-thumbnail","hentry","category-casos-de-policia","tag-ataque","tag-conflito","tag-guerra","tag-rj","tag-sao-goncalo"],"_links":{"self":[{"href":"https:\/\/sgvaimudar.com.br\/index.php\/wp-json\/wp\/v2\/posts\/31965","targetHints":{"allow":["GET"]}}],"collection":[{"href":"https:\/\/sgvaimudar.com.br\/index.php\/wp-json\/wp\/v2\/posts"}],"about":[{"href":"https:\/\/sgvaimudar.com.br\/index.php\/wp-json\/wp\/v2\/types\/post"}],"author":[{"embeddable":true,"href":"https:\/\/sgvaimudar.com.br\/index.php\/wp-json\/wp\/v2\/users\/5"}],"replies":[{"embeddable":true,"href":"https:\/\/sgvaimudar.com.br\/index.php\/wp-json\/wp\/v2\/comments?post=31965"}],"version-history":[{"count":2,"href":"https:\/\/sgvaimudar.com.br\/index.php\/wp-json\/wp\/v2\/posts\/31965\/revisions"}],"predecessor-version":[{"id":31971,"href":"https:\/\/sgvaimudar.com.br\/index.php\/wp-json\/wp\/v2\/posts\/31965\/revisions\/31971"}],"wp:featuredmedia":[{"embeddable":true,"href":"https:\/\/sgvaimudar.com.br\/index.php\/wp-json\/wp\/v2\/media\/31968"}],"wp:attachment":[{"href":"https:\/\/sgvaimudar.com.br\/index.php\/wp-json\/wp\/v2\/media?parent=31965"}],"wp:term":[{"taxonomy":"category","embeddable":true,"href":"https:\/\/sgvaimudar.com.br\/index.php\/wp-json\/wp\/v2\/categories?post=31965"},{"taxonomy":"post_tag","embeddable":true,"href":"https:\/\/sgvaimudar.com.br\/index.php\/wp-json\/wp\/v2\/tags?post=31965"}],"curies":[{"name":"wp","href":"https:\/\/api.w.org\/{rel}","templated":true}]}}