{"id":31953,"date":"2025-10-17T13:00:00","date_gmt":"2025-10-17T16:00:00","guid":{"rendered":"https:\/\/sgvaimudar.com.br\/?p=31953"},"modified":"2025-10-17T11:15:09","modified_gmt":"2025-10-17T14:15:09","slug":"governador-do-rio-claudio-castro-sanciona-lei-que-cria-regras-mais-rigidas-para-a-saida-temporaria-de-presos","status":"publish","type":"post","link":"https:\/\/sgvaimudar.com.br\/index.php\/2025\/10\/17\/governador-do-rio-claudio-castro-sanciona-lei-que-cria-regras-mais-rigidas-para-a-saida-temporaria-de-presos\/","title":{"rendered":"Governador do Rio Cl\u00e1udio Castro sanciona lei que cria regras mais r\u00edgidas para a sa\u00edda tempor\u00e1ria de presos"},"content":{"rendered":"\n<p><em>A nova medida refor\u00e7a as a\u00e7\u00f5es de combate ao crime no Rio de Janeiro<\/em><\/p>\n\n\n\n<p>O Estado do Rio de Janeiro ter\u00e1 regras mais r\u00edgidas para conceder sa\u00edda tempor\u00e1ria nos pres\u00eddios administrados pelo Governo estadual. A determina\u00e7\u00e3o \u00e9 de uma lei sancionada pelo governador Cl\u00e1udio Castro e publicada no Di\u00e1rio Oficial do Poder Executivo desta sexta-feira (17\/10).\u00a0<\/p>\n\n\n\n<p>\u2013 \u00c9 um momento hist\u00f3rico para o Rio de Janeiro, somos o Estado que mais investe em seguran\u00e7a p\u00fablica e trabalhamos incansavelmente pela ado\u00e7\u00e3o de medidas mais firmes e eficientes contra o crime no nosso estado. A sa\u00edda tempor\u00e1ria concedida sem crit\u00e9rios coloca toda a sociedade em risco. Muitos presos que conseguiram o benef\u00edcio, t\u00eam acesso ao ambiente externo, cometem crimes. A nossa prioridade \u00e9 sempre garantir a seguran\u00e7a da nossa popula\u00e7\u00e3o \u2013 declarou o governador.<\/p>\n\n\n\n<p>As regras para permitir a sa\u00edda tempor\u00e1ria do preso, previstas na Lei de Execu\u00e7\u00e3o Penal (Lei 7.210\/84), dever\u00e3o ser verificadas com base na legisla\u00e7\u00e3o vigente no momento da concess\u00e3o do benef\u00edcio. Al\u00e9m disso, de acordo com a norma, ser\u00e1 necess\u00e1rio considerar uma s\u00e9rie de fatores para autorizar tanto a sa\u00edda tempor\u00e1ria, quanto o trabalho externo. S\u00e3o eles: a declara\u00e7\u00e3o de v\u00ednculo com fac\u00e7\u00e3o criminosa, informa\u00e7\u00f5es provenientes de investiga\u00e7\u00f5es que indiquem liga\u00e7\u00e3o com fac\u00e7\u00e3o, grau de periculosidade, comportamento durante o cumprimento da pena, al\u00e9m de hist\u00f3rico disciplinar. A decis\u00e3o, seja de autorizar ou negar o benef\u00edcio, deve ser fundamentada.<\/p>\n\n\n\n<p>A nova lei tamb\u00e9m cria o Programa de Gest\u00e3o de Risco nas Sa\u00eddas Tempor\u00e1rias, que ser\u00e1 gerido pela Secretaria de Estado de Administra\u00e7\u00e3o Penitenci\u00e1ria (SEAP), com objetivo de instituir protocolos t\u00e9cnicos e administrativos para monitorar, avaliar e controlar os riscos relacionados \u00e0 concess\u00e3o do benef\u00edcio.<\/p>\n\n\n\n<p>As diretrizes do Programa s\u00e3o: ado\u00e7\u00e3o de protocolos t\u00e9cnicos de avalia\u00e7\u00e3o de risco individual dos presos candidatos ao benef\u00edcio da sa\u00edda tempor\u00e1ria; possibilidade de utiliza\u00e7\u00e3o de monitoramento eletr\u00f4nico, observada a disponibilidade or\u00e7ament\u00e1ria e as normas federais aplic\u00e1veis; desenvolvimento e aprimoramento de sistemas de informa\u00e7\u00e3o destinados ao acompanhamento dos benefici\u00e1rios<\/p>\n\n\n\n<p>Estabelecimento de procedimentos preparat\u00f3rios voltados \u00e0 reinser\u00e7\u00e3o social e \u00e0 redu\u00e7\u00e3o de riscos durante a sa\u00edda; promo\u00e7\u00e3o da coopera\u00e7\u00e3o institucional entre o sistema penitenci\u00e1rio, o Poder Judici\u00e1rio, o Minist\u00e9rio P\u00fablico, a Defensoria P\u00fablica e demais \u00f3rg\u00e3os relacionados; al\u00e9m da produ\u00e7\u00e3o e divulga\u00e7\u00e3o peri\u00f3dica de relat\u00f3rios t\u00e9cnicos destinados ao acompanhamento e avalia\u00e7\u00e3o da pol\u00edtica criminal.<\/p>\n\n\n\n<p><em><strong>Fa\u00e7a sua den\u00fancia pelo nosso WhatsApp: (21)&nbsp;99744 5345<\/strong><\/em><\/p>\n\n\n\n<p><em><strong>S\u00e3o Gon\u00e7alo vai mudar: Not\u00edcias de S\u00e3o Gon\u00e7alo e toda regi\u00e3o.<\/strong><\/em><strong><em><\/em><\/strong><\/p>\n\n\n\n<figure class=\"wp-block-image size-large\"><img decoding=\"async\" width=\"1024\" height=\"46\" src=\"https:\/\/sgvaimudar.com.br\/wp-content\/uploads\/2023\/08\/Anuncie-Aqui-Sao-Goncalo-vai-mudar-1024x46.png\" alt=\"\" class=\"wp-image-2740\" srcset=\"https:\/\/sgvaimudar.com.br\/wp-content\/uploads\/2023\/08\/Anuncie-Aqui-Sao-Goncalo-vai-mudar-1024x46.png 1024w, https:\/\/sgvaimudar.com.br\/wp-content\/uploads\/2023\/08\/Anuncie-Aqui-Sao-Goncalo-vai-mudar-300x13.png 300w, https:\/\/sgvaimudar.com.br\/wp-content\/uploads\/2023\/08\/Anuncie-Aqui-Sao-Goncalo-vai-mudar-768x35.png 768w, https:\/\/sgvaimudar.com.br\/wp-content\/uploads\/2023\/08\/Anuncie-Aqui-Sao-Goncalo-vai-mudar-1536x69.png 1536w, https:\/\/sgvaimudar.com.br\/wp-content\/uploads\/2023\/08\/Anuncie-Aqui-Sao-Goncalo-vai-mudar.png 2002w\" sizes=\"(max-width: 1024px) 100vw, 1024px\" \/><\/figure>\n","protected":false},"excerpt":{"rendered":"<p>A nova medida refor\u00e7a as a\u00e7\u00f5es de combate ao crime no Rio de Janeiro O Estado do Rio de Janeiro&hellip;<\/p>\n","protected":false},"author":5,"featured_media":31954,"comment_status":"closed","ping_status":"open","sticky":false,"template":"","format":"standard","meta":{"fifu_image_url":"","fifu_image_alt":"","footnotes":""},"categories":[32],"tags":[39,41,40,47],"class_list":["post-31953","post","type-post","status-publish","format-standard","has-post-thumbnail","hentry","category-casos-de-policia","tag-ataque","tag-conflito","tag-guerra","tag-rj"],"_links":{"self":[{"href":"https:\/\/sgvaimudar.com.br\/index.php\/wp-json\/wp\/v2\/posts\/31953","targetHints":{"allow":["GET"]}}],"collection":[{"href":"https:\/\/sgvaimudar.com.br\/index.php\/wp-json\/wp\/v2\/posts"}],"about":[{"href":"https:\/\/sgvaimudar.com.br\/index.php\/wp-json\/wp\/v2\/types\/post"}],"author":[{"embeddable":true,"href":"https:\/\/sgvaimudar.com.br\/index.php\/wp-json\/wp\/v2\/users\/5"}],"replies":[{"embeddable":true,"href":"https:\/\/sgvaimudar.com.br\/index.php\/wp-json\/wp\/v2\/comments?post=31953"}],"version-history":[{"count":2,"href":"https:\/\/sgvaimudar.com.br\/index.php\/wp-json\/wp\/v2\/posts\/31953\/revisions"}],"predecessor-version":[{"id":31957,"href":"https:\/\/sgvaimudar.com.br\/index.php\/wp-json\/wp\/v2\/posts\/31953\/revisions\/31957"}],"wp:featuredmedia":[{"embeddable":true,"href":"https:\/\/sgvaimudar.com.br\/index.php\/wp-json\/wp\/v2\/media\/31954"}],"wp:attachment":[{"href":"https:\/\/sgvaimudar.com.br\/index.php\/wp-json\/wp\/v2\/media?parent=31953"}],"wp:term":[{"taxonomy":"category","embeddable":true,"href":"https:\/\/sgvaimudar.com.br\/index.php\/wp-json\/wp\/v2\/categories?post=31953"},{"taxonomy":"post_tag","embeddable":true,"href":"https:\/\/sgvaimudar.com.br\/index.php\/wp-json\/wp\/v2\/tags?post=31953"}],"curies":[{"name":"wp","href":"https:\/\/api.w.org\/{rel}","templated":true}]}}