{"id":31948,"date":"2025-10-17T15:00:00","date_gmt":"2025-10-17T18:00:00","guid":{"rendered":"https:\/\/sgvaimudar.com.br\/?p=31948"},"modified":"2025-10-17T10:55:59","modified_gmt":"2025-10-17T13:55:59","slug":"educacao-goncalense-investe-em-salas-de-recursos-para-melhorar-a-qualidade-do-ensino","status":"publish","type":"post","link":"https:\/\/sgvaimudar.com.br\/index.php\/2025\/10\/17\/educacao-goncalense-investe-em-salas-de-recursos-para-melhorar-a-qualidade-do-ensino\/","title":{"rendered":"Educa\u00e7\u00e3o gon\u00e7alense investe em salas de recursos para melhorar a qualidade do ensino"},"content":{"rendered":"\n<p><em>Atual gest\u00e3o j\u00e1 implantou o espa\u00e7o especial em 64 escolas municipais<\/em><\/p>\n\n\n\n<p>As Salas de Recursos da rede municipal de S\u00e3o Gon\u00e7alo \u00e9 uma realidade e t\u00eam se destacado pela excel\u00eancia no Atendimento Educacional Especializado (AEE). Com atividades adaptadas e materiais pedag\u00f3gicos espec\u00edficos para alunos com defici\u00eancia, transtornos globais do desenvolvimento, altas habilidades e superdota\u00e7\u00e3o o local s\u00f3 \u00e9 implantado se o gestor tiver sensibilidade e respeito. <\/p>\n\n\n\n<p>E isso que acontece com a gest\u00e3o do atual prefeito Capit\u00e3o Nelson que, logo que assumiu a Prefeitura, em seu primeiro mandato, em 2021, pegou o munic\u00edpio com apenas quatro salas em funcionamento e multiplicou o espa\u00e7o. Neste ano, j\u00e1 s\u00e3o 68 escolas beneficiadas por este trabalho que promove a inclus\u00e3o, garantindo que todos tenham condi\u00e7\u00f5es de aprender e participar plenamente da vida escolar.<\/p>\n\n\n\n<figure class=\"wp-block-image size-large\"><img fetchpriority=\"high\" decoding=\"async\" width=\"1024\" height=\"774\" src=\"https:\/\/sgvaimudar.com.br\/wp-content\/uploads\/2025\/10\/unnamed-14-4-1024x774.jpg\" alt=\"\" class=\"wp-image-31949\" srcset=\"https:\/\/sgvaimudar.com.br\/wp-content\/uploads\/2025\/10\/unnamed-14-4-1024x774.jpg 1024w, https:\/\/sgvaimudar.com.br\/wp-content\/uploads\/2025\/10\/unnamed-14-4-300x227.jpg 300w, https:\/\/sgvaimudar.com.br\/wp-content\/uploads\/2025\/10\/unnamed-14-4-768x580.jpg 768w, https:\/\/sgvaimudar.com.br\/wp-content\/uploads\/2025\/10\/unnamed-14-4.jpg 1425w\" sizes=\"(max-width: 1024px) 100vw, 1024px\" \/><\/figure>\n\n\n\n<p>Lucas Rychard, de 11 anos, diagnosticado com Transtorno do Espectro Autista (TEA), estuda na Escola Municipal Paulo Reglus Neves Freire, no Porto do Rosa. Sua m\u00e3e, Elinelma da Silva, se emociona com a evolu\u00e7\u00e3o do filho desde que come\u00e7ou a frequentar a Sala de Recursos, j\u00e1 que ele desenvolveu a leitura e a escrita, al\u00e9m da socializa\u00e7\u00e3o.<\/p>\n\n\n\n<p>\u201cCom o passar do tempo, ele conseguiu desenvolver muito a fala, acompanhar melhor a li\u00e7\u00e3o, juntar s\u00edlabas e ler frases, al\u00e9m de explicar o contexto de uma hist\u00f3ria com mais complexidade, coisa que ele n\u00e3o conseguia antes. \u00c9 muito gratificante ver o desenvolvimento dele, a dificuldade que ele tinha era muito frustrante. Al\u00e9m disso, com a ajuda da professora da Sala de Recursos, eu tamb\u00e9m fui aprendendo como lidar e como ajudar o meu filho a aprender\u201d, disse Elinelma.<\/p>\n\n\n\n<figure class=\"wp-block-image size-large\"><img decoding=\"async\" width=\"1024\" height=\"684\" src=\"https:\/\/sgvaimudar.com.br\/wp-content\/uploads\/2025\/10\/unnamed-13-3-1024x684.jpg\" alt=\"\" class=\"wp-image-31951\" srcset=\"https:\/\/sgvaimudar.com.br\/wp-content\/uploads\/2025\/10\/unnamed-13-3-1024x684.jpg 1024w, https:\/\/sgvaimudar.com.br\/wp-content\/uploads\/2025\/10\/unnamed-13-3-300x200.jpg 300w, https:\/\/sgvaimudar.com.br\/wp-content\/uploads\/2025\/10\/unnamed-13-3-768x513.jpg 768w, https:\/\/sgvaimudar.com.br\/wp-content\/uploads\/2025\/10\/unnamed-13-3-1536x1027.jpg 1536w, https:\/\/sgvaimudar.com.br\/wp-content\/uploads\/2025\/10\/unnamed-13-3.jpg 1616w\" sizes=\"(max-width: 1024px) 100vw, 1024px\" \/><\/figure>\n\n\n\n<p>A m\u00e3e do Natan, de 6 anos, do Jardim de Inf\u00e2ncia Menino Jesus, no Boa\u00e7u, Rosemeri Oliveira, refor\u00e7a a necessidade da troca entre a fam\u00edlia e a escola. Para ela, conversar com a professora, refor\u00e7ar o que foi aprendido na escola dentro de casa, entender o que est\u00e1 sendo trabalhado, \u00e9 a melhor forma de fazer com que o filho continue avan\u00e7ando.<\/p>\n\n\n\n<p>\u201cEle entrou aqui ainda sem o diagn\u00f3stico, mas foi abra\u00e7ado pela equipe pedag\u00f3gica. Fomos investigar e descobrimos o Autismo, al\u00e9m do Transtorno do D\u00e9ficit de Aten\u00e7\u00e3o e Hiperatividade (TDAH) e o Transtorno Opositor Desafiador (TOD). Foi muito dif\u00edcil, mas com o aux\u00edlio da Sala de Recursos, ele conseguiu se desenvolver bem. Eu tento auxiliar ao m\u00e1ximo a professora, trabalho em casa com ele, a fam\u00edlia e escola t\u00eam que andar juntas\u201d, afirmou Rosemeri.<\/p>\n\n\n\n<p><em>Fotos: Renan Otto<\/em><\/p>\n\n\n\n<p><em><strong>S\u00e3o Gon\u00e7alo vai mudar: Not\u00edcias de S\u00e3o Gon\u00e7alo e toda regi\u00e3o.<\/strong><\/em><\/p>\n\n\n\n<figure class=\"wp-block-image size-full\"><img decoding=\"async\" width=\"251\" height=\"88\" src=\"https:\/\/sgvaimudar.com.br\/wp-content\/uploads\/2023\/08\/Logo.png\" alt=\"\" class=\"wp-image-2738\" \/><\/figure>\n\n\n\n<p><\/p>\n","protected":false},"excerpt":{"rendered":"<p>Atual gest\u00e3o j\u00e1 implantou o espa\u00e7o especial em 64 escolas municipais As Salas de Recursos da rede municipal de S\u00e3o&hellip;<\/p>\n","protected":false},"author":5,"featured_media":31950,"comment_status":"closed","ping_status":"open","sticky":false,"template":"","format":"standard","meta":{"fifu_image_url":"","fifu_image_alt":"","footnotes":""},"categories":[3],"tags":[47,75],"class_list":["post-31948","post","type-post","status-publish","format-standard","has-post-thumbnail","hentry","category-sao-goncalo","tag-rj","tag-sao-goncalo"],"_links":{"self":[{"href":"https:\/\/sgvaimudar.com.br\/index.php\/wp-json\/wp\/v2\/posts\/31948","targetHints":{"allow":["GET"]}}],"collection":[{"href":"https:\/\/sgvaimudar.com.br\/index.php\/wp-json\/wp\/v2\/posts"}],"about":[{"href":"https:\/\/sgvaimudar.com.br\/index.php\/wp-json\/wp\/v2\/types\/post"}],"author":[{"embeddable":true,"href":"https:\/\/sgvaimudar.com.br\/index.php\/wp-json\/wp\/v2\/users\/5"}],"replies":[{"embeddable":true,"href":"https:\/\/sgvaimudar.com.br\/index.php\/wp-json\/wp\/v2\/comments?post=31948"}],"version-history":[{"count":1,"href":"https:\/\/sgvaimudar.com.br\/index.php\/wp-json\/wp\/v2\/posts\/31948\/revisions"}],"predecessor-version":[{"id":31952,"href":"https:\/\/sgvaimudar.com.br\/index.php\/wp-json\/wp\/v2\/posts\/31948\/revisions\/31952"}],"wp:featuredmedia":[{"embeddable":true,"href":"https:\/\/sgvaimudar.com.br\/index.php\/wp-json\/wp\/v2\/media\/31950"}],"wp:attachment":[{"href":"https:\/\/sgvaimudar.com.br\/index.php\/wp-json\/wp\/v2\/media?parent=31948"}],"wp:term":[{"taxonomy":"category","embeddable":true,"href":"https:\/\/sgvaimudar.com.br\/index.php\/wp-json\/wp\/v2\/categories?post=31948"},{"taxonomy":"post_tag","embeddable":true,"href":"https:\/\/sgvaimudar.com.br\/index.php\/wp-json\/wp\/v2\/tags?post=31948"}],"curies":[{"name":"wp","href":"https:\/\/api.w.org\/{rel}","templated":true}]}}