{"id":31941,"date":"2025-10-17T14:00:00","date_gmt":"2025-10-17T17:00:00","guid":{"rendered":"https:\/\/sgvaimudar.com.br\/?p=31941"},"modified":"2025-10-17T10:45:07","modified_gmt":"2025-10-17T13:45:07","slug":"justica-proibe-entrada-de-vereadores-em-escolas-municipais","status":"publish","type":"post","link":"https:\/\/sgvaimudar.com.br\/index.php\/2025\/10\/17\/justica-proibe-entrada-de-vereadores-em-escolas-municipais\/","title":{"rendered":"Justi\u00e7a pro\u00edbe entrada de vereadores em escolas municipais"},"content":{"rendered":"\n<p><em>A decis\u00e3o ocorreu depois que a Prefeitura de Niter\u00f3i recorreu \u00e0 Justi\u00e7a devido a relatos de parlamentares que interromperam as as atividades pedag\u00f3gicas <\/em><\/p>\n\n\n\n<p>A Justi\u00e7a de Niter\u00f3i decidiu que vereadores s\u00f3 podem entrar em escolas municipais durante o hor\u00e1rio de aula com autoriza\u00e7\u00e3o da C\u00e2mara e aviso pr\u00e9vio \u00e0 Secretaria de Educa\u00e7\u00e3o e \u00e0s dire\u00e7\u00f5es; al\u00e9m disso, ficou proibida a grava\u00e7\u00e3o e divulga\u00e7\u00e3o de imagens de alunos e espa\u00e7os internos sem consentimento dos respons\u00e1veis.<\/p>\n\n\n\n<p>A decis\u00e3o ocorreu depois que a Prefeitura de Niter\u00f3i recorreu \u00e0 Justi\u00e7a devido a relatos de parlamentares visitando escolas durante o expediente, gravando v\u00eddeos e interrompendo as atividades pedag\u00f3gicas. Segundo o munic\u00edpio, essas visitas comprometiam a rotina escolar e a seguran\u00e7a de crian\u00e7as e adolescentes.<\/p>\n\n\n\n<p>Segundo a Vara da Inf\u00e2ncia e Juventude de Niter\u00f3i, a determina\u00e7\u00e3o busca preservar o ambiente educacional e a seguran\u00e7a dos estudantes e profissionais da rede municipal. A Justi\u00e7a destacou que o acesso \u00e0s unidades dever\u00e1 seguir regras claras e transparentes, respeitando a Lei Geral de Prote\u00e7\u00e3o de Dados (LGPD).<\/p>\n\n\n\n<p>Al\u00e9m de vetar a entrada sem autoriza\u00e7\u00e3o, a liminar pro\u00edbe a capta\u00e7\u00e3o e a divulga\u00e7\u00e3o de imagens de alunos ou de \u00e1reas internas das escolas sem consentimento dos respons\u00e1veis. Tamb\u00e9m fica vedado o acesso de pessoas n\u00e3o identificadas ou sem v\u00ednculo institucional com o munic\u00edpio.<\/p>\n\n\n\n<p>O descumprimento da decis\u00e3o poder\u00e1 resultar em multa di\u00e1ria de R$ 5 mil, limitada a R$ 250 mil por r\u00e9u, al\u00e9m de responsabiliza\u00e7\u00e3o por crime de desobedi\u00eancia. A Justi\u00e7a determinou ainda que publica\u00e7\u00f5es, v\u00eddeos ou fotos divulgados irregularmente sejam removidos em at\u00e9 48 horas.<\/p>\n\n\n\n<p><em>Foto: S\u00e9rgio Gomes<\/em><\/p>\n\n\n\n<p><em><strong>S\u00e3o Gon\u00e7alo vai mudar: Not\u00edcias de S\u00e3o Gon\u00e7alo e toda regi\u00e3o.<\/strong><\/em><\/p>\n\n\n\n<figure class=\"wp-block-image size-large\"><img decoding=\"async\" width=\"1024\" height=\"46\" src=\"https:\/\/sgvaimudar.com.br\/wp-content\/uploads\/2023\/08\/Anuncie-Aqui-Sao-Goncalo-vai-mudar-1024x46.png\" alt=\"\" class=\"wp-image-2740\" srcset=\"https:\/\/sgvaimudar.com.br\/wp-content\/uploads\/2023\/08\/Anuncie-Aqui-Sao-Goncalo-vai-mudar-1024x46.png 1024w, https:\/\/sgvaimudar.com.br\/wp-content\/uploads\/2023\/08\/Anuncie-Aqui-Sao-Goncalo-vai-mudar-300x13.png 300w, https:\/\/sgvaimudar.com.br\/wp-content\/uploads\/2023\/08\/Anuncie-Aqui-Sao-Goncalo-vai-mudar-768x35.png 768w, https:\/\/sgvaimudar.com.br\/wp-content\/uploads\/2023\/08\/Anuncie-Aqui-Sao-Goncalo-vai-mudar-1536x69.png 1536w, https:\/\/sgvaimudar.com.br\/wp-content\/uploads\/2023\/08\/Anuncie-Aqui-Sao-Goncalo-vai-mudar.png 2002w\" sizes=\"(max-width: 1024px) 100vw, 1024px\" \/><\/figure>\n","protected":false},"excerpt":{"rendered":"<p>A decis\u00e3o ocorreu depois que a Prefeitura de Niter\u00f3i recorreu \u00e0 Justi\u00e7a devido a relatos de parlamentares que interromperam as&hellip;<\/p>\n","protected":false},"author":5,"featured_media":10258,"comment_status":"closed","ping_status":"open","sticky":false,"template":"","format":"standard","meta":{"fifu_image_url":"","fifu_image_alt":"","footnotes":""},"categories":[34],"tags":[39,41,74,47,73],"class_list":["post-31941","post","type-post","status-publish","format-standard","has-post-thumbnail","hentry","category-niteroi","tag-ataque","tag-conflito","tag-eleicao","tag-rj","tag-votacao"],"_links":{"self":[{"href":"https:\/\/sgvaimudar.com.br\/index.php\/wp-json\/wp\/v2\/posts\/31941","targetHints":{"allow":["GET"]}}],"collection":[{"href":"https:\/\/sgvaimudar.com.br\/index.php\/wp-json\/wp\/v2\/posts"}],"about":[{"href":"https:\/\/sgvaimudar.com.br\/index.php\/wp-json\/wp\/v2\/types\/post"}],"author":[{"embeddable":true,"href":"https:\/\/sgvaimudar.com.br\/index.php\/wp-json\/wp\/v2\/users\/5"}],"replies":[{"embeddable":true,"href":"https:\/\/sgvaimudar.com.br\/index.php\/wp-json\/wp\/v2\/comments?post=31941"}],"version-history":[{"count":3,"href":"https:\/\/sgvaimudar.com.br\/index.php\/wp-json\/wp\/v2\/posts\/31941\/revisions"}],"predecessor-version":[{"id":31947,"href":"https:\/\/sgvaimudar.com.br\/index.php\/wp-json\/wp\/v2\/posts\/31941\/revisions\/31947"}],"wp:featuredmedia":[{"embeddable":true,"href":"https:\/\/sgvaimudar.com.br\/index.php\/wp-json\/wp\/v2\/media\/10258"}],"wp:attachment":[{"href":"https:\/\/sgvaimudar.com.br\/index.php\/wp-json\/wp\/v2\/media?parent=31941"}],"wp:term":[{"taxonomy":"category","embeddable":true,"href":"https:\/\/sgvaimudar.com.br\/index.php\/wp-json\/wp\/v2\/categories?post=31941"},{"taxonomy":"post_tag","embeddable":true,"href":"https:\/\/sgvaimudar.com.br\/index.php\/wp-json\/wp\/v2\/tags?post=31941"}],"curies":[{"name":"wp","href":"https:\/\/api.w.org\/{rel}","templated":true}]}}