{"id":31936,"date":"2025-10-17T17:00:00","date_gmt":"2025-10-17T20:00:00","guid":{"rendered":"https:\/\/sgvaimudar.com.br\/?p=31936"},"modified":"2025-10-17T10:59:22","modified_gmt":"2025-10-17T13:59:22","slug":"prefeito-capitao-nelson-lanca-plataforma-de-analise-de-dados-e-indicadores-do-municipio","status":"publish","type":"post","link":"https:\/\/sgvaimudar.com.br\/index.php\/2025\/10\/17\/prefeito-capitao-nelson-lanca-plataforma-de-analise-de-dados-e-indicadores-do-municipio\/","title":{"rendered":"Prefeito Capit\u00e3o Nelson lan\u00e7a plataforma de an\u00e1lise de dados e indicadores do munic\u00edpio"},"content":{"rendered":"\n<p><em>O chefe do Executivo gon\u00e7alense disse que o Observat\u00f3rio Fortalece SG \u00e9 uma parceria da Prefeitura com o ONU-Habitat<\/em><\/p>\n\n\n\n<p>Na tarde desta quinta-feira (16), foi lan\u00e7ado o Observat\u00f3rio Fortalece S\u00e3o Gon\u00e7alo. A plataforma que monitora dados e conhecimentos sobre o munic\u00edpio \u00e9 uma realiza\u00e7\u00e3o da Prefeitura de S\u00e3o Gon\u00e7alo, atrav\u00e9s da Secretaria de Gest\u00e3o Integrada e Projetos Especiais, em parceria com o Programa das Na\u00e7\u00f5es Unidas para os Assentamentos Humanos (ONU-Habitat). O evento de lan\u00e7amento ocorreu no Teatro Municipal, no Centro.<\/p>\n\n\n\n<p>O objetivo do Observat\u00f3rio \u00e9 orientar a gest\u00e3o p\u00fablica com evid\u00eancias e apoiar no planejamento de a\u00e7\u00f5es do governo, na prioriza\u00e7\u00e3o de recursos e nos processos de monitoramento e avalia\u00e7\u00e3o das pol\u00edticas. Este projeto consolida S\u00e3o Gon\u00e7alo como cidade refer\u00eancia em an\u00e1lise e formula\u00e7\u00e3o de pol\u00edticas p\u00fablicas pautadas em dados e evid\u00eancias, refor\u00e7ando seu compromisso com a inova\u00e7\u00e3o, a transpar\u00eancia e a gest\u00e3o eficiente.<\/p>\n\n\n\n<figure class=\"wp-block-image size-large\"><img fetchpriority=\"high\" decoding=\"async\" width=\"1024\" height=\"684\" src=\"https:\/\/sgvaimudar.com.br\/wp-content\/uploads\/2025\/10\/unnamed-8-8-1024x684.jpg\" alt=\"\" class=\"wp-image-31938\" srcset=\"https:\/\/sgvaimudar.com.br\/wp-content\/uploads\/2025\/10\/unnamed-8-8-1024x684.jpg 1024w, https:\/\/sgvaimudar.com.br\/wp-content\/uploads\/2025\/10\/unnamed-8-8-300x200.jpg 300w, https:\/\/sgvaimudar.com.br\/wp-content\/uploads\/2025\/10\/unnamed-8-8-768x513.jpg 768w, https:\/\/sgvaimudar.com.br\/wp-content\/uploads\/2025\/10\/unnamed-8-8-1536x1027.jpg 1536w, https:\/\/sgvaimudar.com.br\/wp-content\/uploads\/2025\/10\/unnamed-8-8.jpg 1616w\" sizes=\"(max-width: 1024px) 100vw, 1024px\" \/><\/figure>\n\n\n\n<p>O prefeito Capit\u00e3o Nelson participou da abertura do evento e demonstrou o valor de uma plataforma como essa para os avan\u00e7os na cidade.<\/p>\n\n\n\n<p>\u201cAgrade\u00e7o ao ONU-Habitat e a todas as secretarias que colaboraram para essa conquista. O Observat\u00f3rio \u00e9 uma grande ferramenta para n\u00f3s. S\u00e3o Gon\u00e7alo sofreu com d\u00e9cadas de atraso e precis\u00e1vamos avan\u00e7ar em todas as dire\u00e7\u00f5es, mas n\u00e3o t\u00ednhamos onde verificar os dados. Esse trabalho vai nortear qualquer tomada de decis\u00e3o futura. N\u00e3o podemos ficar estacionados no tempo e agora temos mais de 130 indicadores para colaborar com a nossa gest\u00e3o\u201d, disse o prefeito.<\/p>\n\n\n\n<p>O secret\u00e1rio de Estado das Cidades, Douglas Ruas, representou o Governo do Estado na cerim\u00f4nia de lan\u00e7amento.<\/p>\n\n\n\n<p>\u201c\u00c9 uma grande satisfa\u00e7\u00e3o estar representando o Estado aqui na minha cidade. \u00c9 um momento muito importante, pois al\u00e9m de uma plataforma tecnol\u00f3gica, esse lan\u00e7amento \u00e9 uma mudan\u00e7a de gest\u00e3o p\u00fablica. A partir de agora, a cidade passa a planejar o futuro com base em dados e evid\u00eancias, com participa\u00e7\u00e3o popular. O nome Fortalece S\u00e3o Gon\u00e7alo \u00e9 super assertivo, pois, mesmo que o governo do prefeito Capit\u00e3o Nelson tenha sucesso, o Observat\u00f3rio veio para fortalecer e aprimorar a gest\u00e3o do munic\u00edpio\u201d, destacou o secret\u00e1rio estadual.<\/p>\n\n\n\n<figure class=\"wp-block-image size-large\"><img decoding=\"async\" width=\"1024\" height=\"684\" src=\"https:\/\/sgvaimudar.com.br\/wp-content\/uploads\/2025\/10\/unnamed-9-8-1024x684.jpg\" alt=\"\" class=\"wp-image-31939\" srcset=\"https:\/\/sgvaimudar.com.br\/wp-content\/uploads\/2025\/10\/unnamed-9-8-1024x684.jpg 1024w, https:\/\/sgvaimudar.com.br\/wp-content\/uploads\/2025\/10\/unnamed-9-8-300x200.jpg 300w, https:\/\/sgvaimudar.com.br\/wp-content\/uploads\/2025\/10\/unnamed-9-8-768x513.jpg 768w, https:\/\/sgvaimudar.com.br\/wp-content\/uploads\/2025\/10\/unnamed-9-8-1536x1027.jpg 1536w, https:\/\/sgvaimudar.com.br\/wp-content\/uploads\/2025\/10\/unnamed-9-8.jpg 1616w\" sizes=\"(max-width: 1024px) 100vw, 1024px\" \/><\/figure>\n\n\n\n<p>A chefe do Escrit\u00f3rio do Brasil do ONU-Habitat, Rayne Ferreti, fez quest\u00e3o de ressaltar a transforma\u00e7\u00e3o que a cidade de S\u00e3o Gon\u00e7alo est\u00e1 vivendo desde a primeira gest\u00e3o do prefeito Capit\u00e3o Nelson.<\/p>\n\n\n\n<p>\u201cQuando comecei a trabalhar na ONU, bem novinha, eu j\u00e1 vinha para S\u00e3o Gon\u00e7alo e, hoje, \u00e9 impressionante ver aonde a cidade chegou. O munic\u00edpio j\u00e1 conta com projetos aprovados em programas dos governos estadual e federal, como o PAC da Ipuca e de Neves; podemos ver a cidade concorrendo e recebendo v\u00e1rios pr\u00eamios nacionais. Estou sempre vendo a cidade presente em diversos eventos importantes no Pa\u00eds e avan\u00e7ando muito. Com o lan\u00e7amento do observat\u00f3rio, o prefeito vai poder saber o que est\u00e1 funcionando e o que pode melhorar\u201d, afirmou Rayne Ferreti.<\/p>\n\n\n\n<p>A secret\u00e1ria municipal de Gest\u00e3o Integrada e Projetos Especiais, Rafaela Santana, destacou a import\u00e2ncia do Observat\u00f3rio para garantir que a cidade continue avan\u00e7ando em todas as \u00e1reas.<\/p>\n\n\n\n<p>\u201cNo in\u00edcio da gest\u00e3o do prefeito Capit\u00e3o Nelson, identificamos a\u00e7\u00f5es que outros governos n\u00e3o praticavam, como priorizar o planejamento, a renova\u00e7\u00e3o e a cultura de dados dentro da administra\u00e7\u00e3o p\u00fablica. \u00c9 com muito orgulho que hoje, ap\u00f3s um trabalho \u00e1rduo, estamos colocando essa plataforma \u00e0 disposi\u00e7\u00e3o de todos. E, com ela, n\u00f3s, da gest\u00e3o, vamos seguir transformando S\u00e3o Gon\u00e7alo em uma cidade mais justa, inclusiva e inteligente\u201d, garantiu Rafaela.<\/p>\n\n\n\n<p>Pain\u00e9is debatem avan\u00e7os nas cidades \u2013 No evento, foram apresentados os pain\u00e9is \u201cCidades Inteligentes\u201d e \u201cInterc\u00e2mbio de Observat\u00f3rios\u201d, mediados pelo mestre em Pol\u00edticas P\u00fablicas e especialista em Pol\u00edticas P\u00fablicas e Gest\u00e3o Governamental do Estado do Rio de Janeiro, Leandro Damaceno. No primeiro, foram apresentadas as inova\u00e7\u00f5es e propostas de uma cidade inteligente pela Prefeitura de S\u00e3o Gon\u00e7alo, pela Secretaria de Estado das Cidades e pelo Instituto Rio Metr\u00f3pole, destacadas, respectivamente, pelo secret\u00e1rio municipal de Governo, F\u00e1bio Vianna, pelo secret\u00e1rio de Estado das Cidades, Douglas Ruas, e pela coordenadora de Planejamento e Projetos do Instituto Rio Metr\u00f3pole, Amanda Ithala.<\/p>\n\n\n\n<p>O segundo painel apresentou a trajet\u00f3ria da forma\u00e7\u00e3o e o objetivo dos observat\u00f3rios, com a participa\u00e7\u00e3o da secret\u00e1ria Rafaela Santana, da assessora de Projetos da Seplag de Alagoas, Kamylla Dantas, e pela diretora do Observat\u00f3rio de Governan\u00e7a Municipal de Fortaleza, Maria Izabel Feitosa Accioly.<\/p>\n\n\n\n<p>Durante o lan\u00e7amento do Observat\u00f3rio, tamb\u00e9m foram distribu\u00eddos os certificados de conclus\u00e3o da Capacita\u00e7\u00e3o em Gest\u00e3o P\u00fablica baseada em Dados, um programa do Fortalece S\u00e3o Gon\u00e7alo, que capacitou mais de 40 servidoras e servidores da cidade no uso de dados para planejar pol\u00edticas p\u00fablicas mais eficazes.<\/p>\n\n\n\n<p>Al\u00e9m dos formandos da capacita\u00e7\u00e3o, tamb\u00e9m estiveram presentes no evento representantes do Poder Legislativo municipal.<\/p>\n\n\n\n<p><strong>Fortalece S\u00e3o Gon\u00e7alo<\/strong> \u2013 A iniciativa Fortalece S\u00e3o Gon\u00e7alo foi lan\u00e7ada em junho de 2024, consolidando a parceria pioneira entre o ONU-Habitat e a Prefeitura para aprimorar a gest\u00e3o do munic\u00edpio e planejar e implementar pol\u00edticas p\u00fablicas baseadas em dados, reduzindo as desigualdades, buscando a erradica\u00e7\u00e3o da pobreza e a prote\u00e7\u00e3o do meio ambiente, beneficiando ainda mais a popula\u00e7\u00e3o, dentro dos Objetivos de Desenvolvimento Sustent\u00e1vel (ODS) da ONU no \u00e2mbito municipal.<\/p>\n\n\n\n<p><em>Fotos: Renan Otto<\/em><\/p>\n\n\n\n<p><em><strong>S\u00e3o Gon\u00e7alo vai mudar: Not\u00edcias de S\u00e3o Gon\u00e7alo e toda regi\u00e3o.<\/strong><\/em><\/p>\n\n\n\n<figure class=\"wp-block-image size-large\"><img decoding=\"async\" width=\"1024\" height=\"46\" src=\"https:\/\/sgvaimudar.com.br\/wp-content\/uploads\/2023\/08\/Anuncie-Aqui-Sao-Goncalo-vai-mudar-1024x46.png\" alt=\"\" class=\"wp-image-2740\" srcset=\"https:\/\/sgvaimudar.com.br\/wp-content\/uploads\/2023\/08\/Anuncie-Aqui-Sao-Goncalo-vai-mudar-1024x46.png 1024w, https:\/\/sgvaimudar.com.br\/wp-content\/uploads\/2023\/08\/Anuncie-Aqui-Sao-Goncalo-vai-mudar-300x13.png 300w, https:\/\/sgvaimudar.com.br\/wp-content\/uploads\/2023\/08\/Anuncie-Aqui-Sao-Goncalo-vai-mudar-768x35.png 768w, https:\/\/sgvaimudar.com.br\/wp-content\/uploads\/2023\/08\/Anuncie-Aqui-Sao-Goncalo-vai-mudar-1536x69.png 1536w, https:\/\/sgvaimudar.com.br\/wp-content\/uploads\/2023\/08\/Anuncie-Aqui-Sao-Goncalo-vai-mudar.png 2002w\" sizes=\"(max-width: 1024px) 100vw, 1024px\" \/><\/figure>\n","protected":false},"excerpt":{"rendered":"<p>O chefe do Executivo gon\u00e7alense disse que o Observat\u00f3rio Fortalece SG \u00e9 uma parceria da Prefeitura com o ONU-Habitat Na&hellip;<\/p>\n","protected":false},"author":5,"featured_media":31937,"comment_status":"closed","ping_status":"open","sticky":false,"template":"","format":"standard","meta":{"fifu_image_url":"","fifu_image_alt":"","footnotes":""},"categories":[3],"tags":[47,75],"class_list":["post-31936","post","type-post","status-publish","format-standard","has-post-thumbnail","hentry","category-sao-goncalo","tag-rj","tag-sao-goncalo"],"_links":{"self":[{"href":"https:\/\/sgvaimudar.com.br\/index.php\/wp-json\/wp\/v2\/posts\/31936","targetHints":{"allow":["GET"]}}],"collection":[{"href":"https:\/\/sgvaimudar.com.br\/index.php\/wp-json\/wp\/v2\/posts"}],"about":[{"href":"https:\/\/sgvaimudar.com.br\/index.php\/wp-json\/wp\/v2\/types\/post"}],"author":[{"embeddable":true,"href":"https:\/\/sgvaimudar.com.br\/index.php\/wp-json\/wp\/v2\/users\/5"}],"replies":[{"embeddable":true,"href":"https:\/\/sgvaimudar.com.br\/index.php\/wp-json\/wp\/v2\/comments?post=31936"}],"version-history":[{"count":1,"href":"https:\/\/sgvaimudar.com.br\/index.php\/wp-json\/wp\/v2\/posts\/31936\/revisions"}],"predecessor-version":[{"id":31940,"href":"https:\/\/sgvaimudar.com.br\/index.php\/wp-json\/wp\/v2\/posts\/31936\/revisions\/31940"}],"wp:featuredmedia":[{"embeddable":true,"href":"https:\/\/sgvaimudar.com.br\/index.php\/wp-json\/wp\/v2\/media\/31937"}],"wp:attachment":[{"href":"https:\/\/sgvaimudar.com.br\/index.php\/wp-json\/wp\/v2\/media?parent=31936"}],"wp:term":[{"taxonomy":"category","embeddable":true,"href":"https:\/\/sgvaimudar.com.br\/index.php\/wp-json\/wp\/v2\/categories?post=31936"},{"taxonomy":"post_tag","embeddable":true,"href":"https:\/\/sgvaimudar.com.br\/index.php\/wp-json\/wp\/v2\/tags?post=31936"}],"curies":[{"name":"wp","href":"https:\/\/api.w.org\/{rel}","templated":true}]}}