{"id":31928,"date":"2025-10-17T12:00:00","date_gmt":"2025-10-17T15:00:00","guid":{"rendered":"https:\/\/sgvaimudar.com.br\/?p=31928"},"modified":"2025-10-17T13:45:47","modified_gmt":"2025-10-17T16:45:47","slug":"impasse-rodoviarios-se-preparam-para-entrar-em-greve-e-goncalenses-vao-ficar-a-pe","status":"publish","type":"post","link":"https:\/\/sgvaimudar.com.br\/index.php\/2025\/10\/17\/impasse-rodoviarios-se-preparam-para-entrar-em-greve-e-goncalenses-vao-ficar-a-pe\/","title":{"rendered":"Impasse: Rodovi\u00e1rios se preparam para entrar em greve e gon\u00e7alenses podem ficar a p\u00e9"},"content":{"rendered":"\n<p><em>Os trabalhadores reivindicam 15% de reajuste salarial, cesta b\u00e1sica de R$ 600,00 e o fim da circula\u00e7\u00e3o de dinheiro nos \u00f4nibus, com implanta\u00e7\u00e3o de um sistema de cobran\u00e7a inteligente, que aceite PIX e cart\u00f5es banc\u00e1rios<\/em><\/p>\n\n\n\n<p>A primeira audi\u00eancia de concilia\u00e7\u00e3o no Minist\u00e9rio P\u00fablico do Trabalho (MPT), realizada nesta quinta-feira (16\/10), entre representantes do Sindicato dos Rodovi\u00e1rios de Niter\u00f3i a Arraial do Cabo (Sintronac) e empres\u00e1rios de \u00f4nibus de S\u00e3o Gon\u00e7alo terminou sem acordo. A Prefeitura Municipal, mesmo intimada, n\u00e3o compareceu \u00e0 mesa de negocia\u00e7\u00f5es.<\/p>\n\n\n\n<p>Segundo o Sindicato, est\u00e1 marcada para 22 de outubro, \u00e0s 15h, uma audi\u00eancia na 8\u00aa Vara C\u00edvel de S\u00e3o Gon\u00e7alo, solicitada com urg\u00eancia pela municipalidade, que vai debater com os empres\u00e1rios de \u00f4nibus o reajuste do valor das passagens.<\/p>\n\n\n\n<p>&#8220;O resultado desta audi\u00eancia do dia 22 ser\u00e1 decisivo para os rodovi\u00e1rios entrarem ou n\u00e3o em greve a partir da data-base da categoria, que \u00e9 1\u00ba de novembro. O Sintronac convocar\u00e1 uma assembleia para definir a data de deflagra\u00e7\u00e3o do movimento, caso as empresas insistam em n\u00e3o negociar o reajuste salarial dos trabalhadores para este ano&#8221;, disse a entidade no texto.<\/p>\n\n\n\n<p>Os empres\u00e1rios de \u00f4nibus de S\u00e3o Gon\u00e7alo alegam que n\u00e3o podem participar das negocia\u00e7\u00f5es salariais com os rodovi\u00e1rios, pois o valor das passagens municipais est\u00e1 congelado em R$ 3,95 h\u00e1 oito anos e, sem a quita\u00e7\u00e3o das gratuidades, as companhias&nbsp;entrar\u00e3o em colapso financeiro e ser\u00e3o obrigadas a reduzir linhas e demitir em massa.<\/p>\n\n\n\n<p>De acordo com o presidente do Sintronac, Rubens dos Santos Oliveira, a poss\u00edvel paralisa\u00e7\u00e3o de \u00f4nibus em S\u00e3o Gon\u00e7alo ter\u00e1 grande impacto na economia da cidade, que, proporcionalmente, est\u00e1 em primeiro lugar no pa\u00eds na utiliza\u00e7\u00e3o desse meio de transporte no deslocamento dos moradores para o trabalho.<\/p>\n\n\n\n<p>Dados do Censo de 2022, divulgados pelo Instituto Brasileiro de Geografia e Estat\u00edstica (IBGE) semana passada, revelam que 58,42% da popula\u00e7\u00e3o economicamente ativa do munic\u00edpio usam \u00f4nibus, o que representa um universo de 159.811 pessoas. Ao mesmo tempo, 56,12%, ou 195.467 residentes, trabalham na pr\u00f3pria cidade.<\/p>\n\n\n\n<p>\u201cApelamos ao poder concedente, a Prefeitura de S\u00e3o Gon\u00e7alo, que intervenha nesse processo, pois os trabalhadores rodovi\u00e1rios n\u00e3o podem mais ser penalizados em quest\u00f5es que n\u00e3o lhes dizem respeito. N\u00e3o vamos permitir a cria\u00e7\u00e3o de dois pisos salariais em uma mesma regi\u00e3o, pois os munic\u00edpios de Niter\u00f3i, Maric\u00e1, Itabora\u00ed e Tangu\u00e1 n\u00e3o ser\u00e3o afetados e ter\u00e3o as negocia\u00e7\u00f5es salariais normais, como ocorre em todos os anos\u201d, diz o presidente.<\/p>\n\n\n\n<p>Os rodovi\u00e1rios de S\u00e3o Gon\u00e7alo decidiram, em assembleia no dia 24 de outubro, entrar em estado de greve. O Sintronac comunicou a decis\u00e3o \u00e0 Prefeitura e \u00e0 secretaria de Transportes de S\u00e3o Gon\u00e7alo; aos minist\u00e9rios p\u00fablicos do Rio de Janeiro (MPRJ) e do Trabalho (MPT); e ao juizado da 8\u00aa Vara C\u00edvel de S\u00e3o Gon\u00e7alo, onde tramita a\u00e7\u00e3o em que as empresas exigem o reajuste do valor das passagens previsto no contrato de concess\u00e3o e a quita\u00e7\u00e3o da d\u00edvida das gratuidades.<\/p>\n\n\n\n<p>Procurada, a Prefeitura informou que s\u00f3 ir\u00e1 se manifestar ap\u00f3s decis\u00e3o final da Justi\u00e7a sobre a corre\u00e7\u00e3o no valor das passagens dos \u00f4nibus municipais.<\/p>\n\n\n\n<p><em><strong>S\u00e3o Gon\u00e7alo vai mudar: Not\u00edcias de S\u00e3o Gon\u00e7alo e toda regi\u00e3o.<\/strong><\/em><\/p>\n\n\n\n<figure class=\"wp-block-image size-large\"><img decoding=\"async\" width=\"1024\" height=\"46\" src=\"https:\/\/sgvaimudar.com.br\/wp-content\/uploads\/2023\/08\/Anuncie-Aqui-Sao-Goncalo-vai-mudar-1024x46.png\" alt=\"\" class=\"wp-image-2740\" srcset=\"https:\/\/sgvaimudar.com.br\/wp-content\/uploads\/2023\/08\/Anuncie-Aqui-Sao-Goncalo-vai-mudar-1024x46.png 1024w, https:\/\/sgvaimudar.com.br\/wp-content\/uploads\/2023\/08\/Anuncie-Aqui-Sao-Goncalo-vai-mudar-300x13.png 300w, https:\/\/sgvaimudar.com.br\/wp-content\/uploads\/2023\/08\/Anuncie-Aqui-Sao-Goncalo-vai-mudar-768x35.png 768w, https:\/\/sgvaimudar.com.br\/wp-content\/uploads\/2023\/08\/Anuncie-Aqui-Sao-Goncalo-vai-mudar-1536x69.png 1536w, https:\/\/sgvaimudar.com.br\/wp-content\/uploads\/2023\/08\/Anuncie-Aqui-Sao-Goncalo-vai-mudar.png 2002w\" sizes=\"(max-width: 1024px) 100vw, 1024px\" \/><\/figure>\n","protected":false},"excerpt":{"rendered":"<p>Os trabalhadores reivindicam 15% de reajuste salarial, cesta b\u00e1sica de R$ 600,00 e o fim da circula\u00e7\u00e3o de dinheiro nos&hellip;<\/p>\n","protected":false},"author":5,"featured_media":31929,"comment_status":"closed","ping_status":"open","sticky":false,"template":"","format":"standard","meta":{"fifu_image_url":"","fifu_image_alt":"","footnotes":""},"categories":[3],"tags":[47,75],"class_list":["post-31928","post","type-post","status-publish","format-standard","has-post-thumbnail","hentry","category-sao-goncalo","tag-rj","tag-sao-goncalo"],"_links":{"self":[{"href":"https:\/\/sgvaimudar.com.br\/index.php\/wp-json\/wp\/v2\/posts\/31928","targetHints":{"allow":["GET"]}}],"collection":[{"href":"https:\/\/sgvaimudar.com.br\/index.php\/wp-json\/wp\/v2\/posts"}],"about":[{"href":"https:\/\/sgvaimudar.com.br\/index.php\/wp-json\/wp\/v2\/types\/post"}],"author":[{"embeddable":true,"href":"https:\/\/sgvaimudar.com.br\/index.php\/wp-json\/wp\/v2\/users\/5"}],"replies":[{"embeddable":true,"href":"https:\/\/sgvaimudar.com.br\/index.php\/wp-json\/wp\/v2\/comments?post=31928"}],"version-history":[{"count":4,"href":"https:\/\/sgvaimudar.com.br\/index.php\/wp-json\/wp\/v2\/posts\/31928\/revisions"}],"predecessor-version":[{"id":31961,"href":"https:\/\/sgvaimudar.com.br\/index.php\/wp-json\/wp\/v2\/posts\/31928\/revisions\/31961"}],"wp:featuredmedia":[{"embeddable":true,"href":"https:\/\/sgvaimudar.com.br\/index.php\/wp-json\/wp\/v2\/media\/31929"}],"wp:attachment":[{"href":"https:\/\/sgvaimudar.com.br\/index.php\/wp-json\/wp\/v2\/media?parent=31928"}],"wp:term":[{"taxonomy":"category","embeddable":true,"href":"https:\/\/sgvaimudar.com.br\/index.php\/wp-json\/wp\/v2\/categories?post=31928"},{"taxonomy":"post_tag","embeddable":true,"href":"https:\/\/sgvaimudar.com.br\/index.php\/wp-json\/wp\/v2\/tags?post=31928"}],"curies":[{"name":"wp","href":"https:\/\/api.w.org\/{rel}","templated":true}]}}