{"id":31916,"date":"2025-10-17T09:03:45","date_gmt":"2025-10-17T12:03:45","guid":{"rendered":"https:\/\/sgvaimudar.com.br\/?p=31916"},"modified":"2025-10-17T09:03:45","modified_gmt":"2025-10-17T12:03:45","slug":"atencao-moradores-do-mutondo-obras-do-muvi-chegam-no-bairro","status":"publish","type":"post","link":"https:\/\/sgvaimudar.com.br\/index.php\/2025\/10\/17\/atencao-moradores-do-mutondo-obras-do-muvi-chegam-no-bairro\/","title":{"rendered":"Aten\u00e7\u00e3o moradores do Mutondo! Obras do Muvi chegam no bairro\u00a0\u00a0"},"content":{"rendered":"\n<p><em>Haver\u00e1 esquema de tr\u00e2nsito que vai funcionar excepcionalmente nesta sexta-feira (17), s\u00e1bado (18) e domingo (19)<\/em><\/p>\n\n\n\n<p>Os moradores do bairro Mutondo, no munic\u00edpio de S\u00e3o Gon\u00e7alo v\u00e3o ganhar as obras do corredor vi\u00e1rio Mobilidade Urbana Verde Integrada (Muvi). Para n\u00e3o atrapalhar a vida das pessoas (j\u00e1 que obras s\u00e3o sempre sin\u00f4nimo de mudan\u00e7as), a Secretaria Municipal de Transportes da Prefeitura preparou um esquema especial de tr\u00e2nsito que ir\u00e1 funcionar excepcionalmente nesta sexta-feira (17), s\u00e1bado (18) e domingo (19).<\/p>\n\n\n\n<p>A moradora da Rua Guilherme dos Santos Andrade, Zilda Francisco, de 67 anos, comemorou a chegada do Muvi. &#8220;\u00c9 muito bom ver nosso bairro evoluindo e gerando facilidades de transportes mais eficientes na porta de casa&#8221;, afirmou a aposentada.<\/p>\n\n\n\n<p>Segundo a Prefeitura, por causa das interven\u00e7\u00f5es a Travessa Carlos Cruz (Ponte Seca), no Mutondo, ficar\u00e1 temporariamente interditada para a passagem de ve\u00edculos.<\/p>\n\n\n\n<p>Com isso, o transporte coletivo de passageiros (especialmente nas linhas 11, 38, 55A, 55B, 400M, 401M, 409M, 5400M, 110D, 2110D, 4110D, 2423D, 423A e 428D) e os demais ve\u00edculos que normalmente trafegam pela referida via em dire\u00e7\u00e3o \u00e0 Trindade e Nova Cidade dever\u00e3o adotar o seguinte desvio: os motoristas dever\u00e3o acessar a Avenida Domingos Damasceno Duarte, na altura do 7\u00ba BPM, prosseguindo em dire\u00e7\u00e3o \u00e0 Avenida Presidente Kennedy, seguindo a reta do MUVI. A partir da\u00ed, eles poder\u00e3o retomar seus itiner\u00e1rios habituais por meio das avenidas Jos\u00e9 Manna J\u00fanior, Pastor Waldemar Zarro e Rua Vicente de Lima Cleto.<\/p>\n\n\n\n<p>A Secretaria destacou ainda que vem adotando todas as medidas necess\u00e1rias para mitigar os impactos vi\u00e1rios decorrentes das interven\u00e7\u00f5es, atuando em conjunto com os demais \u00f3rg\u00e3os competentes para garantir a seguran\u00e7a, fluidez e organiza\u00e7\u00e3o do tr\u00e1fego durante o per\u00edodo das obras.<\/p>\n\n\n\n<p><em><strong>Fa\u00e7a sua den\u00fancia pelo nosso WhatsApp: (21)&nbsp;99744 5345<\/strong><\/em><\/p>\n\n\n\n<p><em><strong>S\u00e3o Gon\u00e7alo vai mudar: Not\u00edcias de S\u00e3o Gon\u00e7alo e toda regi\u00e3o.<\/strong><\/em><\/p>\n\n\n\n<figure class=\"wp-block-image size-large\"><img decoding=\"async\" width=\"1024\" height=\"46\" src=\"https:\/\/sgvaimudar.com.br\/wp-content\/uploads\/2023\/08\/Anuncie-Aqui-Sao-Goncalo-vai-mudar-1024x46.png\" alt=\"\" class=\"wp-image-2740\" srcset=\"https:\/\/sgvaimudar.com.br\/wp-content\/uploads\/2023\/08\/Anuncie-Aqui-Sao-Goncalo-vai-mudar-1024x46.png 1024w, https:\/\/sgvaimudar.com.br\/wp-content\/uploads\/2023\/08\/Anuncie-Aqui-Sao-Goncalo-vai-mudar-300x13.png 300w, https:\/\/sgvaimudar.com.br\/wp-content\/uploads\/2023\/08\/Anuncie-Aqui-Sao-Goncalo-vai-mudar-768x35.png 768w, https:\/\/sgvaimudar.com.br\/wp-content\/uploads\/2023\/08\/Anuncie-Aqui-Sao-Goncalo-vai-mudar-1536x69.png 1536w, https:\/\/sgvaimudar.com.br\/wp-content\/uploads\/2023\/08\/Anuncie-Aqui-Sao-Goncalo-vai-mudar.png 2002w\" sizes=\"(max-width: 1024px) 100vw, 1024px\" \/><\/figure>\n","protected":false},"excerpt":{"rendered":"<p>Haver\u00e1 esquema de tr\u00e2nsito que vai funcionar excepcionalmente nesta sexta-feira (17), s\u00e1bado (18) e domingo (19) Os moradores do bairro&hellip;<\/p>\n","protected":false},"author":5,"featured_media":31917,"comment_status":"closed","ping_status":"open","sticky":false,"template":"","format":"standard","meta":{"fifu_image_url":"","fifu_image_alt":"","footnotes":""},"categories":[3],"tags":[47,75],"class_list":["post-31916","post","type-post","status-publish","format-standard","has-post-thumbnail","hentry","category-sao-goncalo","tag-rj","tag-sao-goncalo"],"_links":{"self":[{"href":"https:\/\/sgvaimudar.com.br\/index.php\/wp-json\/wp\/v2\/posts\/31916","targetHints":{"allow":["GET"]}}],"collection":[{"href":"https:\/\/sgvaimudar.com.br\/index.php\/wp-json\/wp\/v2\/posts"}],"about":[{"href":"https:\/\/sgvaimudar.com.br\/index.php\/wp-json\/wp\/v2\/types\/post"}],"author":[{"embeddable":true,"href":"https:\/\/sgvaimudar.com.br\/index.php\/wp-json\/wp\/v2\/users\/5"}],"replies":[{"embeddable":true,"href":"https:\/\/sgvaimudar.com.br\/index.php\/wp-json\/wp\/v2\/comments?post=31916"}],"version-history":[{"count":1,"href":"https:\/\/sgvaimudar.com.br\/index.php\/wp-json\/wp\/v2\/posts\/31916\/revisions"}],"predecessor-version":[{"id":31918,"href":"https:\/\/sgvaimudar.com.br\/index.php\/wp-json\/wp\/v2\/posts\/31916\/revisions\/31918"}],"wp:featuredmedia":[{"embeddable":true,"href":"https:\/\/sgvaimudar.com.br\/index.php\/wp-json\/wp\/v2\/media\/31917"}],"wp:attachment":[{"href":"https:\/\/sgvaimudar.com.br\/index.php\/wp-json\/wp\/v2\/media?parent=31916"}],"wp:term":[{"taxonomy":"category","embeddable":true,"href":"https:\/\/sgvaimudar.com.br\/index.php\/wp-json\/wp\/v2\/categories?post=31916"},{"taxonomy":"post_tag","embeddable":true,"href":"https:\/\/sgvaimudar.com.br\/index.php\/wp-json\/wp\/v2\/tags?post=31916"}],"curies":[{"name":"wp","href":"https:\/\/api.w.org\/{rel}","templated":true}]}}