{"id":31882,"date":"2025-10-16T16:00:00","date_gmt":"2025-10-16T19:00:00","guid":{"rendered":"https:\/\/sgvaimudar.com.br\/?p=31882"},"modified":"2025-10-16T08:44:44","modified_gmt":"2025-10-16T11:44:44","slug":"em-sao-goncalo-centro-especializado-de-reabilitacao-faz-festa-para-as-criancas","status":"publish","type":"post","link":"https:\/\/sgvaimudar.com.br\/index.php\/2025\/10\/16\/em-sao-goncalo-centro-especializado-de-reabilitacao-faz-festa-para-as-criancas\/","title":{"rendered":"Em S\u00e3o Gon\u00e7alo, Centro Especializado de Reabilita\u00e7\u00e3o faz festa para as crian\u00e7as\u00a0\u00a0"},"content":{"rendered":"\n<p><em>Pacientes at\u00edpicos atendidos no CER III t\u00eam tarde de divers\u00e3o e alegria<\/em><\/p>\n\n\n\n<p>O Centro Especializado em Reabilita\u00e7\u00e3o (CER III), em Neves, no munic\u00edpio de S\u00e3o Gon\u00e7alo, em mais um ano de inclus\u00e3o e integra\u00e7\u00e3o social, proporcionou uma tarde de muita divers\u00e3o para os pacientes at\u00edpicos atendidos na unidade em comemora\u00e7\u00e3o ao Dia das Crian\u00e7as. Nesta quarta-feira (15), os usu\u00e1rios participaram de brincadeiras com os profissionais em um dia de muita alegria e descontra\u00e7\u00e3o.\u00a0<\/p>\n\n\n\n<p>Uma decora\u00e7\u00e3o foi montada no p\u00e1tio, o que chamou aten\u00e7\u00e3o da crian\u00e7ada, que tamb\u00e9m ganhou lanche e guloseimas no dia de terapia diferenciada e muito especial. Pinturinhas facial e de mesa, brinquedo infl\u00e1vel, cama el\u00e1stica, bolinhas de sab\u00e3o, oficina de cupcake e m\u00fasica infantil completaram a tarde de entretenimento e descontra\u00e7\u00e3o.\u00a0<\/p>\n\n\n\n<figure class=\"wp-block-image size-large\"><img fetchpriority=\"high\" decoding=\"async\" width=\"1024\" height=\"684\" src=\"https:\/\/sgvaimudar.com.br\/wp-content\/uploads\/2025\/10\/unnamed-9-7-1024x684.jpg\" alt=\"\" class=\"wp-image-31883\" srcset=\"https:\/\/sgvaimudar.com.br\/wp-content\/uploads\/2025\/10\/unnamed-9-7-1024x684.jpg 1024w, https:\/\/sgvaimudar.com.br\/wp-content\/uploads\/2025\/10\/unnamed-9-7-300x200.jpg 300w, https:\/\/sgvaimudar.com.br\/wp-content\/uploads\/2025\/10\/unnamed-9-7-768x513.jpg 768w, https:\/\/sgvaimudar.com.br\/wp-content\/uploads\/2025\/10\/unnamed-9-7-1536x1027.jpg 1536w, https:\/\/sgvaimudar.com.br\/wp-content\/uploads\/2025\/10\/unnamed-9-7.jpg 1616w\" sizes=\"(max-width: 1024px) 100vw, 1024px\" \/><\/figure>\n\n\n\n<p>\u201cA festa do Dia das Crian\u00e7as tem um significado muito especial para n\u00f3s e para nossos pacientes. Mais do que um momento de lazer, \u00e9 uma oportunidade de inclus\u00e3o, socializa\u00e7\u00e3o e fortalecimento de v\u00ednculos. Cada sorriso que vimos hoje nos mostra a import\u00e2ncia de proporcionar experi\u00eancias que ultrapassam o cuidado cl\u00ednico, trazendo alegria, autoestima e bem-estar para as crian\u00e7as e suas fam\u00edlias\u201d, disse a diretora da unidade, Micheli Samary.&nbsp;<\/p>\n\n\n\n<p>O clima de festa e emo\u00e7\u00e3o marcou o dia, refor\u00e7ando a import\u00e2ncia de iniciativas que unem sa\u00fade, acolhimento e celebra\u00e7\u00e3o da inf\u00e2ncia. A dona de casa Vanessa Rodrigues da Silva, de 37 anos, m\u00e3e do autista Ra\u00ed Rodrigues de Souza, 12, que realiza fisioterapia e tem atendimento com psicopedagoga na unidade, ressaltou a import\u00e2ncia da iniciativa.&nbsp;<\/p>\n\n\n\n<p>\u201cPara a gente \u00e9 muito bom. Para as m\u00e3es e para as crian\u00e7as, porque a gente vem e interage tamb\u00e9m entre pacientes, familiares e profissionais de sa\u00fade. A gente acaba saindo da nossa rotina de casa, se diverte tamb\u00e9m, \u00e9 muito bom. Todas as festas aqui s\u00e3o maravilhosas. Eles s\u00e3o bem acolhidos e a gente ama estar aqui. Ele j\u00e1 participou de tudo hoje\u201d, disse Vanessa.&nbsp;<\/p>\n\n\n\n<p><em>Fotos: Renan Otto<\/em><\/p>\n\n\n\n<p><em><strong>S\u00e3o Gon\u00e7alo vai mudar: Not\u00edcias de S\u00e3o Gon\u00e7alo e toda regi\u00e3o.<\/strong><\/em><\/p>\n\n\n\n<figure class=\"wp-block-image size-large\"><img decoding=\"async\" width=\"1024\" height=\"46\" src=\"https:\/\/sgvaimudar.com.br\/wp-content\/uploads\/2023\/08\/Anuncie-Aqui-Sao-Goncalo-vai-mudar-1024x46.png\" alt=\"\" class=\"wp-image-2740\" srcset=\"https:\/\/sgvaimudar.com.br\/wp-content\/uploads\/2023\/08\/Anuncie-Aqui-Sao-Goncalo-vai-mudar-1024x46.png 1024w, https:\/\/sgvaimudar.com.br\/wp-content\/uploads\/2023\/08\/Anuncie-Aqui-Sao-Goncalo-vai-mudar-300x13.png 300w, https:\/\/sgvaimudar.com.br\/wp-content\/uploads\/2023\/08\/Anuncie-Aqui-Sao-Goncalo-vai-mudar-768x35.png 768w, https:\/\/sgvaimudar.com.br\/wp-content\/uploads\/2023\/08\/Anuncie-Aqui-Sao-Goncalo-vai-mudar-1536x69.png 1536w, https:\/\/sgvaimudar.com.br\/wp-content\/uploads\/2023\/08\/Anuncie-Aqui-Sao-Goncalo-vai-mudar.png 2002w\" sizes=\"(max-width: 1024px) 100vw, 1024px\" \/><\/figure>\n","protected":false},"excerpt":{"rendered":"<p>Pacientes at\u00edpicos atendidos no CER III t\u00eam tarde de divers\u00e3o e alegria O Centro Especializado em Reabilita\u00e7\u00e3o (CER III), em&hellip;<\/p>\n","protected":false},"author":5,"featured_media":31884,"comment_status":"closed","ping_status":"open","sticky":false,"template":"","format":"standard","meta":{"fifu_image_url":"","fifu_image_alt":"","footnotes":""},"categories":[7],"tags":[47,75],"class_list":["post-31882","post","type-post","status-publish","format-standard","has-post-thumbnail","hentry","category-saude","tag-rj","tag-sao-goncalo"],"_links":{"self":[{"href":"https:\/\/sgvaimudar.com.br\/index.php\/wp-json\/wp\/v2\/posts\/31882","targetHints":{"allow":["GET"]}}],"collection":[{"href":"https:\/\/sgvaimudar.com.br\/index.php\/wp-json\/wp\/v2\/posts"}],"about":[{"href":"https:\/\/sgvaimudar.com.br\/index.php\/wp-json\/wp\/v2\/types\/post"}],"author":[{"embeddable":true,"href":"https:\/\/sgvaimudar.com.br\/index.php\/wp-json\/wp\/v2\/users\/5"}],"replies":[{"embeddable":true,"href":"https:\/\/sgvaimudar.com.br\/index.php\/wp-json\/wp\/v2\/comments?post=31882"}],"version-history":[{"count":1,"href":"https:\/\/sgvaimudar.com.br\/index.php\/wp-json\/wp\/v2\/posts\/31882\/revisions"}],"predecessor-version":[{"id":31885,"href":"https:\/\/sgvaimudar.com.br\/index.php\/wp-json\/wp\/v2\/posts\/31882\/revisions\/31885"}],"wp:featuredmedia":[{"embeddable":true,"href":"https:\/\/sgvaimudar.com.br\/index.php\/wp-json\/wp\/v2\/media\/31884"}],"wp:attachment":[{"href":"https:\/\/sgvaimudar.com.br\/index.php\/wp-json\/wp\/v2\/media?parent=31882"}],"wp:term":[{"taxonomy":"category","embeddable":true,"href":"https:\/\/sgvaimudar.com.br\/index.php\/wp-json\/wp\/v2\/categories?post=31882"},{"taxonomy":"post_tag","embeddable":true,"href":"https:\/\/sgvaimudar.com.br\/index.php\/wp-json\/wp\/v2\/tags?post=31882"}],"curies":[{"name":"wp","href":"https:\/\/api.w.org\/{rel}","templated":true}]}}