{"id":3188,"date":"2023-09-13T12:26:04","date_gmt":"2023-09-13T15:26:04","guid":{"rendered":"https:\/\/sgvaimudar.com.br\/?p=3188"},"modified":"2023-09-13T12:26:05","modified_gmt":"2023-09-13T15:26:05","slug":"passageiro-e-agredido-durante-assalto-a-van-em-marica-rj","status":"publish","type":"post","link":"https:\/\/sgvaimudar.com.br\/index.php\/2023\/09\/13\/passageiro-e-agredido-durante-assalto-a-van-em-marica-rj\/","title":{"rendered":"Passageiro \u00e9 agredido durante assalto \u00e0 van em Maric\u00e1 (RJ)"},"content":{"rendered":"\n<p>No domingo passado, dia 10 de setembro, um passageiro que estava viajando em uma van na rota de Maric\u00e1 para Niter\u00f3i foi v\u00edtim5 de agress\u00e34 por um assaltant3.<\/p>\n\n\n\n<p>Por volta das 21h55, dois criminos4s embarcaram no coletivo nas proximidades da passarela em frente \u00e0 Escola Municipalizada de Ino\u00e3 e anunciaram um assalt4. Armad4s com rev\u00f3lver3s, eles exigiram os pertences dos passageiros, causando p\u00e2nic4 entre aqueles que estavam voltando de um dia de trabalho exaustivo. Inclusive, uma m\u00e3e com seu filho pequeno tamb\u00e9m foi alvo dos assaltant3s, deixando a crian\u00e7a aterrorizad5.<\/p>\n\n\n\n<p>Antes de deixarem o ve\u00edculo, os assaltant3s agredir5m um dos passageiros, que era funcion\u00e1rio da EPT e estava a caminho de Niter\u00f3i. Toda a a\u00e7\u00e3o foi registrada pelas c\u00e2meras de vigil\u00e2ncia instaladas no ve\u00edculo.<\/p>\n\n\n\n<p>REDA\u00c7\u00c3O<\/p>\n\n\n\n<h1 class=\"wp-block-heading\">sgvaimudar<\/h1>\n","protected":false},"excerpt":{"rendered":"<p>No domingo passado, dia 10 de setembro, um passageiro que estava viajando em uma van na rota de Maric\u00e1 para&hellip;<\/p>\n","protected":false},"author":2,"featured_media":3189,"comment_status":"open","ping_status":"open","sticky":false,"template":"","format":"standard","meta":{"fifu_image_url":"","fifu_image_alt":"","footnotes":""},"categories":[32],"tags":[],"class_list":["post-3188","post","type-post","status-publish","format-standard","has-post-thumbnail","hentry","category-casos-de-policia"],"_links":{"self":[{"href":"https:\/\/sgvaimudar.com.br\/index.php\/wp-json\/wp\/v2\/posts\/3188","targetHints":{"allow":["GET"]}}],"collection":[{"href":"https:\/\/sgvaimudar.com.br\/index.php\/wp-json\/wp\/v2\/posts"}],"about":[{"href":"https:\/\/sgvaimudar.com.br\/index.php\/wp-json\/wp\/v2\/types\/post"}],"author":[{"embeddable":true,"href":"https:\/\/sgvaimudar.com.br\/index.php\/wp-json\/wp\/v2\/users\/2"}],"replies":[{"embeddable":true,"href":"https:\/\/sgvaimudar.com.br\/index.php\/wp-json\/wp\/v2\/comments?post=3188"}],"version-history":[{"count":1,"href":"https:\/\/sgvaimudar.com.br\/index.php\/wp-json\/wp\/v2\/posts\/3188\/revisions"}],"predecessor-version":[{"id":3190,"href":"https:\/\/sgvaimudar.com.br\/index.php\/wp-json\/wp\/v2\/posts\/3188\/revisions\/3190"}],"wp:featuredmedia":[{"embeddable":true,"href":"https:\/\/sgvaimudar.com.br\/index.php\/wp-json\/wp\/v2\/media\/3189"}],"wp:attachment":[{"href":"https:\/\/sgvaimudar.com.br\/index.php\/wp-json\/wp\/v2\/media?parent=3188"}],"wp:term":[{"taxonomy":"category","embeddable":true,"href":"https:\/\/sgvaimudar.com.br\/index.php\/wp-json\/wp\/v2\/categories?post=3188"},{"taxonomy":"post_tag","embeddable":true,"href":"https:\/\/sgvaimudar.com.br\/index.php\/wp-json\/wp\/v2\/tags?post=3188"}],"curies":[{"name":"wp","href":"https:\/\/api.w.org\/{rel}","templated":true}]}}