{"id":31878,"date":"2025-10-16T18:00:00","date_gmt":"2025-10-16T21:00:00","guid":{"rendered":"https:\/\/sgvaimudar.com.br\/?p=31878"},"modified":"2025-10-16T08:47:30","modified_gmt":"2025-10-16T11:47:30","slug":"capacitacao-em-alta-padaria-escola-forma-mais-de-50-confeiteiros-goncalenses","status":"publish","type":"post","link":"https:\/\/sgvaimudar.com.br\/index.php\/2025\/10\/16\/capacitacao-em-alta-padaria-escola-forma-mais-de-50-confeiteiros-goncalenses\/","title":{"rendered":"Capacita\u00e7\u00e3o em alta: Padaria Escola forma mais de 50 confeiteiros gon\u00e7alenses"},"content":{"rendered":"\n<p><em>Novos profissionais receberam certificado de conclus\u00e3o nesta quarta-feira no Teatro Municipal<\/em><\/p>\n\n\n\n<p>O 1\u00ba Ciclo do Curso de Confeitaria B\u00e1sica da Padaria Escola da Prefeitura de S\u00e3o Gon\u00e7alo foi conclu\u00eddo e 56 alunos receberam os seus certificados de conclus\u00e3o na manh\u00e3 desta quarta-feira (15). A solenidade de formatura ocorreu no Teatro Municipal, no Centro.<\/p>\n\n\n\n<p>Participaram da abertura do evento o subsecret\u00e1rio de Gest\u00e3o da Secretaria de Assist\u00eancia Social, \u00c2ngelo Marins; a coordenadora dos CRAS, Simone Teixeira, representante da subsecret\u00e1ria de Prote\u00e7\u00e3o Social B\u00e1sica, Daiana Izabel; a professora e coordenadora do curso, Daniele Xavier; a subsecret\u00e1ria de Pol\u00edticas P\u00fablicas para as Mulheres, Ana Cristina da Silva; e o secret\u00e1rio de Desenvolvimento Econ\u00f4mico, Evanildo Barreto.&nbsp;<\/p>\n\n\n\n<figure class=\"wp-block-image size-full\"><img fetchpriority=\"high\" decoding=\"async\" width=\"1024\" height=\"681\" src=\"https:\/\/sgvaimudar.com.br\/wp-content\/uploads\/2025\/10\/unnamed-7-6.jpg\" alt=\"\" class=\"wp-image-31879\" srcset=\"https:\/\/sgvaimudar.com.br\/wp-content\/uploads\/2025\/10\/unnamed-7-6.jpg 1024w, https:\/\/sgvaimudar.com.br\/wp-content\/uploads\/2025\/10\/unnamed-7-6-300x200.jpg 300w, https:\/\/sgvaimudar.com.br\/wp-content\/uploads\/2025\/10\/unnamed-7-6-768x511.jpg 768w\" sizes=\"(max-width: 1024px) 100vw, 1024px\" \/><\/figure>\n\n\n\n<p>\u201cFico muito feliz em ver essa ideia do curso de confeitaria se concretizar. Espero que os formandos continuem buscando mais conhecimento, para melhorar cada dia mais a vida de cada um. O prefeito Capit\u00e3o Nelson tem nos dado a melhor estrutura para trabalharmos e seguirmos em frente\u201d, destacou o subsecret\u00e1rio de Gest\u00e3o, \u00c2ngelo Marins.<\/p>\n\n\n\n<p>O curso ocorreu nas depend\u00eancias do CRAS de Vista Alegre e garantiu aulas de gelatiniza\u00e7\u00e3o, brigadeiros, doces de festa, bolos de pote, entre outras guloseimas, al\u00e9m de uma oficina sobre empreendedorismo, todas ministradas pela professora Daniele Xavier.<\/p>\n\n\n\n<p>A Padaria Escola \u00e9 um equipamento da Secretaria de Assist\u00eancia Social da Prefeitura de S\u00e3o Gon\u00e7alo, junto ao Programa Nacional de Promo\u00e7\u00e3o ao Acesso ao Mundo do Trabalho (Acessuas), do Governo Federal. O projeto tem o intuito de gerar oportunidades e capacitar profissionais para o mercado de trabalho, com os cursos de Panifica\u00e7\u00e3o e Confeitaria.<\/p>\n\n\n\n<p>A venezuelana Melissa Mendoza mora em S\u00e3o Gon\u00e7alo h\u00e1 7 anos e diz que foi a realiza\u00e7\u00e3o de um sonho se formar em confeitaria.<\/p>\n\n\n\n<p>\u201cAprendi aqui que o sonho n\u00e3o tem prazo de validade. A minha turma me enche de orgulho, percebi que cada um carrega uma hist\u00f3ria \u00fanica de supera\u00e7\u00e3o. O cap\u00edtulo de n\u00f3s, confeiteiros, est\u00e1 s\u00f3 come\u00e7ando,\u201d afirmou.<\/p>\n\n\n\n<p>Durante a solenidade, um grupo de crian\u00e7as representou o servi\u00e7o de conviv\u00eancia e fortalecimento de v\u00ednculo do CRAS Vista Alegre com uma apresenta\u00e7\u00e3o de dan\u00e7a emocionante, em especial ao Dia dos Professores, comemorado neste dia 15 de outubro.<\/p>\n\n\n\n<p>\u201cEu j\u00e1 havia feito o curso de panifica\u00e7\u00e3o e agora a confeitaria. Eu sou m\u00e3e at\u00edpica e a capacita\u00e7\u00e3o foi tamb\u00e9m uma forma de terapia para mim. Para al\u00e9m de um aprendizado, o curso \u00e9 uma representa\u00e7\u00e3o de amor. Saciar as pessoas com o alimento tem um grande valor sentimental, pois me lembra meu pai, que me ensinou a cozinhar,\u201d destacou a gon\u00e7alense Neril\u00e2ndia de Aquino, de 50 anos.<\/p>\n\n\n\n<p><em>Fotos: Luiz Carvalho<\/em><\/p>\n\n\n\n<p><em><strong>S\u00e3o Gon\u00e7alo vai mudar: Not\u00edcias de S\u00e3o Gon\u00e7alo e toda regi\u00e3o.<\/strong><\/em><\/p>\n\n\n\n<figure class=\"wp-block-image size-large\"><img decoding=\"async\" width=\"1024\" height=\"46\" src=\"https:\/\/sgvaimudar.com.br\/wp-content\/uploads\/2023\/08\/Anuncie-Aqui-Sao-Goncalo-vai-mudar-1024x46.png\" alt=\"\" class=\"wp-image-2740\" srcset=\"https:\/\/sgvaimudar.com.br\/wp-content\/uploads\/2023\/08\/Anuncie-Aqui-Sao-Goncalo-vai-mudar-1024x46.png 1024w, https:\/\/sgvaimudar.com.br\/wp-content\/uploads\/2023\/08\/Anuncie-Aqui-Sao-Goncalo-vai-mudar-300x13.png 300w, https:\/\/sgvaimudar.com.br\/wp-content\/uploads\/2023\/08\/Anuncie-Aqui-Sao-Goncalo-vai-mudar-768x35.png 768w, https:\/\/sgvaimudar.com.br\/wp-content\/uploads\/2023\/08\/Anuncie-Aqui-Sao-Goncalo-vai-mudar-1536x69.png 1536w, https:\/\/sgvaimudar.com.br\/wp-content\/uploads\/2023\/08\/Anuncie-Aqui-Sao-Goncalo-vai-mudar.png 2002w\" sizes=\"(max-width: 1024px) 100vw, 1024px\" \/><\/figure>\n","protected":false},"excerpt":{"rendered":"<p>Novos profissionais receberam certificado de conclus\u00e3o nesta quarta-feira no Teatro Municipal O 1\u00ba Ciclo do Curso de Confeitaria B\u00e1sica da&hellip;<\/p>\n","protected":false},"author":5,"featured_media":31880,"comment_status":"closed","ping_status":"open","sticky":false,"template":"","format":"standard","meta":{"fifu_image_url":"","fifu_image_alt":"","footnotes":""},"categories":[3],"tags":[47,75],"class_list":["post-31878","post","type-post","status-publish","format-standard","has-post-thumbnail","hentry","category-sao-goncalo","tag-rj","tag-sao-goncalo"],"_links":{"self":[{"href":"https:\/\/sgvaimudar.com.br\/index.php\/wp-json\/wp\/v2\/posts\/31878","targetHints":{"allow":["GET"]}}],"collection":[{"href":"https:\/\/sgvaimudar.com.br\/index.php\/wp-json\/wp\/v2\/posts"}],"about":[{"href":"https:\/\/sgvaimudar.com.br\/index.php\/wp-json\/wp\/v2\/types\/post"}],"author":[{"embeddable":true,"href":"https:\/\/sgvaimudar.com.br\/index.php\/wp-json\/wp\/v2\/users\/5"}],"replies":[{"embeddable":true,"href":"https:\/\/sgvaimudar.com.br\/index.php\/wp-json\/wp\/v2\/comments?post=31878"}],"version-history":[{"count":2,"href":"https:\/\/sgvaimudar.com.br\/index.php\/wp-json\/wp\/v2\/posts\/31878\/revisions"}],"predecessor-version":[{"id":31886,"href":"https:\/\/sgvaimudar.com.br\/index.php\/wp-json\/wp\/v2\/posts\/31878\/revisions\/31886"}],"wp:featuredmedia":[{"embeddable":true,"href":"https:\/\/sgvaimudar.com.br\/index.php\/wp-json\/wp\/v2\/media\/31880"}],"wp:attachment":[{"href":"https:\/\/sgvaimudar.com.br\/index.php\/wp-json\/wp\/v2\/media?parent=31878"}],"wp:term":[{"taxonomy":"category","embeddable":true,"href":"https:\/\/sgvaimudar.com.br\/index.php\/wp-json\/wp\/v2\/categories?post=31878"},{"taxonomy":"post_tag","embeddable":true,"href":"https:\/\/sgvaimudar.com.br\/index.php\/wp-json\/wp\/v2\/tags?post=31878"}],"curies":[{"name":"wp","href":"https:\/\/api.w.org\/{rel}","templated":true}]}}