{"id":31872,"date":"2025-10-16T12:00:00","date_gmt":"2025-10-16T15:00:00","guid":{"rendered":"https:\/\/sgvaimudar.com.br\/?p=31872"},"modified":"2025-10-16T08:25:02","modified_gmt":"2025-10-16T11:25:02","slug":"turmas-da-eja-de-escola-em-vista-alegre-criam-jornal-em-homenagem-aos-professores","status":"publish","type":"post","link":"https:\/\/sgvaimudar.com.br\/index.php\/2025\/10\/16\/turmas-da-eja-de-escola-em-vista-alegre-criam-jornal-em-homenagem-aos-professores\/","title":{"rendered":"Turmas da EJA de escola em Vista Alegre criam jornal em homenagem aos professores"},"content":{"rendered":"\n<p><em>Alunos participam de programa para supera\u00e7\u00e3o do analfabetismo<\/em><\/p>\n\n\n\n<p>As turmas da Educa\u00e7\u00e3o de Jovens e Adultos (EJA) da Escola Municipal Jo\u00e3o Cabral de Melo Neto, em Vista Alegre, lan\u00e7aram, nesta ter\u00e7a-feira (14), mais uma edi\u00e7\u00e3o do Jornal quinzenal \u201cFala, Jo\u00e3o Cabral!\u201d, onde alunos abordam assuntos do dia a dia, entrevistas e atividades propostas na escola. A a\u00e7\u00e3o faz parte do Pacto pela Supera\u00e7\u00e3o do Analfabetismo e Qualifica\u00e7\u00e3o na Educa\u00e7\u00e3o de Jovens e Adultos, do Minist\u00e9rio da Educa\u00e7\u00e3o, que foi aderido pela Secretaria de Educa\u00e7\u00e3o da Prefeitura de S\u00e3o Gon\u00e7alo.<\/p>\n\n\n\n<p>Em sua 11\u00ba edi\u00e7\u00e3o, o jornal fez uma homenagem ao Dia do Professor e, em outras edi\u00e7\u00f5es, j\u00e1 abordou temas como racismo, m\u00fasica, ditados populares, contos, golpes na internet, Lei Maria da Penha, direitos humanos, alimenta\u00e7\u00e3o saud\u00e1vel, polui\u00e7\u00e3o, cultura, atividades f\u00edsicas, Setembro Amarelo, Outubro Rosa, al\u00e9m de entrevistas e outras atividades. O professor Carlos Alexandre Chav\u00e3o, formador do Pacto na escola, conta que os resultados da implementa\u00e7\u00e3o do jornal t\u00eam sido bons.<\/p>\n\n\n\n<p>\u201cUma das coisas importantes no jornal \u00e9 propor atividades para que os alunos n\u00e3o tenham uma atitude passiva com a leitura. Em outras palavras, queremos provocar os alunos a resolver problemas, desafios e, principalmente, desenvolver o h\u00e1bito da leitura e da reflex\u00e3o. Afinal, aprender \u00e9 um processo cont\u00ednuo, sem fim, e que deve ser, na medida do poss\u00edvel, prazeroso. Usamos textos simples e muitas fotos para atrair e estimular o contato dos alunos com o mundo da escrita. Tamb\u00e9m estamos experimentando entrevistas para que os alunos se sintam \u2018dentro\u2019 do jornal, valorizados\u201d, afirmou.<\/p>\n\n\n\n<p>Amanda Dugone \u00e9 aluna do 8\u00ba ano e participa da produ\u00e7\u00e3o. \u201c\u00c9 bem legal, eu ajudo na parte de arte e m\u00fasica, eu gosto bastante. S\u00e3o publicadas entrevistas com alunos, onde a gente conta um pouco da nossa experi\u00eancia de vida, com fotos, d\u00e1 orgulho. O que eu mais gosto no jornal \u00e9 quando fala de atividade f\u00edsica, acho muito importante. Estamos aprendendo muito com o jornal\u201d, disse.<\/p>\n\n\n\n<p>Fotos: Ascom<\/p>\n\n\n\n<p><em><strong>S\u00e3o Gon\u00e7alo vai mudar: Not\u00edcias de S\u00e3o Gon\u00e7alo e toda regi\u00e3o.<\/strong><\/em><\/p>\n\n\n\n<figure class=\"wp-block-image size-large\"><img decoding=\"async\" width=\"1024\" height=\"46\" src=\"https:\/\/sgvaimudar.com.br\/wp-content\/uploads\/2023\/08\/Anuncie-Aqui-Sao-Goncalo-vai-mudar-1024x46.png\" alt=\"\" class=\"wp-image-2740\" srcset=\"https:\/\/sgvaimudar.com.br\/wp-content\/uploads\/2023\/08\/Anuncie-Aqui-Sao-Goncalo-vai-mudar-1024x46.png 1024w, https:\/\/sgvaimudar.com.br\/wp-content\/uploads\/2023\/08\/Anuncie-Aqui-Sao-Goncalo-vai-mudar-300x13.png 300w, https:\/\/sgvaimudar.com.br\/wp-content\/uploads\/2023\/08\/Anuncie-Aqui-Sao-Goncalo-vai-mudar-768x35.png 768w, https:\/\/sgvaimudar.com.br\/wp-content\/uploads\/2023\/08\/Anuncie-Aqui-Sao-Goncalo-vai-mudar-1536x69.png 1536w, https:\/\/sgvaimudar.com.br\/wp-content\/uploads\/2023\/08\/Anuncie-Aqui-Sao-Goncalo-vai-mudar.png 2002w\" sizes=\"(max-width: 1024px) 100vw, 1024px\" \/><\/figure>\n","protected":false},"excerpt":{"rendered":"<p>Alunos participam de programa para supera\u00e7\u00e3o do analfabetismo As turmas da Educa\u00e7\u00e3o de Jovens e Adultos (EJA) da Escola Municipal&hellip;<\/p>\n","protected":false},"author":5,"featured_media":31873,"comment_status":"closed","ping_status":"open","sticky":false,"template":"","format":"standard","meta":{"fifu_image_url":"","fifu_image_alt":"","footnotes":""},"categories":[3],"tags":[47,75],"class_list":["post-31872","post","type-post","status-publish","format-standard","has-post-thumbnail","hentry","category-sao-goncalo","tag-rj","tag-sao-goncalo"],"_links":{"self":[{"href":"https:\/\/sgvaimudar.com.br\/index.php\/wp-json\/wp\/v2\/posts\/31872","targetHints":{"allow":["GET"]}}],"collection":[{"href":"https:\/\/sgvaimudar.com.br\/index.php\/wp-json\/wp\/v2\/posts"}],"about":[{"href":"https:\/\/sgvaimudar.com.br\/index.php\/wp-json\/wp\/v2\/types\/post"}],"author":[{"embeddable":true,"href":"https:\/\/sgvaimudar.com.br\/index.php\/wp-json\/wp\/v2\/users\/5"}],"replies":[{"embeddable":true,"href":"https:\/\/sgvaimudar.com.br\/index.php\/wp-json\/wp\/v2\/comments?post=31872"}],"version-history":[{"count":1,"href":"https:\/\/sgvaimudar.com.br\/index.php\/wp-json\/wp\/v2\/posts\/31872\/revisions"}],"predecessor-version":[{"id":31874,"href":"https:\/\/sgvaimudar.com.br\/index.php\/wp-json\/wp\/v2\/posts\/31872\/revisions\/31874"}],"wp:featuredmedia":[{"embeddable":true,"href":"https:\/\/sgvaimudar.com.br\/index.php\/wp-json\/wp\/v2\/media\/31873"}],"wp:attachment":[{"href":"https:\/\/sgvaimudar.com.br\/index.php\/wp-json\/wp\/v2\/media?parent=31872"}],"wp:term":[{"taxonomy":"category","embeddable":true,"href":"https:\/\/sgvaimudar.com.br\/index.php\/wp-json\/wp\/v2\/categories?post=31872"},{"taxonomy":"post_tag","embeddable":true,"href":"https:\/\/sgvaimudar.com.br\/index.php\/wp-json\/wp\/v2\/tags?post=31872"}],"curies":[{"name":"wp","href":"https:\/\/api.w.org\/{rel}","templated":true}]}}