{"id":31869,"date":"2025-10-16T10:00:00","date_gmt":"2025-10-16T13:00:00","guid":{"rendered":"https:\/\/sgvaimudar.com.br\/?p=31869"},"modified":"2025-10-16T08:17:24","modified_gmt":"2025-10-16T11:17:24","slug":"sao-goncalo-faz-acao-especial-de-orientacao-sobre-sifilis-no-proximo-sabado","status":"publish","type":"post","link":"https:\/\/sgvaimudar.com.br\/index.php\/2025\/10\/16\/sao-goncalo-faz-acao-especial-de-orientacao-sobre-sifilis-no-proximo-sabado\/","title":{"rendered":"S\u00e3o Gon\u00e7alo faz a\u00e7\u00e3o especial de orienta\u00e7\u00e3o sobre s\u00edfilis no pr\u00f3ximo s\u00e1bado\u00a0\u00a0"},"content":{"rendered":"\n<p><em>Unidades de sa\u00fade estar\u00e3o abertas para oferecer testagem \u00e0 popula\u00e7\u00e3o<\/em><\/p>\n\n\n\n<p>No Dia Nacional de Combate \u00e0 S\u00edfilis e \u00e0 S\u00edfilis Cong\u00eanita, lembrado a cada terceiro s\u00e1bado de outubro, a Prefeitura do munic\u00edpio de S\u00e3o Gon\u00e7alo vai refor\u00e7ar a oferta de testagem em 62 unidades de sa\u00fade, no pr\u00f3ximo s\u00e1bado (dia 18). O objetivo \u00e9 enfatizar a import\u00e2ncia do diagn\u00f3stico precoce e do tratamento adequado da s\u00edfilis na gestante durante o pr\u00e9-natal e da s\u00edfilis em ambos os sexos como Infec\u00e7\u00e3o Sexualmente Transmiss\u00edvel (IST).<\/p>\n\n\n\n<p>A coordenadora do Programa das Infec\u00e7\u00f5es Sexualmente Transmiss\u00edveis (ISTs)\/Aids e Hepatites Virais da Secretaria de Sa\u00fade, Monique Gonzalez, enfatiza que a descoberta precoce da infec\u00e7\u00e3o \u00e9 essencial para o in\u00edcio do tratamento, que \u00e9 muito simples, r\u00e1pido e deve ser feito tamb\u00e9m pelos parceiros para que n\u00e3o haja retransmiss\u00e3o.\u00a0<\/p>\n\n\n\n<figure class=\"wp-block-image size-large\"><img fetchpriority=\"high\" decoding=\"async\" width=\"768\" height=\"1024\" src=\"https:\/\/sgvaimudar.com.br\/wp-content\/uploads\/2025\/10\/unnamed-16-2-768x1024.jpg\" alt=\"\" class=\"wp-image-31870\" srcset=\"https:\/\/sgvaimudar.com.br\/wp-content\/uploads\/2025\/10\/unnamed-16-2-768x1024.jpg 768w, https:\/\/sgvaimudar.com.br\/wp-content\/uploads\/2025\/10\/unnamed-16-2-225x300.jpg 225w, https:\/\/sgvaimudar.com.br\/wp-content\/uploads\/2025\/10\/unnamed-16-2.jpg 1080w\" sizes=\"(max-width: 768px) 100vw, 768px\" \/><\/figure>\n\n\n\n<p>A \u00fanica forma de prevenir a infec\u00e7\u00e3o \u00e9 com o uso do preservativo, j\u00e1 que a mesma \u00e9 contra\u00edda, principalmente, atrav\u00e9s de contato sexual. A gestante contaminada tamb\u00e9m pode passar a infec\u00e7\u00e3o para o filho durante a gesta\u00e7\u00e3o e no parto. Por isso, a import\u00e2ncia da testagem no primeiro e terceiro trimestre de gesta\u00e7\u00e3o e tratamento adequado.<\/p>\n\n\n\n<p>\u201cO tratamento \u00e9 fundamental para interromper a evolu\u00e7\u00e3o da doen\u00e7a, principalmente para a sua forma latente. Nas gestantes, \u00e9 primordial que fa\u00e7am a testagem e, se contaminadas, iniciem o tratamento o mais breve poss\u00edvel. Tratando no in\u00edcio, h\u00e1 a possibilidade do beb\u00ea nascer sadio e evita a possibilidade do aborto ou o parto prematuro. E \u00e9 extremamente importante que os parceiros tamb\u00e9m fa\u00e7am o tratamento\u201d, explicou Monique.<\/p>\n\n\n\n<p>Durante todo o ano, a coordena\u00e7\u00e3o oferece o teste r\u00e1pido na Policl\u00ednica Gon\u00e7alense de Refer\u00eancia para Doen\u00e7as Cr\u00f4nicas e Transmiss\u00edveis, na Parada 40, ou em qualquer unidade b\u00e1sica de sa\u00fade (com exce\u00e7\u00e3o da USF Neves), que t\u00eam os testes dispon\u00edveis, sempre de segunda a sexta, das 9h \u00e0s 16h. O tratamento \u00e9 ofertado em 14 locais.&nbsp;&nbsp;<\/p>\n\n\n\n<p>\u201cPara detectar a s\u00edfilis, basta um furo no dedo e o resultado sai em 20 minutos. Toda pessoa que tem vida sexual ativa e desprotegida precisa fazer os testes das ISTs, pelo menos, uma vez ao ano. A s\u00edfilis, quando n\u00e3o tratada, pode causar at\u00e9 a morte. Chegando na fase terci\u00e1ria, ela acomete o sistema cardiovascular e neurol\u00f3gico, que tamb\u00e9m pode causar dem\u00eancia\u201d, explicou Monique.<\/p>\n\n\n\n<p><strong>N\u00fameros<\/strong><\/p>\n\n\n\n<p>Neste ano, dos 32.623 testes realizados at\u00e9 o fim de setembro, 3.276 positivaram. Destes, 701 s\u00e3o casos novos, sendo 490 de gestantes e 211 do p\u00fablico em geral. Ao todo, 184 beb\u00eas nasceram com a s\u00edfilis cong\u00eanita. No ano passado, foram feitos 40.039 testes, 6.534 reagentes para s\u00edfilis. Dos positivos, 884 eram novos casos, sendo 686 em gestantes e 198 do p\u00fablico em geral. Os beb\u00eas somaram 260 casos. Em 2023, foram realizados 33.312 testes, que tiveram 4.994 pessoas positivadas. O total de novos casos eram 826: 744 gestantes e 82 do p\u00fablico em geral. Os beb\u00eas somaram 297 casos de s\u00edfilis cong\u00eanita.&nbsp;<\/p>\n\n\n\n<p><strong>Locais de tratamento<\/strong>:&nbsp;<\/p>\n\n\n\n<p>Polo Sanit\u00e1rio H\u00e9lio Cruz, Alc\u00e2ntara<\/p>\n\n\n\n<p>Polo Sanit\u00e1rio Jorge Teixeira de Lima, Jardim Catarina<\/p>\n\n\n\n<p>Polo Sanit\u00e1rio Augusto Sena, Rio do Ouro<\/p>\n\n\n\n<p>Polo Sanit\u00e1rio Washington Luiz Lopes, Z\u00e9 Garoto<\/p>\n\n\n\n<p>Polo Sanit\u00e1rio Paulo Marques Rangel, Port\u00e3o do Rosa<\/p>\n\n\n\n<p>Cl\u00ednica Municipal do Barro Vermelho<\/p>\n\n\n\n<p>Cl\u00ednica Gon\u00e7alense do Mutondo<\/p>\n\n\n\n<p>Cl\u00ednica da Fam\u00edlia Dr. Zerbini, Arsenal<\/p>\n\n\n\n<p>Cl\u00ednica Municipal Gon\u00e7alense do Coluband\u00ea<\/p>\n\n\n\n<p>Policl\u00ednica Gon\u00e7alense de Refer\u00eancia para Doen\u00e7as Cr\u00f4nicas e Transmiss\u00edveis<\/p>\n\n\n\n<p>USF Gladys Rodrigues Ramos Freitas, Santa Isabel<\/p>\n\n\n\n<p>USF Luiz Carlos Prestes, em Santa Catarina<\/p>\n\n\n\n<p>USF Bento da Cruz, Porto Novo<\/p>\n\n\n\n<p>USF Juvenil Francisco Ribeiro, Engenho Pequeno<\/p>\n\n\n\n<p><strong>Locais de testagem no Dia D (18\/10)<\/strong><\/p>\n\n\n\n<p>1 \u2013 Polo Sanit\u00e1rio Paulo Marques Rangel, Porto do Rosa&nbsp;<\/p>\n\n\n\n<p>2 \u2013 USF Jardim Catarina I&nbsp;<\/p>\n\n\n\n<p>3 \u2013 USF Jos\u00e9 Avelino de Souza, Tribob\u00f3&nbsp;<\/p>\n\n\n\n<p>4 \u2013 USF Agenor Jos\u00e9 da Silva, Jardim Catarina&nbsp;<\/p>\n\n\n\n<p>5 \u2013 USF Louis Pasteur, Guaxindiba&nbsp;<\/p>\n\n\n\n<p>6 \u2013&nbsp;USF Vista Alegre&nbsp;<\/p>\n\n\n\n<p>7 \u2013 PAM Coelho&nbsp;<\/p>\n\n\n\n<p>8 \u2013 Polo Sanit\u00e1rio Washington Luiz Lopes, Z\u00e9 Garoto&nbsp;<\/p>\n\n\n\n<p>9 \u2013 USF David Capistrano, Ita\u00fana&nbsp;<\/p>\n\n\n\n<p>10 \u2013 USF Barbosa Lima Sobrinho, Boa Vista&nbsp;<\/p>\n\n\n\n<p>11 \u2013 Cl\u00ednica Municipal Gon\u00e7alense do Mutondo&nbsp;<\/p>\n\n\n\n<p>12 \u2013 USF Jos\u00e9 Bruno Neto, Boa Vista&nbsp;<\/p>\n\n\n\n<p>13 \u2013 USF Floren\u00e7a Pereira, Largo da Ideia&nbsp;<\/p>\n\n\n\n<p>14 \u2013 Polo Sanit\u00e1rio H\u00e9lio Cruz, Alc\u00e2ntara&nbsp;<\/p>\n\n\n\n<p>15 \u2013 USF Jos\u00e9 Jorge Cortes Freitas, Itaitindiba&nbsp;<\/p>\n\n\n\n<p>16 \u2013 Polo Sanit\u00e1rio Augusto Sena, Rio do Ouro&nbsp;<\/p>\n\n\n\n<p>17 \u2013 USF Anaia&nbsp;<\/p>\n\n\n\n<p>18 \u2013 USF Ana Nery, Gradim&nbsp;<\/p>\n\n\n\n<p>19 \u2013 Polo Sanit\u00e1rio Jorge Teixeira de Lima, Jardim Catarina&nbsp;<\/p>\n\n\n\n<p>20 \u2013 USF Mahatma Gandhi, Jardim Calif\u00f3rnia&nbsp;<\/p>\n\n\n\n<p>21 \u2013 USF Manoel De Abreu, Ipi\u00edba&nbsp;<\/p>\n\n\n\n<p>22 \u2013 USF Altair da Silva, Mutu\u00e1&nbsp;<\/p>\n\n\n\n<p>23 \u2013 USF Madre Teresa de Calcut\u00e1, Estrela do Norte&nbsp;<\/p>\n\n\n\n<p>24 \u2013 USF Juvenil Francisco Ribeiro, Engenho Pequeno&nbsp;<\/p>\n\n\n\n<p>25 \u2013 USF Fl\u00e1vio Henrique de Brito, J\u00f3quei&nbsp;<\/p>\n\n\n\n<p>26 \u2013 USF Irm\u00e3 Dulce, Trindade&nbsp;<\/p>\n\n\n\n<p>27 \u2013 USF Luiz Paulo Guimar\u00e3es, Laranjal&nbsp;<\/p>\n\n\n\n<p>28 \u2013 USF Em\u00edlio Ribas, Barrac\u00e3o&nbsp;<\/p>\n\n\n\n<p>29 \u2013 USF Elza Borges, Santa Luzia&nbsp;<\/p>\n\n\n\n<p>30 \u2013 PAM Neves&nbsp;<\/p>\n\n\n\n<p>31 \u2013 USF Ary Teixeira, Jardim Bom Retiro&nbsp;<\/p>\n\n\n\n<p>32 \u2013 USF Luiz Carlos Prestes, Santa Catarina&nbsp;<\/p>\n\n\n\n<p>33 \u2013 USF Neuza Goulart, Salgueiro&nbsp;<\/p>\n\n\n\n<p>34 \u2013 USF Haroldo Pereira Nunes, Porto Novo&nbsp;<\/p>\n\n\n\n<p>35 \u2013 Cl\u00ednica Municipal da Fam\u00edlia Dr. Zerbini, Arsenal&nbsp;<\/p>\n\n\n\n<p>36 \u2013 USF Alexander Fleming, Boa\u00e7u&nbsp;<\/p>\n\n\n\n<p>37 \u2013 USF Bandeirantes&nbsp;<\/p>\n\n\n\n<p>38 \u2013 USF Tancredo Neves, Luiz Ca\u00e7ador&nbsp;<\/p>\n\n\n\n<p>39 \u2013 USF Geremias de Mattos Fontes, Jardim Bom Retiro&nbsp;<\/p>\n\n\n\n<p>40 \u2013 USF Quinta Dom Ricardo&nbsp;<\/p>\n\n\n\n<p>41 \u2013 USF Santa Luzia&nbsp;<\/p>\n\n\n\n<p>42 \u2013 USF Hiparco Ferreira, Engenho do Ro\u00e7ado&nbsp;<\/p>\n\n\n\n<p>43 \u2013 USF Almerinda&nbsp;<\/p>\n\n\n\n<p>44 \u2013 USF Lu\u00edsa de Marilac, Novo M\u00e9xico&nbsp;<\/p>\n\n\n\n<p>45 \u2013 Cl\u00ednica Municipal Gon\u00e7alense do Coluband\u00ea&nbsp;<\/p>\n\n\n\n<p>46 \u2013 USF Presidente Get\u00falio Vargas, Boa Vista&nbsp;<\/p>\n\n\n\n<p>47 \u2013 USF Dr. Robert Koch, Porto da Madama&nbsp;<\/p>\n\n\n\n<p>48 \u2013 USF Doutel de Andrade, Maria Paula&nbsp;<\/p>\n\n\n\n<p>49 \u2013 USF Roberto Silveira, Vista Alegre&nbsp;<\/p>\n\n\n\n<p>50 \u2013 USF \u00c1gua Mineral&nbsp;<\/p>\n\n\n\n<p>51 \u2013 USF Adolfo Lutz, Amendoeira&nbsp;<\/p>\n\n\n\n<p>52 \u2013 USF Port\u00e3o do Rosa&nbsp;<\/p>\n\n\n\n<p>53 \u2013 USF An\u00edbal Porto, Monjolos&nbsp;<\/p>\n\n\n\n<p>54 \u2013 USF Albert Sabin, Fazenda dos Mineiros&nbsp;<\/p>\n\n\n\n<p>55 \u2013 USF Floriano Barbosa, Jardim Catarina&nbsp;<\/p>\n\n\n\n<p>56 \u2013 USF Juarez Antunes, Laranjal&nbsp;<\/p>\n\n\n\n<p>57\u2013 USF Victor Chimelly, Paiva&nbsp;<\/p>\n\n\n\n<p>58 \u2013 USF Jardel do Amaral, Venda da Cruz&nbsp;<\/p>\n\n\n\n<p>59 \u2013 USF Armando Le\u00e3o, Morro do Castro&nbsp;<\/p>\n\n\n\n<p>60 \u2013 Cl\u00ednica Municipal Gon\u00e7alense Lagoinha<\/p>\n\n\n\n<p>61 \u2013 USF Marambaia<\/p>\n\n\n\n<p>62 \u2013 USF Apolo III.<\/p>\n\n\n\n<p><em><strong>S\u00e3o Gon\u00e7alo vai mudar: Not\u00edcias de S\u00e3o Gon\u00e7alo e toda regi\u00e3o.<\/strong><\/em><\/p>\n\n\n\n<figure class=\"wp-block-image size-large\"><img decoding=\"async\" width=\"1024\" height=\"46\" src=\"https:\/\/sgvaimudar.com.br\/wp-content\/uploads\/2023\/08\/Anuncie-Aqui-Sao-Goncalo-vai-mudar-1024x46.png\" alt=\"\" class=\"wp-image-2740\" srcset=\"https:\/\/sgvaimudar.com.br\/wp-content\/uploads\/2023\/08\/Anuncie-Aqui-Sao-Goncalo-vai-mudar-1024x46.png 1024w, https:\/\/sgvaimudar.com.br\/wp-content\/uploads\/2023\/08\/Anuncie-Aqui-Sao-Goncalo-vai-mudar-300x13.png 300w, https:\/\/sgvaimudar.com.br\/wp-content\/uploads\/2023\/08\/Anuncie-Aqui-Sao-Goncalo-vai-mudar-768x35.png 768w, https:\/\/sgvaimudar.com.br\/wp-content\/uploads\/2023\/08\/Anuncie-Aqui-Sao-Goncalo-vai-mudar-1536x69.png 1536w, https:\/\/sgvaimudar.com.br\/wp-content\/uploads\/2023\/08\/Anuncie-Aqui-Sao-Goncalo-vai-mudar.png 2002w\" sizes=\"(max-width: 1024px) 100vw, 1024px\" \/><\/figure>\n","protected":false},"excerpt":{"rendered":"<p>Unidades de sa\u00fade estar\u00e3o abertas para oferecer testagem \u00e0 popula\u00e7\u00e3o No Dia Nacional de Combate \u00e0 S\u00edfilis e \u00e0 S\u00edfilis&hellip;<\/p>\n","protected":false},"author":5,"featured_media":20741,"comment_status":"closed","ping_status":"open","sticky":false,"template":"","format":"standard","meta":{"fifu_image_url":"","fifu_image_alt":"","footnotes":""},"categories":[7],"tags":[47,75],"class_list":["post-31869","post","type-post","status-publish","format-standard","has-post-thumbnail","hentry","category-saude","tag-rj","tag-sao-goncalo"],"_links":{"self":[{"href":"https:\/\/sgvaimudar.com.br\/index.php\/wp-json\/wp\/v2\/posts\/31869","targetHints":{"allow":["GET"]}}],"collection":[{"href":"https:\/\/sgvaimudar.com.br\/index.php\/wp-json\/wp\/v2\/posts"}],"about":[{"href":"https:\/\/sgvaimudar.com.br\/index.php\/wp-json\/wp\/v2\/types\/post"}],"author":[{"embeddable":true,"href":"https:\/\/sgvaimudar.com.br\/index.php\/wp-json\/wp\/v2\/users\/5"}],"replies":[{"embeddable":true,"href":"https:\/\/sgvaimudar.com.br\/index.php\/wp-json\/wp\/v2\/comments?post=31869"}],"version-history":[{"count":1,"href":"https:\/\/sgvaimudar.com.br\/index.php\/wp-json\/wp\/v2\/posts\/31869\/revisions"}],"predecessor-version":[{"id":31871,"href":"https:\/\/sgvaimudar.com.br\/index.php\/wp-json\/wp\/v2\/posts\/31869\/revisions\/31871"}],"wp:featuredmedia":[{"embeddable":true,"href":"https:\/\/sgvaimudar.com.br\/index.php\/wp-json\/wp\/v2\/media\/20741"}],"wp:attachment":[{"href":"https:\/\/sgvaimudar.com.br\/index.php\/wp-json\/wp\/v2\/media?parent=31869"}],"wp:term":[{"taxonomy":"category","embeddable":true,"href":"https:\/\/sgvaimudar.com.br\/index.php\/wp-json\/wp\/v2\/categories?post=31869"},{"taxonomy":"post_tag","embeddable":true,"href":"https:\/\/sgvaimudar.com.br\/index.php\/wp-json\/wp\/v2\/tags?post=31869"}],"curies":[{"name":"wp","href":"https:\/\/api.w.org\/{rel}","templated":true}]}}