{"id":31866,"date":"2025-10-16T09:59:00","date_gmt":"2025-10-16T12:59:00","guid":{"rendered":"https:\/\/sgvaimudar.com.br\/?p=31866"},"modified":"2025-10-16T08:11:15","modified_gmt":"2025-10-16T11:11:15","slug":"deputado-de-itaborai-reage-a-assalto-e-prende-ladrao-no-rio","status":"publish","type":"post","link":"https:\/\/sgvaimudar.com.br\/index.php\/2025\/10\/16\/deputado-de-itaborai-reage-a-assalto-e-prende-ladrao-no-rio\/","title":{"rendered":"Deputado de Itabora\u00ed reage a assalto e prende ladr\u00e3o no Rio"},"content":{"rendered":"\n<p><em>O pol\u00edtico registrou o fato na 5\u00aa DP (Mem de S\u00e1)<\/em><\/p>\n\n\n\n<p>O deputado estadual Guilherme Delaroli (PL), que ocupa a primeira vice-presid\u00eancia da Assembleia Legislativa do Rio (Alerj), foi alvo de um furto nesta ter\u00e7a-feira, no Centro do Rio, mas conseguiu recuperar o item levado e deter o respons\u00e1vel pelo crime.<\/p>\n\n\n\n<p>O parlamentar, que tamb\u00e9m \u00e9 policial militar, falava ao celular dentro de seu carro ap\u00f3s deixar a Alerj quando foi surpreendido pelo menor, de 17 anos, que tentou pegar o aparelho. Delaroli e um assessor correram atr\u00e1s do jovem e conseguiram retomar o celular.<\/p>\n\n\n\n<p>Na a\u00e7\u00e3o, o fato foi registrado na 5\u00aa DP (Mem de S\u00e1). De acordo com informa\u00e7\u00f5es da pol\u00edcia, o menor j\u00e1 possui oito registros por furto, roubo e les\u00e3o corporal.<\/p>\n\n\n\n<p>Pelas redes sociais, o deputado criticou a lei atualmente em vigor. \u201cUm epis\u00f3dio que n\u00e3o vou esquecer. Infelizmente qualquer cidad\u00e3o est\u00e1 sujeito a situa\u00e7\u00f5es de viol\u00eancia. Enquanto as leis continuarem brandas, beneficiando criminosos, a popula\u00e7\u00e3o fica completamente desprotegida\u201d, afirmou Delaroli.<\/p>\n\n\n\n<p><em><strong>Fa\u00e7a sua den\u00fancia pelo nosso WhatsApp: (21)&nbsp;99744 5345<\/strong><\/em><\/p>\n\n\n\n<p><em><strong>S\u00e3o Gon\u00e7alo vai mudar: Not\u00edcias de S\u00e3o Gon\u00e7alo e toda regi\u00e3o.<\/strong><\/em><\/p>\n\n\n\n<figure class=\"wp-block-image size-large\"><img decoding=\"async\" width=\"1024\" height=\"46\" src=\"https:\/\/sgvaimudar.com.br\/wp-content\/uploads\/2023\/08\/Anuncie-Aqui-Sao-Goncalo-vai-mudar-1024x46.png\" alt=\"\" class=\"wp-image-2740\" srcset=\"https:\/\/sgvaimudar.com.br\/wp-content\/uploads\/2023\/08\/Anuncie-Aqui-Sao-Goncalo-vai-mudar-1024x46.png 1024w, https:\/\/sgvaimudar.com.br\/wp-content\/uploads\/2023\/08\/Anuncie-Aqui-Sao-Goncalo-vai-mudar-300x13.png 300w, https:\/\/sgvaimudar.com.br\/wp-content\/uploads\/2023\/08\/Anuncie-Aqui-Sao-Goncalo-vai-mudar-768x35.png 768w, https:\/\/sgvaimudar.com.br\/wp-content\/uploads\/2023\/08\/Anuncie-Aqui-Sao-Goncalo-vai-mudar-1536x69.png 1536w, https:\/\/sgvaimudar.com.br\/wp-content\/uploads\/2023\/08\/Anuncie-Aqui-Sao-Goncalo-vai-mudar.png 2002w\" sizes=\"(max-width: 1024px) 100vw, 1024px\" \/><\/figure>\n","protected":false},"excerpt":{"rendered":"<p>O pol\u00edtico registrou o fato na 5\u00aa DP (Mem de S\u00e1) O deputado estadual Guilherme Delaroli (PL), que ocupa a&hellip;<\/p>\n","protected":false},"author":5,"featured_media":31867,"comment_status":"closed","ping_status":"open","sticky":false,"template":"","format":"standard","meta":{"fifu_image_url":"","fifu_image_alt":"","footnotes":""},"categories":[32],"tags":[39,41,40,47],"class_list":["post-31866","post","type-post","status-publish","format-standard","has-post-thumbnail","hentry","category-casos-de-policia","tag-ataque","tag-conflito","tag-guerra","tag-rj"],"_links":{"self":[{"href":"https:\/\/sgvaimudar.com.br\/index.php\/wp-json\/wp\/v2\/posts\/31866","targetHints":{"allow":["GET"]}}],"collection":[{"href":"https:\/\/sgvaimudar.com.br\/index.php\/wp-json\/wp\/v2\/posts"}],"about":[{"href":"https:\/\/sgvaimudar.com.br\/index.php\/wp-json\/wp\/v2\/types\/post"}],"author":[{"embeddable":true,"href":"https:\/\/sgvaimudar.com.br\/index.php\/wp-json\/wp\/v2\/users\/5"}],"replies":[{"embeddable":true,"href":"https:\/\/sgvaimudar.com.br\/index.php\/wp-json\/wp\/v2\/comments?post=31866"}],"version-history":[{"count":1,"href":"https:\/\/sgvaimudar.com.br\/index.php\/wp-json\/wp\/v2\/posts\/31866\/revisions"}],"predecessor-version":[{"id":31868,"href":"https:\/\/sgvaimudar.com.br\/index.php\/wp-json\/wp\/v2\/posts\/31866\/revisions\/31868"}],"wp:featuredmedia":[{"embeddable":true,"href":"https:\/\/sgvaimudar.com.br\/index.php\/wp-json\/wp\/v2\/media\/31867"}],"wp:attachment":[{"href":"https:\/\/sgvaimudar.com.br\/index.php\/wp-json\/wp\/v2\/media?parent=31866"}],"wp:term":[{"taxonomy":"category","embeddable":true,"href":"https:\/\/sgvaimudar.com.br\/index.php\/wp-json\/wp\/v2\/categories?post=31866"},{"taxonomy":"post_tag","embeddable":true,"href":"https:\/\/sgvaimudar.com.br\/index.php\/wp-json\/wp\/v2\/tags?post=31866"}],"curies":[{"name":"wp","href":"https:\/\/api.w.org\/{rel}","templated":true}]}}