{"id":31864,"date":"2025-10-16T07:48:43","date_gmt":"2025-10-16T10:48:43","guid":{"rendered":"https:\/\/sgvaimudar.com.br\/?p=31864"},"modified":"2025-10-16T07:48:43","modified_gmt":"2025-10-16T10:48:43","slug":"camara-de-vereadores-aprova-criacao-do-observatorio-fortalece-sao-goncalo","status":"publish","type":"post","link":"https:\/\/sgvaimudar.com.br\/index.php\/2025\/10\/16\/camara-de-vereadores-aprova-criacao-do-observatorio-fortalece-sao-goncalo\/","title":{"rendered":"C\u00e2mara de Vereadores aprova cria\u00e7\u00e3o do Observat\u00f3rio Fortalece S\u00e3o Gon\u00e7alo\u00a0"},"content":{"rendered":"\n<p><em>Plataforma de dados em parceria com o ONU-Habitat ser\u00e1 lan\u00e7ada nesta quinta-feira (16) no Teatro Municipal<\/em><\/p>\n\n\n\n<p>A C\u00e2mara de Vereadores de S\u00e3o Gon\u00e7alo aprovou, nesta \u00faltima ter\u00e7a-feira (14), projeto de lei encaminhado pela Prefeitura que institui o Observat\u00f3rio Fortalece S\u00e3o Gon\u00e7alo. Trata-se de uma plataforma permanente de produ\u00e7\u00e3o e an\u00e1lise de dados, informa\u00e7\u00f5es e conhecimentos sobre o munic\u00edpio, com o objetivo de subsidiar a formula\u00e7\u00e3o, monitoramento avalia\u00e7\u00e3o de pol\u00edticas p\u00fablicas.<\/p>\n\n\n\n<p>O Observat\u00f3rio, criado em parceria com o Programa das Na\u00e7\u00f5es Unidas para os Assentamentos Humanos (ONU-Habitat), ser\u00e1 lan\u00e7ado oficialmente nesta quinta-feira (16 de outubro), \u00e0s 14h, no Teatro Municipal George Savalla Gomes, no Centro. A abertura do evento, que integra a programa\u00e7\u00e3o de outubro do Circuito Urbano 2025 do ONU-Habitat, contar\u00e1 com as presen\u00e7as do prefeito de S\u00e3o Gon\u00e7alo, Capit\u00e3o Nelson; a chefe do Escrit\u00f3rio do Brasil do ONU-Habitat, Rayne Ferreti; e o secret\u00e1rio de Estado das Cidades, Douglas Ruas.<\/p>\n\n\n\n<p>O Observat\u00f3rio promover\u00e1 o alinhamento dos dados, informa\u00e7\u00f5es e pol\u00edticas p\u00fablicas municipais com os Objetivos de Desenvolvimento Sustent\u00e1vel (ODS), adotados na Agenda 2030 para o Desenvolvimento Sustent\u00e1vel da Assembleia Geral das Na\u00e7\u00f5es Unidas, e com outras agendas globais. A iniciativa ser\u00e1 vinculada \u00e0 Secretaria Municipal de Gest\u00e3o Integrada e Projetos Especiais (Semgipe).<\/p>\n\n\n\n<p>Entre as atribui\u00e7\u00f5es do Observat\u00f3rio, est\u00e3o monitorar, aprimorar e divulgar indicadores sobre pol\u00edticas p\u00fablicas municipais, que dever\u00e3o ser atualizados periodicamente; capacitar gestores p\u00fablicos e sociedade civil no uso destes indicadores; estabelecer parcerias e promover interc\u00e2mbio de dados, metodologias e informa\u00e7\u00f5es com outros observat\u00f3rios, universidades e institui\u00e7\u00f5es de pesquisa; mapear e sistematizar programas e projetos municipais.<\/p>\n\n\n\n<p><strong>Lan\u00e7amento<\/strong>\u00a0&#8211; O Observat\u00f3rio Fortalece S\u00e3o Gon\u00e7alo ser\u00e1 lan\u00e7ado oficialmente nesta quinta-feira, \u00e0s 14 horas, no Teatro Municipal. Ap\u00f3s a abertura, ser\u00e3o apresentados dois pain\u00e9is, para discutir \u201cInterc\u00e2mbio de Observat\u00f3rios\u201d e \u201cCidades inteligentes\u201d, com a presen\u00e7a de autoridades dos Estados do Rio, Alagoas e Cear\u00e1, Instituto Rio Metr\u00f3pole e Prefeitura de S\u00e3o Gon\u00e7alo.<\/p>\n\n\n\n<p><em><strong>S\u00e3o Gon\u00e7alo vai mudar: Not\u00edcias de S\u00e3o Gon\u00e7alo e toda regi\u00e3o.<\/strong><\/em><\/p>\n\n\n\n<figure class=\"wp-block-image size-large\"><img decoding=\"async\" width=\"1024\" height=\"46\" src=\"https:\/\/sgvaimudar.com.br\/wp-content\/uploads\/2023\/08\/Anuncie-Aqui-Sao-Goncalo-vai-mudar-1024x46.png\" alt=\"\" class=\"wp-image-2740\" srcset=\"https:\/\/sgvaimudar.com.br\/wp-content\/uploads\/2023\/08\/Anuncie-Aqui-Sao-Goncalo-vai-mudar-1024x46.png 1024w, https:\/\/sgvaimudar.com.br\/wp-content\/uploads\/2023\/08\/Anuncie-Aqui-Sao-Goncalo-vai-mudar-300x13.png 300w, https:\/\/sgvaimudar.com.br\/wp-content\/uploads\/2023\/08\/Anuncie-Aqui-Sao-Goncalo-vai-mudar-768x35.png 768w, https:\/\/sgvaimudar.com.br\/wp-content\/uploads\/2023\/08\/Anuncie-Aqui-Sao-Goncalo-vai-mudar-1536x69.png 1536w, https:\/\/sgvaimudar.com.br\/wp-content\/uploads\/2023\/08\/Anuncie-Aqui-Sao-Goncalo-vai-mudar.png 2002w\" sizes=\"(max-width: 1024px) 100vw, 1024px\" \/><\/figure>\n","protected":false},"excerpt":{"rendered":"<p>Plataforma de dados em parceria com o ONU-Habitat ser\u00e1 lan\u00e7ada nesta quinta-feira (16) no Teatro Municipal A C\u00e2mara de Vereadores&hellip;<\/p>\n","protected":false},"author":5,"featured_media":16057,"comment_status":"closed","ping_status":"open","sticky":false,"template":"","format":"standard","meta":{"fifu_image_url":"","fifu_image_alt":"","footnotes":""},"categories":[3],"tags":[47,75],"class_list":["post-31864","post","type-post","status-publish","format-standard","has-post-thumbnail","hentry","category-sao-goncalo","tag-rj","tag-sao-goncalo"],"_links":{"self":[{"href":"https:\/\/sgvaimudar.com.br\/index.php\/wp-json\/wp\/v2\/posts\/31864","targetHints":{"allow":["GET"]}}],"collection":[{"href":"https:\/\/sgvaimudar.com.br\/index.php\/wp-json\/wp\/v2\/posts"}],"about":[{"href":"https:\/\/sgvaimudar.com.br\/index.php\/wp-json\/wp\/v2\/types\/post"}],"author":[{"embeddable":true,"href":"https:\/\/sgvaimudar.com.br\/index.php\/wp-json\/wp\/v2\/users\/5"}],"replies":[{"embeddable":true,"href":"https:\/\/sgvaimudar.com.br\/index.php\/wp-json\/wp\/v2\/comments?post=31864"}],"version-history":[{"count":1,"href":"https:\/\/sgvaimudar.com.br\/index.php\/wp-json\/wp\/v2\/posts\/31864\/revisions"}],"predecessor-version":[{"id":31865,"href":"https:\/\/sgvaimudar.com.br\/index.php\/wp-json\/wp\/v2\/posts\/31864\/revisions\/31865"}],"wp:featuredmedia":[{"embeddable":true,"href":"https:\/\/sgvaimudar.com.br\/index.php\/wp-json\/wp\/v2\/media\/16057"}],"wp:attachment":[{"href":"https:\/\/sgvaimudar.com.br\/index.php\/wp-json\/wp\/v2\/media?parent=31864"}],"wp:term":[{"taxonomy":"category","embeddable":true,"href":"https:\/\/sgvaimudar.com.br\/index.php\/wp-json\/wp\/v2\/categories?post=31864"},{"taxonomy":"post_tag","embeddable":true,"href":"https:\/\/sgvaimudar.com.br\/index.php\/wp-json\/wp\/v2\/tags?post=31864"}],"curies":[{"name":"wp","href":"https:\/\/api.w.org\/{rel}","templated":true}]}}