{"id":31862,"date":"2025-10-16T07:43:10","date_gmt":"2025-10-16T10:43:10","guid":{"rendered":"https:\/\/sgvaimudar.com.br\/?p=31862"},"modified":"2025-10-16T07:43:10","modified_gmt":"2025-10-16T10:43:10","slug":"lider-de-quadrilha-de-roubo-de-veiculos-e-preso-em-sao-goncalo","status":"publish","type":"post","link":"https:\/\/sgvaimudar.com.br\/index.php\/2025\/10\/16\/lider-de-quadrilha-de-roubo-de-veiculos-e-preso-em-sao-goncalo\/","title":{"rendered":"L\u00edder de quadrilha de roubo de ve\u00edculos \u00e9 preso em S\u00e3o Gon\u00e7alo"},"content":{"rendered":"\n<p><em>A pris\u00e3o ocorreu como parte da Opera\u00e7\u00e3o Torniquete<\/em><\/p>\n\n\n\n<p>A Pol\u00edcia Civil do Rio de Janeiro desferiu um novo golpe contra o roubo de ve\u00edculos na regi\u00e3o metropolitana e quem se deu bem foram os gon\u00e7alenses. Agentes da Delegacia de Roubos e Furtos\u00a0de Autom\u00f3veis da Capital (DRFA) prenderam, na manh\u00e3 desta ter\u00e7a-feira (14), F. C. F., vulgo <strong><em>Magrinho<\/em><\/strong>, um dos integrantes de uma quadrilha especializada em assaltos a motoristas em S\u00e3o Gon\u00e7alo.<\/p>\n\n\n\n<p>A pris\u00e3o ocorreu como parte da Opera\u00e7\u00e3o Torniquete, em cumprimento a um mandado de pris\u00e3o preventiva. <strong><em>Magrinho<\/em><\/strong> \u00e9 acusado de roubo qualificado pelo uso de arma de fogo e concurso de pessoas.<\/p>\n\n\n\n<p>O crime em quest\u00e3o remonta a dezembro de 2018, quando ele e mais tr\u00eas c\u00famplices abordaram, mediante grave amea\u00e7a com armas, uma v\u00edtima e roubaram sua motocicleta na BR-101, pr\u00f3ximo a Guaxindiba, em S\u00e3o Gon\u00e7alo.<\/p>\n\n\n\n<p>Ap\u00f3s ser processado pelo roubo, o criminoso havia fugido, estando foragido da Justi\u00e7a desde 2021. Ele foi localizado e capturado em um im\u00f3vel no mesmo munic\u00edpio onde atuava.<\/p>\n\n\n\n<p>Segundo a Pol\u00edcia Civil, <strong><em>Magrinho<\/em><\/strong> \u00e9 considerado violento, sendo investigado por diversos outros roubos de ve\u00edculos na regi\u00e3o. Seu hist\u00f3rico criminal inclui uma pris\u00e3o anterior por homic\u00eddio, cometido contra um desafeto na frente dos familiares da v\u00edtima.<\/p>\n\n\n\n<p><em>Reportagem: Mauro J\u00fanior<\/em><\/p>\n\n\n\n<p><em><strong>Fa\u00e7a sua den\u00fancia pelo nosso WhatsApp: (21)&nbsp;99744 5345<\/strong><\/em><\/p>\n\n\n\n<p><em><strong>S\u00e3o Gon\u00e7alo vai mudar: Not\u00edcias de S\u00e3o Gon\u00e7alo e toda regi\u00e3o.<\/strong><\/em><\/p>\n\n\n\n<figure class=\"wp-block-image size-large\"><img decoding=\"async\" width=\"1024\" height=\"46\" src=\"https:\/\/sgvaimudar.com.br\/wp-content\/uploads\/2023\/08\/Anuncie-Aqui-Sao-Goncalo-vai-mudar-1024x46.png\" alt=\"\" class=\"wp-image-2740\" srcset=\"https:\/\/sgvaimudar.com.br\/wp-content\/uploads\/2023\/08\/Anuncie-Aqui-Sao-Goncalo-vai-mudar-1024x46.png 1024w, https:\/\/sgvaimudar.com.br\/wp-content\/uploads\/2023\/08\/Anuncie-Aqui-Sao-Goncalo-vai-mudar-300x13.png 300w, https:\/\/sgvaimudar.com.br\/wp-content\/uploads\/2023\/08\/Anuncie-Aqui-Sao-Goncalo-vai-mudar-768x35.png 768w, https:\/\/sgvaimudar.com.br\/wp-content\/uploads\/2023\/08\/Anuncie-Aqui-Sao-Goncalo-vai-mudar-1536x69.png 1536w, https:\/\/sgvaimudar.com.br\/wp-content\/uploads\/2023\/08\/Anuncie-Aqui-Sao-Goncalo-vai-mudar.png 2002w\" sizes=\"(max-width: 1024px) 100vw, 1024px\" \/><\/figure>\n","protected":false},"excerpt":{"rendered":"<p>A pris\u00e3o ocorreu como parte da Opera\u00e7\u00e3o Torniquete A Pol\u00edcia Civil do Rio de Janeiro desferiu um novo golpe contra&hellip;<\/p>\n","protected":false},"author":5,"featured_media":17138,"comment_status":"closed","ping_status":"open","sticky":false,"template":"","format":"standard","meta":{"fifu_image_url":"","fifu_image_alt":"","footnotes":""},"categories":[32],"tags":[39,41,40,47,75],"class_list":["post-31862","post","type-post","status-publish","format-standard","has-post-thumbnail","hentry","category-casos-de-policia","tag-ataque","tag-conflito","tag-guerra","tag-rj","tag-sao-goncalo"],"_links":{"self":[{"href":"https:\/\/sgvaimudar.com.br\/index.php\/wp-json\/wp\/v2\/posts\/31862","targetHints":{"allow":["GET"]}}],"collection":[{"href":"https:\/\/sgvaimudar.com.br\/index.php\/wp-json\/wp\/v2\/posts"}],"about":[{"href":"https:\/\/sgvaimudar.com.br\/index.php\/wp-json\/wp\/v2\/types\/post"}],"author":[{"embeddable":true,"href":"https:\/\/sgvaimudar.com.br\/index.php\/wp-json\/wp\/v2\/users\/5"}],"replies":[{"embeddable":true,"href":"https:\/\/sgvaimudar.com.br\/index.php\/wp-json\/wp\/v2\/comments?post=31862"}],"version-history":[{"count":1,"href":"https:\/\/sgvaimudar.com.br\/index.php\/wp-json\/wp\/v2\/posts\/31862\/revisions"}],"predecessor-version":[{"id":31863,"href":"https:\/\/sgvaimudar.com.br\/index.php\/wp-json\/wp\/v2\/posts\/31862\/revisions\/31863"}],"wp:featuredmedia":[{"embeddable":true,"href":"https:\/\/sgvaimudar.com.br\/index.php\/wp-json\/wp\/v2\/media\/17138"}],"wp:attachment":[{"href":"https:\/\/sgvaimudar.com.br\/index.php\/wp-json\/wp\/v2\/media?parent=31862"}],"wp:term":[{"taxonomy":"category","embeddable":true,"href":"https:\/\/sgvaimudar.com.br\/index.php\/wp-json\/wp\/v2\/categories?post=31862"},{"taxonomy":"post_tag","embeddable":true,"href":"https:\/\/sgvaimudar.com.br\/index.php\/wp-json\/wp\/v2\/tags?post=31862"}],"curies":[{"name":"wp","href":"https:\/\/api.w.org\/{rel}","templated":true}]}}