{"id":31855,"date":"2025-10-15T12:59:00","date_gmt":"2025-10-15T15:59:00","guid":{"rendered":"https:\/\/sgvaimudar.com.br\/?p=31855"},"modified":"2025-10-15T09:13:20","modified_gmt":"2025-10-15T12:13:20","slug":"policia-civil-flagra-churrasco-de-milicianos-em-santa-cruz-e-6-sao-presos","status":"publish","type":"post","link":"https:\/\/sgvaimudar.com.br\/index.php\/2025\/10\/15\/policia-civil-flagra-churrasco-de-milicianos-em-santa-cruz-e-6-sao-presos\/","title":{"rendered":"Pol\u00edcia Civil flagra churrasco de milicianos em Santa Cruz e 6 s\u00e3o presos"},"content":{"rendered":"\n<p><em>De acordo com as investiga\u00e7\u00f5es, grupo \u00e9 acusado de aterrorizar moradores de bairros da Zona Oeste do Rio. Todos os detidos foram autuados em flagrante por organiza\u00e7\u00e3o criminosa e posse de arma de fogo de uso restrito<\/em><\/p>\n\n\n\n<p>Um churrasco de milicianos em Paci\u00eancia, na Zona Oeste do Rio, acabou com seis presos nesta ter\u00e7a-feira (14). Agentes da 36\u00aa DP (Santa Cruz) chegaram ao local ap\u00f3s uma den\u00fancia an\u00f4nima. No local foram apreendidas armas, dinheiro e caderno com cobran\u00e7as.<\/p>\n\n\n\n<p>Segundo a Pol\u00edcia Civil, o grupo se reunia em um sal\u00e3o de festas que funcionava tamb\u00e9m como ponto de atividades criminosas, ligado \u00e0 mil\u00edcia que atua em Santa Cruz e bairros vizinhos.<\/p>\n\n\n\n<figure class=\"wp-block-image size-full\"><img fetchpriority=\"high\" decoding=\"async\" width=\"633\" height=\"355\" src=\"https:\/\/sgvaimudar.com.br\/wp-content\/uploads\/2025\/10\/milicos1.jpg\" alt=\"\" class=\"wp-image-31857\" srcset=\"https:\/\/sgvaimudar.com.br\/wp-content\/uploads\/2025\/10\/milicos1.jpg 633w, https:\/\/sgvaimudar.com.br\/wp-content\/uploads\/2025\/10\/milicos1-300x168.jpg 300w\" sizes=\"(max-width: 633px) 100vw, 633px\" \/><\/figure>\n\n\n\n<p>Foram presos:\u00a0Jefferson Lu\u00eds Lima Silva,\u00a0Rickson Marques Fernandes,\u00a0Victor Hugo de Santana de Almeida,\u00a0Rodrigo Vicente Ferreira,\u00a0Igor Jos\u00e9 de Santana de Almeida,\u00a0Thiago de Souza Pimenta dos Santos.<\/p>\n\n\n\n<p>De acordo com a pol\u00edcia, dentro de um carro estacionado no local,\u00a0os agentes encontraram um fuzil, uma pistola, 2 carregadores de pistola, 2 de fuzil, muni\u00e7\u00f5es, um r\u00e1dio comunicador, um girosc\u00f3pio usado em viaturas, placas de ve\u00edculos, um caderno com registros de cobran\u00e7as e R$ 19 mil em dinheiro vivo.<\/p>\n\n\n\n<p>\u201cConseguimos constatar que esses milicianos, que atuam em Santa Cruz, estavam reunidos em um sal\u00e3o de festas. No local, flagramos sete integrantes do grupo. Com eles, encontramos armas de fogo \u2014 entre elas, um fuzil com a numera\u00e7\u00e3o raspada\u201d, afirmou o delegado Ed\u00e9zio Ramos, titular da 36\u00aa DP.<\/p>\n\n\n\n<p>Todos os detidos foram levados para a 36\u00aa DP, onde\u00a0foram autuados em flagrante por organiza\u00e7\u00e3o criminosa armada e posse de arma de fogo de uso restrito.\u00a0<\/p>\n\n\n\n<p>A Pol\u00edcia Civil disse que segue investigando a atua\u00e7\u00e3o do grupo, que \u00e9 suspeito de envolvimento em extors\u00f5es e amea\u00e7as a moradores da regi\u00e3o.<\/p>\n\n\n\n<p>Todos os acusados preferiram o sil\u00eancio.<\/p>\n\n\n\n<p><em><strong>Fa\u00e7a sua den\u00fancia pelo nosso WhatsApp: (21)&nbsp;99744 5345<\/strong><\/em><\/p>\n\n\n\n<p><em><strong>S\u00e3o Gon\u00e7alo vai mudar: Not\u00edcias de S\u00e3o Gon\u00e7alo e toda regi\u00e3o.<\/strong><\/em><\/p>\n\n\n\n<figure class=\"wp-block-image size-large\"><img decoding=\"async\" width=\"1024\" height=\"46\" src=\"https:\/\/sgvaimudar.com.br\/wp-content\/uploads\/2023\/08\/Anuncie-Aqui-Sao-Goncalo-vai-mudar-1024x46.png\" alt=\"\" class=\"wp-image-2740\" srcset=\"https:\/\/sgvaimudar.com.br\/wp-content\/uploads\/2023\/08\/Anuncie-Aqui-Sao-Goncalo-vai-mudar-1024x46.png 1024w, https:\/\/sgvaimudar.com.br\/wp-content\/uploads\/2023\/08\/Anuncie-Aqui-Sao-Goncalo-vai-mudar-300x13.png 300w, https:\/\/sgvaimudar.com.br\/wp-content\/uploads\/2023\/08\/Anuncie-Aqui-Sao-Goncalo-vai-mudar-768x35.png 768w, https:\/\/sgvaimudar.com.br\/wp-content\/uploads\/2023\/08\/Anuncie-Aqui-Sao-Goncalo-vai-mudar-1536x69.png 1536w, https:\/\/sgvaimudar.com.br\/wp-content\/uploads\/2023\/08\/Anuncie-Aqui-Sao-Goncalo-vai-mudar.png 2002w\" sizes=\"(max-width: 1024px) 100vw, 1024px\" \/><\/figure>\n","protected":false},"excerpt":{"rendered":"<p>De acordo com as investiga\u00e7\u00f5es, grupo \u00e9 acusado de aterrorizar moradores de bairros da Zona Oeste do Rio. Todos os&hellip;<\/p>\n","protected":false},"author":5,"featured_media":31856,"comment_status":"closed","ping_status":"open","sticky":false,"template":"","format":"standard","meta":{"fifu_image_url":"","fifu_image_alt":"","footnotes":""},"categories":[32],"tags":[39,41,40,47],"class_list":["post-31855","post","type-post","status-publish","format-standard","has-post-thumbnail","hentry","category-casos-de-policia","tag-ataque","tag-conflito","tag-guerra","tag-rj"],"_links":{"self":[{"href":"https:\/\/sgvaimudar.com.br\/index.php\/wp-json\/wp\/v2\/posts\/31855","targetHints":{"allow":["GET"]}}],"collection":[{"href":"https:\/\/sgvaimudar.com.br\/index.php\/wp-json\/wp\/v2\/posts"}],"about":[{"href":"https:\/\/sgvaimudar.com.br\/index.php\/wp-json\/wp\/v2\/types\/post"}],"author":[{"embeddable":true,"href":"https:\/\/sgvaimudar.com.br\/index.php\/wp-json\/wp\/v2\/users\/5"}],"replies":[{"embeddable":true,"href":"https:\/\/sgvaimudar.com.br\/index.php\/wp-json\/wp\/v2\/comments?post=31855"}],"version-history":[{"count":1,"href":"https:\/\/sgvaimudar.com.br\/index.php\/wp-json\/wp\/v2\/posts\/31855\/revisions"}],"predecessor-version":[{"id":31858,"href":"https:\/\/sgvaimudar.com.br\/index.php\/wp-json\/wp\/v2\/posts\/31855\/revisions\/31858"}],"wp:featuredmedia":[{"embeddable":true,"href":"https:\/\/sgvaimudar.com.br\/index.php\/wp-json\/wp\/v2\/media\/31856"}],"wp:attachment":[{"href":"https:\/\/sgvaimudar.com.br\/index.php\/wp-json\/wp\/v2\/media?parent=31855"}],"wp:term":[{"taxonomy":"category","embeddable":true,"href":"https:\/\/sgvaimudar.com.br\/index.php\/wp-json\/wp\/v2\/categories?post=31855"},{"taxonomy":"post_tag","embeddable":true,"href":"https:\/\/sgvaimudar.com.br\/index.php\/wp-json\/wp\/v2\/tags?post=31855"}],"curies":[{"name":"wp","href":"https:\/\/api.w.org\/{rel}","templated":true}]}}