{"id":31833,"date":"2025-10-15T07:43:46","date_gmt":"2025-10-15T10:43:46","guid":{"rendered":"https:\/\/sgvaimudar.com.br\/?p=31833"},"modified":"2025-10-15T07:43:46","modified_gmt":"2025-10-15T10:43:46","slug":"alunos-participam-de-colheita-em-hortas-municipais-de-sao-goncalo","status":"publish","type":"post","link":"https:\/\/sgvaimudar.com.br\/index.php\/2025\/10\/15\/alunos-participam-de-colheita-em-hortas-municipais-de-sao-goncalo\/","title":{"rendered":"Alunos participam de colheita em hortas municipais de S\u00e3o Gon\u00e7alo"},"content":{"rendered":"\n<p><em>Secretaria de Agricultura e Pesca garante produ\u00e7\u00e3o saud\u00e1vel em quatro locais da cidade<\/em><\/p>\n\n\n\n<p>Na manh\u00e3 desta ter\u00e7a-feira (14), em uma parceria entre as secretarias municipais&nbsp;de Agricultura e Pesca e de Educa\u00e7\u00e3o da Prefeitura de S\u00e3o Gon\u00e7alo, alunos da Escola Municipal C\u00e9lia Pereira da Rosa, em Santa Izabel, realizaram a colheita de cerca de 100 p\u00e9s de alface cultivados na horta da Unidade de Sa\u00fade da Fam\u00edlia(USF) Gladys Rodrigues. Al\u00e9m disso, estudantes da Escola Municipal Marcus Vinicius de Moraes colheram verduras semeadas na pr\u00f3pria escola.<\/p>\n\n\n\n<p>\u201cO projeto, apoiado pelo prefeito Capit\u00e3o Nelson, \u00e9 uma grande iniciativa para ensinar crian\u00e7as a plantar e colher diversas verduras. Al\u00e9m disso, mostra a import\u00e2ncia da produ\u00e7\u00e3o da agricultura familiar, que cultiva alimentos saud\u00e1veis e sem agrot\u00f3xicos,\u201d destacou o secret\u00e1rio de Agricultura e Pesca, Magno Jos\u00e9, o Magu.\u00a0<\/p>\n\n\n\n<figure class=\"wp-block-image size-large\"><img fetchpriority=\"high\" decoding=\"async\" width=\"1024\" height=\"684\" src=\"https:\/\/sgvaimudar.com.br\/wp-content\/uploads\/2025\/10\/unnamed-8-6-1024x684.jpg\" alt=\"\" class=\"wp-image-31834\" srcset=\"https:\/\/sgvaimudar.com.br\/wp-content\/uploads\/2025\/10\/unnamed-8-6-1024x684.jpg 1024w, https:\/\/sgvaimudar.com.br\/wp-content\/uploads\/2025\/10\/unnamed-8-6-300x200.jpg 300w, https:\/\/sgvaimudar.com.br\/wp-content\/uploads\/2025\/10\/unnamed-8-6-768x513.jpg 768w, https:\/\/sgvaimudar.com.br\/wp-content\/uploads\/2025\/10\/unnamed-8-6-1536x1027.jpg 1536w, https:\/\/sgvaimudar.com.br\/wp-content\/uploads\/2025\/10\/unnamed-8-6.jpg 1616w\" sizes=\"(max-width: 1024px) 100vw, 1024px\" \/><\/figure>\n\n\n\n<p>Na a\u00e7\u00e3o desta ter\u00e7a, os p\u00e9s de alface colhidos nas depend\u00eancias da USF foram distribu\u00eddos para alunos e professores da Escola Municipal C\u00e9lia Pereira. J\u00e1 na Escola Municipal Marcus Vinicius, os alimentos foram lavados e preparados para o almo\u00e7o dos alunos, valorizando a sustentabilidade e a alimenta\u00e7\u00e3o saud\u00e1vel.<\/p>\n\n\n\n<p>\u201cHoje foi um dia diferente para nossas crian\u00e7as, a oportunidade de vir conhecer uma horta e colher os alfaces \u00e9 muito interessante. \u00c9 muito legal eles aprenderem a import\u00e2ncia de cuidar desses vegetais. Estimulamos tamb\u00e9m o cuidado com a natureza e com a alimenta\u00e7\u00e3o\u201d, afirmou a diretora do C\u00e9lia Pereira da Rosa, Francine Guimar\u00e3es.&nbsp;<\/p>\n\n\n\n<p>As hortas comunit\u00e1rias est\u00e3o localizadas em Santa Izabel, na USF Gladys Rodrigues e na Escola Vinicius de Moraes, em Vista Alegre, na USF Vista Alegre e na nova creche do Jardim Miriambi, que est\u00e1 em fase de obras. Al\u00e9m do alface, as hortas cultivam couve, salsa, cenoura e \u00e1rvores frut\u00edferas.&nbsp;<\/p>\n\n\n\n<p>A diretora da Escola Municipal Marcus Vinicius, Nailine Ribeiro, tamb\u00e9m destacou a import\u00e2ncia da horta na unidade para o desenvolvimento dos alunos.<\/p>\n\n\n\n<p>\u201cEu observei que a participa\u00e7\u00e3o e interesse deles melhorou muito depois que come\u00e7amos a trabalhar na horta, est\u00e3o at\u00e9 gostando mais das aulas de ci\u00eancias. Realizamos v\u00e1rias atividades aqui e todos eles gostam de cuidar das plantinhas. Os respons\u00e1veis ficaram super felizes com essa novidade. E agora, tudo o que \u00e9 verde eles consomem nas refei\u00e7\u00f5es, por saberem que foi cultivado na nossa escola\u201d, disse.<\/p>\n\n\n\n<p><em>Fotos: Renan Otto<\/em><\/p>\n\n\n\n<p><em><strong>S\u00e3o Gon\u00e7alo vai mudar: Not\u00edcias de S\u00e3o Gon\u00e7alo e toda regi\u00e3o.<\/strong><\/em><\/p>\n\n\n\n<figure class=\"wp-block-image size-large\"><img decoding=\"async\" width=\"1024\" height=\"46\" src=\"https:\/\/sgvaimudar.com.br\/wp-content\/uploads\/2023\/08\/Anuncie-Aqui-Sao-Goncalo-vai-mudar-1024x46.png\" alt=\"\" class=\"wp-image-2740\" srcset=\"https:\/\/sgvaimudar.com.br\/wp-content\/uploads\/2023\/08\/Anuncie-Aqui-Sao-Goncalo-vai-mudar-1024x46.png 1024w, https:\/\/sgvaimudar.com.br\/wp-content\/uploads\/2023\/08\/Anuncie-Aqui-Sao-Goncalo-vai-mudar-300x13.png 300w, https:\/\/sgvaimudar.com.br\/wp-content\/uploads\/2023\/08\/Anuncie-Aqui-Sao-Goncalo-vai-mudar-768x35.png 768w, https:\/\/sgvaimudar.com.br\/wp-content\/uploads\/2023\/08\/Anuncie-Aqui-Sao-Goncalo-vai-mudar-1536x69.png 1536w, https:\/\/sgvaimudar.com.br\/wp-content\/uploads\/2023\/08\/Anuncie-Aqui-Sao-Goncalo-vai-mudar.png 2002w\" sizes=\"(max-width: 1024px) 100vw, 1024px\" \/><\/figure>\n","protected":false},"excerpt":{"rendered":"<p>Secretaria de Agricultura e Pesca garante produ\u00e7\u00e3o saud\u00e1vel em quatro locais da cidade Na manh\u00e3 desta ter\u00e7a-feira (14), em uma&hellip;<\/p>\n","protected":false},"author":5,"featured_media":31835,"comment_status":"closed","ping_status":"open","sticky":false,"template":"","format":"standard","meta":{"fifu_image_url":"","fifu_image_alt":"","footnotes":""},"categories":[3],"tags":[47,75],"class_list":["post-31833","post","type-post","status-publish","format-standard","has-post-thumbnail","hentry","category-sao-goncalo","tag-rj","tag-sao-goncalo"],"_links":{"self":[{"href":"https:\/\/sgvaimudar.com.br\/index.php\/wp-json\/wp\/v2\/posts\/31833","targetHints":{"allow":["GET"]}}],"collection":[{"href":"https:\/\/sgvaimudar.com.br\/index.php\/wp-json\/wp\/v2\/posts"}],"about":[{"href":"https:\/\/sgvaimudar.com.br\/index.php\/wp-json\/wp\/v2\/types\/post"}],"author":[{"embeddable":true,"href":"https:\/\/sgvaimudar.com.br\/index.php\/wp-json\/wp\/v2\/users\/5"}],"replies":[{"embeddable":true,"href":"https:\/\/sgvaimudar.com.br\/index.php\/wp-json\/wp\/v2\/comments?post=31833"}],"version-history":[{"count":1,"href":"https:\/\/sgvaimudar.com.br\/index.php\/wp-json\/wp\/v2\/posts\/31833\/revisions"}],"predecessor-version":[{"id":31836,"href":"https:\/\/sgvaimudar.com.br\/index.php\/wp-json\/wp\/v2\/posts\/31833\/revisions\/31836"}],"wp:featuredmedia":[{"embeddable":true,"href":"https:\/\/sgvaimudar.com.br\/index.php\/wp-json\/wp\/v2\/media\/31835"}],"wp:attachment":[{"href":"https:\/\/sgvaimudar.com.br\/index.php\/wp-json\/wp\/v2\/media?parent=31833"}],"wp:term":[{"taxonomy":"category","embeddable":true,"href":"https:\/\/sgvaimudar.com.br\/index.php\/wp-json\/wp\/v2\/categories?post=31833"},{"taxonomy":"post_tag","embeddable":true,"href":"https:\/\/sgvaimudar.com.br\/index.php\/wp-json\/wp\/v2\/tags?post=31833"}],"curies":[{"name":"wp","href":"https:\/\/api.w.org\/{rel}","templated":true}]}}