{"id":31817,"date":"2025-10-14T10:00:00","date_gmt":"2025-10-14T13:00:00","guid":{"rendered":"https:\/\/sgvaimudar.com.br\/?p=31817"},"modified":"2025-10-14T08:38:25","modified_gmt":"2025-10-14T11:38:25","slug":"vigilancia-sanitaria-inscreve-para-nova-capacitacao-em-sao-goncalo","status":"publish","type":"post","link":"https:\/\/sgvaimudar.com.br\/index.php\/2025\/10\/14\/vigilancia-sanitaria-inscreve-para-nova-capacitacao-em-sao-goncalo\/","title":{"rendered":"Vigil\u00e2ncia Sanit\u00e1ria inscreve para nova capacita\u00e7\u00e3o em S\u00e3o Gon\u00e7alo"},"content":{"rendered":"\n<p><em>Na pen\u00faltima a\u00e7\u00e3o do ano, comerciantes receber\u00e3o orienta\u00e7\u00f5es sobre documenta\u00e7\u00f5es&nbsp;&nbsp;&nbsp;&nbsp;<\/em><\/p>\n\n\n\n<p>A pen\u00faltima capacita\u00e7\u00e3o da Vigil\u00e2ncia Sanit\u00e1ria deste ano vai acontecer no pr\u00f3ximo dia 23 deste m\u00eas, das 14h \u00e0s 17h, e vai orientar sobre as documenta\u00e7\u00f5es necess\u00e1rias para o funcionamento adequado dos com\u00e9rcios. Os interessados podem fazer a inscri\u00e7\u00e3o atrav\u00e9s do email&nbsp;<a href=\"mailto:vigilanciasanitaria@pmsg.rj.gov.br\" rel=\"noreferrer noopener\" target=\"_blank\"><u>vigilanciasanitaria@pmsg.rj.gov.br<\/u><\/a>. A qualifica\u00e7\u00e3o acontece no audit\u00f3rio da Secretaria de Sa\u00fade da Prefeitura de S\u00e3o Gon\u00e7alo, no Boa Vista.&nbsp;<\/p>\n\n\n\n<p>A \u00faltima palestra deste ano ser\u00e1 sobre as legisla\u00e7\u00f5es pertinentes aos laborat\u00f3rios (24 de novembro, das 9h \u00e0s 14h). Para as capacita\u00e7\u00f5es s\u00e3o oferecidas 42 vagas e as inscri\u00e7\u00f5es est\u00e3o sujeitas \u00e0 lota\u00e7\u00e3o do audit\u00f3rio.&nbsp;<\/p>\n\n\n\n<p>As palestras tamb\u00e9m abordam as legisla\u00e7\u00f5es pertinentes a cada tipo de estabelecimento e as quest\u00f5es sanit\u00e1rias que devem ser observadas pelos profissionais no ambiente de trabalho para que consigam obter a licen\u00e7a sanit\u00e1ria de funcionamento. Os participantes receber\u00e3o o certificado emitido pelo N\u00facleo de Educa\u00e7\u00e3o Permanente em Sa\u00fade (Neps).<\/p>\n\n\n\n<p>O objetivo \u00e9 levar conhecimento aos trabalhadores e aos respons\u00e1veis pelas institui\u00e7\u00f5es para que eles possam se adequar \u00e0s normas vigentes e se regularizar com a Vigil\u00e2ncia Sanit\u00e1ria com a inten\u00e7\u00e3o de melhorar os servi\u00e7os oferecidos para a popula\u00e7\u00e3o gon\u00e7alense.<\/p>\n\n\n\n<p><strong>Palestras:<\/strong>&nbsp;&nbsp;&nbsp;&nbsp;&nbsp;<\/p>\n\n\n\n<p>23\/10 &#8211; Documenta\u00e7\u00e3o, das 14h \u00e0s 17h&nbsp;<\/p>\n\n\n\n<p>24\/11 &#8211; Laborat\u00f3rio, das 9h \u00e0s 14h.<\/p>\n\n\n\n<p><em><strong>S\u00e3o Gon\u00e7alo vai mudar: Not\u00edcias de S\u00e3o Gon\u00e7alo e toda regi\u00e3o.<\/strong><\/em><\/p>\n\n\n\n<figure class=\"wp-block-image size-large\"><img decoding=\"async\" width=\"1024\" height=\"46\" src=\"https:\/\/sgvaimudar.com.br\/wp-content\/uploads\/2023\/08\/Anuncie-Aqui-Sao-Goncalo-vai-mudar-1024x46.png\" alt=\"\" class=\"wp-image-2740\" srcset=\"https:\/\/sgvaimudar.com.br\/wp-content\/uploads\/2023\/08\/Anuncie-Aqui-Sao-Goncalo-vai-mudar-1024x46.png 1024w, https:\/\/sgvaimudar.com.br\/wp-content\/uploads\/2023\/08\/Anuncie-Aqui-Sao-Goncalo-vai-mudar-300x13.png 300w, https:\/\/sgvaimudar.com.br\/wp-content\/uploads\/2023\/08\/Anuncie-Aqui-Sao-Goncalo-vai-mudar-768x35.png 768w, https:\/\/sgvaimudar.com.br\/wp-content\/uploads\/2023\/08\/Anuncie-Aqui-Sao-Goncalo-vai-mudar-1536x69.png 1536w, https:\/\/sgvaimudar.com.br\/wp-content\/uploads\/2023\/08\/Anuncie-Aqui-Sao-Goncalo-vai-mudar.png 2002w\" sizes=\"(max-width: 1024px) 100vw, 1024px\" \/><\/figure>\n","protected":false},"excerpt":{"rendered":"<p>Na pen\u00faltima a\u00e7\u00e3o do ano, comerciantes receber\u00e3o orienta\u00e7\u00f5es sobre documenta\u00e7\u00f5es&nbsp;&nbsp;&nbsp;&nbsp; A pen\u00faltima capacita\u00e7\u00e3o da Vigil\u00e2ncia Sanit\u00e1ria deste ano vai acontecer&hellip;<\/p>\n","protected":false},"author":5,"featured_media":31818,"comment_status":"closed","ping_status":"open","sticky":false,"template":"","format":"standard","meta":{"fifu_image_url":"","fifu_image_alt":"","footnotes":""},"categories":[7],"tags":[47,75],"class_list":["post-31817","post","type-post","status-publish","format-standard","has-post-thumbnail","hentry","category-saude","tag-rj","tag-sao-goncalo"],"_links":{"self":[{"href":"https:\/\/sgvaimudar.com.br\/index.php\/wp-json\/wp\/v2\/posts\/31817","targetHints":{"allow":["GET"]}}],"collection":[{"href":"https:\/\/sgvaimudar.com.br\/index.php\/wp-json\/wp\/v2\/posts"}],"about":[{"href":"https:\/\/sgvaimudar.com.br\/index.php\/wp-json\/wp\/v2\/types\/post"}],"author":[{"embeddable":true,"href":"https:\/\/sgvaimudar.com.br\/index.php\/wp-json\/wp\/v2\/users\/5"}],"replies":[{"embeddable":true,"href":"https:\/\/sgvaimudar.com.br\/index.php\/wp-json\/wp\/v2\/comments?post=31817"}],"version-history":[{"count":1,"href":"https:\/\/sgvaimudar.com.br\/index.php\/wp-json\/wp\/v2\/posts\/31817\/revisions"}],"predecessor-version":[{"id":31819,"href":"https:\/\/sgvaimudar.com.br\/index.php\/wp-json\/wp\/v2\/posts\/31817\/revisions\/31819"}],"wp:featuredmedia":[{"embeddable":true,"href":"https:\/\/sgvaimudar.com.br\/index.php\/wp-json\/wp\/v2\/media\/31818"}],"wp:attachment":[{"href":"https:\/\/sgvaimudar.com.br\/index.php\/wp-json\/wp\/v2\/media?parent=31817"}],"wp:term":[{"taxonomy":"category","embeddable":true,"href":"https:\/\/sgvaimudar.com.br\/index.php\/wp-json\/wp\/v2\/categories?post=31817"},{"taxonomy":"post_tag","embeddable":true,"href":"https:\/\/sgvaimudar.com.br\/index.php\/wp-json\/wp\/v2\/tags?post=31817"}],"curies":[{"name":"wp","href":"https:\/\/api.w.org\/{rel}","templated":true}]}}