{"id":31801,"date":"2025-10-14T07:31:47","date_gmt":"2025-10-14T10:31:47","guid":{"rendered":"https:\/\/sgvaimudar.com.br\/?p=31801"},"modified":"2025-10-14T07:31:47","modified_gmt":"2025-10-14T10:31:47","slug":"prefeito-capitao-nelson-vai-lancar-plataforma-de-dados-em-parceria-com-o-onu-habitat","status":"publish","type":"post","link":"https:\/\/sgvaimudar.com.br\/index.php\/2025\/10\/14\/prefeito-capitao-nelson-vai-lancar-plataforma-de-dados-em-parceria-com-o-onu-habitat\/","title":{"rendered":"Prefeito Capit\u00e3o Nelson vai lan\u00e7ar plataforma de dados em parceria com o ONU-Habitat"},"content":{"rendered":"\n<p><em>Observat\u00f3rio Fortalece SG \u00e9 uma iniciativa pioneira no munic\u00edpio<\/em><\/p>\n\n\n\n<p>O prefeito do munic\u00edpio de S\u00e3o Gon\u00e7alo, Capit\u00e3o Nelson, junto com a chefe do Escrit\u00f3rio do Brasil do Programa das Na\u00e7\u00f5es Unidas para os Assentamentos Humanos (ONU-Habitat), Rayne Ferreti, e o secret\u00e1rio de Estado das Cidades, Douglas Ruas, v\u00e3o fazer o lan\u00e7amento do Observat\u00f3rio Fortalece S\u00e3o Gon\u00e7alo, na pr\u00f3xima quinta-feira (16\/10), \u00e0s 14h, no Teatro Municipal George Savalla Gomes, no Centro. <\/p>\n\n\n\n<p>O trabalho trata de uma plataforma que monitora dados, indicadores e projetos do munic\u00edpio, medindo sua atua\u00e7\u00e3o para a constru\u00e7\u00e3o de uma cidade mais sustent\u00e1vel, justa e inclusiva.<\/p>\n\n\n\n<p>A abertura do evento, que integra a programa\u00e7\u00e3o de outubro do Circuito Urbano 2025 do ONU-Habitat   vai ser apresentado em dois pain\u00e9is, para discutir \u201cCidades inteligentes\u201d e \u201cInterc\u00e2mbio de Observat\u00f3rios\u201d, com a presen\u00e7a de autoridades dos Estados do Rio, Alagoas e Cear\u00e1, Instituto Rio Metr\u00f3pole e Prefeitura de S\u00e3o Gon\u00e7alo (ver programa\u00e7\u00e3o abaixo).<\/p>\n\n\n\n<figure class=\"wp-block-image size-large is-resized\"><img fetchpriority=\"high\" decoding=\"async\" width=\"1024\" height=\"610\" src=\"https:\/\/sgvaimudar.com.br\/wp-content\/uploads\/2025\/10\/unnamed-34-1024x610.jpg\" alt=\"\" class=\"wp-image-31802\" style=\"aspect-ratio:1.67964824120603;width:958px;height:auto\" srcset=\"https:\/\/sgvaimudar.com.br\/wp-content\/uploads\/2025\/10\/unnamed-34-1024x610.jpg 1024w, https:\/\/sgvaimudar.com.br\/wp-content\/uploads\/2025\/10\/unnamed-34-300x179.jpg 300w, https:\/\/sgvaimudar.com.br\/wp-content\/uploads\/2025\/10\/unnamed-34-768x457.jpg 768w, https:\/\/sgvaimudar.com.br\/wp-content\/uploads\/2025\/10\/unnamed-34.jpg 1337w\" sizes=\"(max-width: 1024px) 100vw, 1024px\" \/><\/figure>\n\n\n\n<p>A iniciativa Fortalece S\u00e3o Gon\u00e7alo foi lan\u00e7ada em junho de 2024, consolidando a parceria pioneira entre o ONU-Habitat e a Prefeitura para aprimorar a gest\u00e3o do munic\u00edpio e planejar e implementar pol\u00edticas p\u00fablicas baseadas em dados, reduzindo as desigualdades, buscando a erradica\u00e7\u00e3o da pobreza e a prote\u00e7\u00e3o do meio ambiente, beneficiando ainda mais a popula\u00e7\u00e3o, dentro dos Objetivos de Desenvolvimento Sustent\u00e1vel (ODS) da ONU no \u00e2mbito municipal.<\/p>\n\n\n\n<p>\u00a0A iniciativa j\u00e1 elaborou a metodologia do Laborat\u00f3rio Urbano Sustent\u00e1vel, que promove um espa\u00e7o colaborativo para co-cria\u00e7\u00e3o e avalia\u00e7\u00e3o de pol\u00edticas p\u00fablicas, j\u00e1 tendo executado diagn\u00f3sticos na \u00e1rea de sa\u00fade e de gest\u00e3o de riscos e desastres, oficinas sobre espa\u00e7os p\u00fablicos, programa de capacita\u00e7\u00e3o para o uso de dados junto a servidores, al\u00e9m da metodologia Cidade Mulher, que destaca o protagonismo feminino no planejamento urbano.<\/p>\n\n\n\n<p>Como grande entrega da parceria entre a Prefeitura e o ONU-Habitat est\u00e1 o lan\u00e7amento do Observat\u00f3rio de Pol\u00edticas P\u00fablicas de S\u00e3o Gon\u00e7alo, plataforma que re\u00fane dados, informa\u00e7\u00f5es e indicadores de diversas \u00e1reas para alinhar e monitorar as a\u00e7\u00f5es, projetos e programas do munic\u00edpio com as agendas globais de desenvolvimento, medindo sua atua\u00e7\u00e3o para a redu\u00e7\u00e3o das desigualdades.<\/p>\n\n\n\n<p>Seu objetivo \u00e9 orientar a gest\u00e3o p\u00fablica com evid\u00eancias e apoiar no planejamento de a\u00e7\u00f5es do governo, na prioriza\u00e7\u00e3o de recursos e nos processos de monitoramento e avalia\u00e7\u00e3o das pol\u00edticas. Este projeto consolida S\u00e3o Gon\u00e7alo como cidade refer\u00eancia em an\u00e1lise e formula\u00e7\u00e3o de pol\u00edticas p\u00fablicas pautadas em dados e evid\u00eancias, refor\u00e7ando seu compromisso com a inova\u00e7\u00e3o, a transpar\u00eancia e a gest\u00e3o eficiente.<\/p>\n\n\n\n<p>&nbsp;\u201cO produto do Laborat\u00f3rio Urbano entrega um plano de a\u00e7\u00e3o com os resultados das discuss\u00f5es colaborativas, com o desdobramento em solu\u00e7\u00f5es e propostas que oferecem caminhos interessantes para o aprimoramento das estrat\u00e9gias debatidas em ambas as tem\u00e1ticas. As solu\u00e7\u00f5es v\u00e3o permitir que S\u00e3o Gon\u00e7alo esteja mais capacitada para lidar com desafios urbanos, transformando a cidade e aprimorando a qualidade de vida da popula\u00e7\u00e3o\u201d, afirmou a secret\u00e1ria de Gest\u00e3o Integrada e Projetos Especiais, Rafaela Santana.<\/p>\n\n\n\n<p><strong>Capacita\u00e7\u00e3o \u00e9 o grande legado da parceria Fortalece SG<\/strong><\/p>\n\n\n\n<p>Como a\u00e7\u00e3o da iniciativa Fortalece SG, tamb\u00e9m foi realizada a Capacita\u00e7\u00e3o em Gest\u00e3o P\u00fablica baseada em Dados, um programa de capacita\u00e7\u00e3o que fortaleceu mais de 40 servidoras e servidores de S\u00e3o Gon\u00e7alo (RJ) no uso de dados para planejar pol\u00edticas p\u00fablicas mais eficazes.<\/p>\n\n\n\n<p>O curso teve dura\u00e7\u00e3o de quatro meses, com encontros que inclu\u00edram oficinas pr\u00e1ticas, treinamentos virtuais e f\u00f3runs de discuss\u00e3o, e buscou fortalecer as capacidades t\u00e9cnicas e institucionais dos gestores p\u00fablicos, promovendo o uso estrat\u00e9gico de dados para qualificar o planejamento urbano e formular pol\u00edticas p\u00fablicas mais eficazes e alinhadas \u00e0s necessidades da popula\u00e7\u00e3o.<\/p>\n\n\n\n<p>\u201cCom o Fortalece S\u00e3o Gon\u00e7alo, estamos concretizando um compromisso de transformar a cidade a partir do planejamento baseado em dados e essa parceria com o ONU-Habitat nos oferece ferramentas essenciais para que possamos ver, medir e agir conforme as realidades do nosso territ\u00f3rio\u201d, destacou a secret\u00e1ria.<\/p>\n\n\n\n<p><strong>Programa\u00e7\u00e3o do lan\u00e7amento do Observat\u00f3rio Fortalece S\u00e3o Gon\u00e7alo:<\/strong><\/p>\n\n\n\n<p>&#8230;.. 14h \u2013 Abertura<\/p>\n\n\n\n<p>&#8230;.. 15h15 \u2013 1\u00ba Painel: Cidades Inteligentes<\/p>\n\n\n\n<p>Participantes: Douglas Ruas (secret\u00e1rio de Estado das Cidades), F\u00e1bio Vianna (secret\u00e1rio de Governo da Prefeitura de S\u00e3o Gon\u00e7alo) e Mauricio Knoploch (diretor de Planejamento e Projetos do Instituto Rio Metr\u00f3pole).<\/p>\n\n\n\n<p>&#8230;. 16h \u2013 2\u00ba Painel: Interc\u00e2mbio de Observat\u00f3rios<\/p>\n\n\n\n<p>Participantes: Kamylla Dantas (assessora de Projetos da Seplag de Alagoas), Maria Izabel Feitosa Accioly (diretora do Observat\u00f3rio de Governan\u00e7a Municipal de Fortaleza) e Rafaela Santana (secret\u00e1ria de Gest\u00e3o Integrada e Projetos Especiais da Prefeitura de S\u00e3o Gon\u00e7alo).<\/p>\n\n\n\n<p>Media\u00e7\u00e3o: Leandro Damaceno (mestre em Pol\u00edticas P\u00fablicas e Especialista em Pol\u00edticas P\u00fablicas e Gest\u00e3o Governamental do Estado do Rio de Janeiro).<\/p>\n\n\n\n<p><em><strong>S\u00e3o Gon\u00e7alo vai mudar: Not\u00edcias de S\u00e3o Gon\u00e7alo e toda regi\u00e3o.<\/strong><\/em><\/p>\n\n\n\n<figure class=\"wp-block-image size-large\"><img decoding=\"async\" width=\"1024\" height=\"46\" src=\"https:\/\/sgvaimudar.com.br\/wp-content\/uploads\/2023\/08\/Anuncie-Aqui-Sao-Goncalo-vai-mudar-1024x46.png\" alt=\"\" class=\"wp-image-2740\" srcset=\"https:\/\/sgvaimudar.com.br\/wp-content\/uploads\/2023\/08\/Anuncie-Aqui-Sao-Goncalo-vai-mudar-1024x46.png 1024w, https:\/\/sgvaimudar.com.br\/wp-content\/uploads\/2023\/08\/Anuncie-Aqui-Sao-Goncalo-vai-mudar-300x13.png 300w, https:\/\/sgvaimudar.com.br\/wp-content\/uploads\/2023\/08\/Anuncie-Aqui-Sao-Goncalo-vai-mudar-768x35.png 768w, https:\/\/sgvaimudar.com.br\/wp-content\/uploads\/2023\/08\/Anuncie-Aqui-Sao-Goncalo-vai-mudar-1536x69.png 1536w, https:\/\/sgvaimudar.com.br\/wp-content\/uploads\/2023\/08\/Anuncie-Aqui-Sao-Goncalo-vai-mudar.png 2002w\" sizes=\"(max-width: 1024px) 100vw, 1024px\" \/><\/figure>\n","protected":false},"excerpt":{"rendered":"<p>Observat\u00f3rio Fortalece SG \u00e9 uma iniciativa pioneira no munic\u00edpio O prefeito do munic\u00edpio de S\u00e3o Gon\u00e7alo, Capit\u00e3o Nelson, junto com&hellip;<\/p>\n","protected":false},"author":5,"featured_media":31803,"comment_status":"closed","ping_status":"open","sticky":false,"template":"","format":"standard","meta":{"fifu_image_url":"","fifu_image_alt":"","footnotes":""},"categories":[3],"tags":[47,75],"class_list":["post-31801","post","type-post","status-publish","format-standard","has-post-thumbnail","hentry","category-sao-goncalo","tag-rj","tag-sao-goncalo"],"_links":{"self":[{"href":"https:\/\/sgvaimudar.com.br\/index.php\/wp-json\/wp\/v2\/posts\/31801","targetHints":{"allow":["GET"]}}],"collection":[{"href":"https:\/\/sgvaimudar.com.br\/index.php\/wp-json\/wp\/v2\/posts"}],"about":[{"href":"https:\/\/sgvaimudar.com.br\/index.php\/wp-json\/wp\/v2\/types\/post"}],"author":[{"embeddable":true,"href":"https:\/\/sgvaimudar.com.br\/index.php\/wp-json\/wp\/v2\/users\/5"}],"replies":[{"embeddable":true,"href":"https:\/\/sgvaimudar.com.br\/index.php\/wp-json\/wp\/v2\/comments?post=31801"}],"version-history":[{"count":1,"href":"https:\/\/sgvaimudar.com.br\/index.php\/wp-json\/wp\/v2\/posts\/31801\/revisions"}],"predecessor-version":[{"id":31804,"href":"https:\/\/sgvaimudar.com.br\/index.php\/wp-json\/wp\/v2\/posts\/31801\/revisions\/31804"}],"wp:featuredmedia":[{"embeddable":true,"href":"https:\/\/sgvaimudar.com.br\/index.php\/wp-json\/wp\/v2\/media\/31803"}],"wp:attachment":[{"href":"https:\/\/sgvaimudar.com.br\/index.php\/wp-json\/wp\/v2\/media?parent=31801"}],"wp:term":[{"taxonomy":"category","embeddable":true,"href":"https:\/\/sgvaimudar.com.br\/index.php\/wp-json\/wp\/v2\/categories?post=31801"},{"taxonomy":"post_tag","embeddable":true,"href":"https:\/\/sgvaimudar.com.br\/index.php\/wp-json\/wp\/v2\/tags?post=31801"}],"curies":[{"name":"wp","href":"https:\/\/api.w.org\/{rel}","templated":true}]}}