{"id":31790,"date":"2025-10-14T06:47:42","date_gmt":"2025-10-14T09:47:42","guid":{"rendered":"https:\/\/sgvaimudar.com.br\/?p=31790"},"modified":"2025-10-14T06:47:42","modified_gmt":"2025-10-14T09:47:42","slug":"seguranca-em-alta-guarda-municipal-de-sao-goncalo-impede-acoes-de-vandalismo","status":"publish","type":"post","link":"https:\/\/sgvaimudar.com.br\/index.php\/2025\/10\/14\/seguranca-em-alta-guarda-municipal-de-sao-goncalo-impede-acoes-de-vandalismo\/","title":{"rendered":"Seguran\u00e7a em alta: Guarda Municipal de S\u00e3o Gon\u00e7alo impede a\u00e7\u00f5es de vandalismo"},"content":{"rendered":"\n<p><em>Corpora\u00e7\u00e3o tamb\u00e9m deu apoio a opera\u00e7\u00f5es de fiscaliza\u00e7\u00e3o no tr\u00e2nsito no trecho do Muvi<\/em><\/p>\n\n\n\n<p>A Guarda Municipal de S\u00e3o Gon\u00e7alo, com a marca de j\u00e1 ter realizado ao longo deste ano 253 condu\u00e7\u00f5es, que resultaram em 132 pris\u00f5es, atua de forma ininterrupta no patrulhamento preventivo na cidade, auxiliando as demais for\u00e7as de seguran\u00e7a. <\/p>\n\n\n\n<p>Os plant\u00f5es se intensificam tamb\u00e9m nos finais de semana, com rondas 24 horas por dia. Neste final de semana, os agentes impediram duas a\u00e7\u00f5es de vandalismo e deram apoio em opera\u00e7\u00f5es de fiscaliza\u00e7\u00e3o no tr\u00e2nsito.<\/p>\n\n\n\n<figure class=\"wp-block-image size-large\"><img fetchpriority=\"high\" decoding=\"async\" width=\"1024\" height=\"768\" src=\"https:\/\/sgvaimudar.com.br\/wp-content\/uploads\/2025\/10\/unnamed-1-2-1024x768.png\" alt=\"\" class=\"wp-image-31792\" srcset=\"https:\/\/sgvaimudar.com.br\/wp-content\/uploads\/2025\/10\/unnamed-1-2-1024x768.png 1024w, https:\/\/sgvaimudar.com.br\/wp-content\/uploads\/2025\/10\/unnamed-1-2-300x225.png 300w, https:\/\/sgvaimudar.com.br\/wp-content\/uploads\/2025\/10\/unnamed-1-2-768x576.png 768w, https:\/\/sgvaimudar.com.br\/wp-content\/uploads\/2025\/10\/unnamed-1-2-1536x1152.png 1536w, https:\/\/sgvaimudar.com.br\/wp-content\/uploads\/2025\/10\/unnamed-1-2.png 1600w\" sizes=\"(max-width: 1024px) 100vw, 1024px\" \/><\/figure>\n\n\n\n<p>Na noite de sexta-feira (10), um homem foi conduzido \u00e0 delegacia ap\u00f3s fazer marca\u00e7\u00f5es irregulares de estacionamento com tinta branca no trecho do Mobilidade Urbana Verde Integrada (Muvi), na Avenida Presidente Kennedy, no Centro, para posteriormente fazer cobran\u00e7as ilegais para que as pessoas parassem seus ve\u00edculos. <\/p>\n\n\n\n<p>Ele foi localizado pelos guardas ap\u00f3s den\u00fancias de pessoas que passavam pelo local. Com ele, foram encontrados os restos de tinta e uma broca. O homem foi detido e levado para a 72\u00aa DP (Mutu\u00e1), onde prestou depoimento e foi liberado.<\/p>\n\n\n\n<figure class=\"wp-block-image size-large\"><img decoding=\"async\" width=\"1024\" height=\"768\" src=\"https:\/\/sgvaimudar.com.br\/wp-content\/uploads\/2025\/10\/unnamed-19-1-1024x768.jpg\" alt=\"\" class=\"wp-image-31791\" srcset=\"https:\/\/sgvaimudar.com.br\/wp-content\/uploads\/2025\/10\/unnamed-19-1-1024x768.jpg 1024w, https:\/\/sgvaimudar.com.br\/wp-content\/uploads\/2025\/10\/unnamed-19-1-300x225.jpg 300w, https:\/\/sgvaimudar.com.br\/wp-content\/uploads\/2025\/10\/unnamed-19-1-768x576.jpg 768w, https:\/\/sgvaimudar.com.br\/wp-content\/uploads\/2025\/10\/unnamed-19-1.jpg 1280w\" sizes=\"(max-width: 1024px) 100vw, 1024px\" \/><\/figure>\n\n\n\n<p>Na madrugada de s\u00e1bado (11), uma equipe conduziu \u00e0 delegacia tr\u00eas homens que pichavam um pr\u00e9dio residencial na Rua Jocelina de Oliveira Viana, em Alc\u00e2ntara, ap\u00f3s terem sido flagrados pelo videomonitoramento da Central de Seguran\u00e7a de S\u00e3o Gon\u00e7alo (CSSG). <\/p>\n\n\n\n<p>Com eles, havia sete latas de tinta spray e uma escada. O material foi apreendido e os envolvidos conduzidos \u00e0 74\u00aa DP (Alc\u00e2ntara) pelo descumprimento da Lei 9605\/1988 &#8211; Art. 65, que tipifica como crime a picha\u00e7\u00e3o de edifica\u00e7\u00f5es ou monumentos urbanos. Foi lavrado o termo circunstanciado e os indiv\u00edduos foram liberados.<\/p>\n\n\n\n<p>Ainda na noite de s\u00e1bado (11), guardas municipais, com o apoio de agentes da Secretaria de Meio Ambiente e Transportes, atuaram em uma a\u00e7\u00e3o para combater estacionamento ilegal tamb\u00e9m na \u00e1rea do Muvi. A a\u00e7\u00e3o aconteceu da Trindade at\u00e9 o bairro Vila Lage. Ao todo, seis ve\u00edculos foram notificados e um removido e levado ao P\u00e1tio Municipal.<\/p>\n\n\n\n<p>J\u00e1 no domingo (12), os agentes da Guarda deram apoio aos policiais do Seguran\u00e7a Presente. Uma motocicleta com irregularidades foi removida ao P\u00e1tio Municipal e o condutor do ve\u00edculo autuado. O motorista estava dirigindo sem habilita\u00e7\u00e3o e sem equipamento obrigat\u00f3rio; a moto tamb\u00e9m estava sem placa.<\/p>\n\n\n\n<p><em><strong>Fa\u00e7a sua den\u00fancia pelo nosso WhatsApp: (21)&nbsp;99744 5345<\/strong><\/em><\/p>\n\n\n\n<p><em><strong>S\u00e3o Gon\u00e7alo vai mudar: Not\u00edcias de S\u00e3o Gon\u00e7alo e toda regi\u00e3o.<\/strong><\/em><\/p>\n\n\n\n<figure class=\"wp-block-image size-large\"><img decoding=\"async\" width=\"1024\" height=\"46\" src=\"https:\/\/sgvaimudar.com.br\/wp-content\/uploads\/2023\/08\/Anuncie-Aqui-Sao-Goncalo-vai-mudar-1024x46.png\" alt=\"\" class=\"wp-image-2740\" srcset=\"https:\/\/sgvaimudar.com.br\/wp-content\/uploads\/2023\/08\/Anuncie-Aqui-Sao-Goncalo-vai-mudar-1024x46.png 1024w, https:\/\/sgvaimudar.com.br\/wp-content\/uploads\/2023\/08\/Anuncie-Aqui-Sao-Goncalo-vai-mudar-300x13.png 300w, https:\/\/sgvaimudar.com.br\/wp-content\/uploads\/2023\/08\/Anuncie-Aqui-Sao-Goncalo-vai-mudar-768x35.png 768w, https:\/\/sgvaimudar.com.br\/wp-content\/uploads\/2023\/08\/Anuncie-Aqui-Sao-Goncalo-vai-mudar-1536x69.png 1536w, https:\/\/sgvaimudar.com.br\/wp-content\/uploads\/2023\/08\/Anuncie-Aqui-Sao-Goncalo-vai-mudar.png 2002w\" sizes=\"(max-width: 1024px) 100vw, 1024px\" \/><\/figure>\n","protected":false},"excerpt":{"rendered":"<p>Corpora\u00e7\u00e3o tamb\u00e9m deu apoio a opera\u00e7\u00f5es de fiscaliza\u00e7\u00e3o no tr\u00e2nsito no trecho do Muvi A Guarda Municipal de S\u00e3o Gon\u00e7alo,&hellip;<\/p>\n","protected":false},"author":5,"featured_media":31793,"comment_status":"closed","ping_status":"open","sticky":false,"template":"","format":"standard","meta":{"fifu_image_url":"","fifu_image_alt":"","footnotes":""},"categories":[32],"tags":[39,41,40,47,75],"class_list":["post-31790","post","type-post","status-publish","format-standard","has-post-thumbnail","hentry","category-casos-de-policia","tag-ataque","tag-conflito","tag-guerra","tag-rj","tag-sao-goncalo"],"_links":{"self":[{"href":"https:\/\/sgvaimudar.com.br\/index.php\/wp-json\/wp\/v2\/posts\/31790","targetHints":{"allow":["GET"]}}],"collection":[{"href":"https:\/\/sgvaimudar.com.br\/index.php\/wp-json\/wp\/v2\/posts"}],"about":[{"href":"https:\/\/sgvaimudar.com.br\/index.php\/wp-json\/wp\/v2\/types\/post"}],"author":[{"embeddable":true,"href":"https:\/\/sgvaimudar.com.br\/index.php\/wp-json\/wp\/v2\/users\/5"}],"replies":[{"embeddable":true,"href":"https:\/\/sgvaimudar.com.br\/index.php\/wp-json\/wp\/v2\/comments?post=31790"}],"version-history":[{"count":1,"href":"https:\/\/sgvaimudar.com.br\/index.php\/wp-json\/wp\/v2\/posts\/31790\/revisions"}],"predecessor-version":[{"id":31794,"href":"https:\/\/sgvaimudar.com.br\/index.php\/wp-json\/wp\/v2\/posts\/31790\/revisions\/31794"}],"wp:featuredmedia":[{"embeddable":true,"href":"https:\/\/sgvaimudar.com.br\/index.php\/wp-json\/wp\/v2\/media\/31793"}],"wp:attachment":[{"href":"https:\/\/sgvaimudar.com.br\/index.php\/wp-json\/wp\/v2\/media?parent=31790"}],"wp:term":[{"taxonomy":"category","embeddable":true,"href":"https:\/\/sgvaimudar.com.br\/index.php\/wp-json\/wp\/v2\/categories?post=31790"},{"taxonomy":"post_tag","embeddable":true,"href":"https:\/\/sgvaimudar.com.br\/index.php\/wp-json\/wp\/v2\/tags?post=31790"}],"curies":[{"name":"wp","href":"https:\/\/api.w.org\/{rel}","templated":true}]}}