{"id":31783,"date":"2025-10-13T08:48:58","date_gmt":"2025-10-13T11:48:58","guid":{"rendered":"https:\/\/sgvaimudar.com.br\/?p=31783"},"modified":"2025-10-13T08:48:58","modified_gmt":"2025-10-13T11:48:58","slug":"cedae-vai-fazer-manutencao-anual-do-sistema-imunana-laranjal-na-proxima-quinta-16","status":"publish","type":"post","link":"https:\/\/sgvaimudar.com.br\/index.php\/2025\/10\/13\/cedae-vai-fazer-manutencao-anual-do-sistema-imunana-laranjal-na-proxima-quinta-16\/","title":{"rendered":"Cedae vai fazer manuten\u00e7\u00e3o anual do sistema Imunana-Laranjal na pr\u00f3xima quinta 16"},"content":{"rendered":"\n<p><em>Opera\u00e7\u00e3o vai mobilizar 200 profissionais<\/em><\/p>\n\n\n\n<p>A Cedae informou que vai realizar a manuten\u00e7\u00e3o anual do Sistema Imunana-Laranjal na pr\u00f3xima quinta-feira (16), das 4h \u00e0s 22h. Para executar a a\u00e7\u00e3o, ser\u00e1 necess\u00e1rio interromper a capta\u00e7\u00e3o de \u00e1gua bruta e a produ\u00e7\u00e3o da Esta\u00e7\u00e3o de Tratamento de \u00c1gua (ETA) Laranjal, que atende os munic\u00edpios de S\u00e3o Gon\u00e7alo, Niter\u00f3i, Itabora\u00ed, Maric\u00e1 (Ino\u00e3 e Itaipua\u00e7u) e a Ilha de Paquet\u00e1, no Rio.<\/p>\n\n\n\n<p>A opera\u00e7\u00e3o vai mobilizar cerca de 200 profissionais da Companhia em mais de 40 servi\u00e7os, que incluem desde a limpeza e revis\u00e3o de reservat\u00f3rios, filtros e canais at\u00e9 reparos em tubula\u00e7\u00f5es e moderniza\u00e7\u00e3o de equipamentos. Tamb\u00e9m ser\u00e3o feitas inspe\u00e7\u00f5es de seguran\u00e7a, ajustes em sistemas automatizados e melhorias estruturais.<\/p>\n\n\n\n<p>As corre\u00e7\u00f5es preventivas minimizam o risco de falhas que possam interromper a produ\u00e7\u00e3o de \u00e1gua, assegurando a continuidade da opera\u00e7\u00e3o em per\u00edodos de alta demanda, como o ver\u00e3o.<\/p>\n\n\n\n<p>O objetivo, segundo a empresa, &#8220;\u00e9 garantir um sistema mais seguro, moderno e preparado para atender com qualidade mais de 2 milh\u00f5es de habitantes da por\u00e7\u00e3o leste da Ba\u00eda de Guanabara&#8221;.<\/p>\n\n\n\n<p>A opera\u00e7\u00e3o ser\u00e1 retomada ap\u00f3s a conclus\u00e3o dos servi\u00e7os, mas a Companhia recomenda \u00e0 popula\u00e7\u00e3o que reserve \u00e1gua para o per\u00edodo, adiando tarefas n\u00e3o essenciais que exijam grande consumo.<\/p>\n\n\n\n<p>A distribui\u00e7\u00e3o de \u00e1gua nas localidades atendidas \u00e9 de responsabilidade das concession\u00e1rias \u00c1guas do Rio e \u00c1guas de Niter\u00f3i, de acordo com as respectivas \u00e1reas de atua\u00e7\u00e3o.<\/p>\n\n\n\n<p><em><strong>Fa\u00e7a sua den\u00fancia pelo nosso WhatsApp: (21)&nbsp;99744 5345<\/strong><\/em><\/p>\n\n\n\n<p><em><strong>S\u00e3o Gon\u00e7alo vai mudar: Not\u00edcias de S\u00e3o Gon\u00e7alo e toda regi\u00e3o.<\/strong><\/em><\/p>\n\n\n\n<figure class=\"wp-block-image size-large\"><img decoding=\"async\" width=\"1024\" height=\"46\" src=\"https:\/\/sgvaimudar.com.br\/wp-content\/uploads\/2023\/08\/Anuncie-Aqui-Sao-Goncalo-vai-mudar-1024x46.png\" alt=\"\" class=\"wp-image-2740\" srcset=\"https:\/\/sgvaimudar.com.br\/wp-content\/uploads\/2023\/08\/Anuncie-Aqui-Sao-Goncalo-vai-mudar-1024x46.png 1024w, https:\/\/sgvaimudar.com.br\/wp-content\/uploads\/2023\/08\/Anuncie-Aqui-Sao-Goncalo-vai-mudar-300x13.png 300w, https:\/\/sgvaimudar.com.br\/wp-content\/uploads\/2023\/08\/Anuncie-Aqui-Sao-Goncalo-vai-mudar-768x35.png 768w, https:\/\/sgvaimudar.com.br\/wp-content\/uploads\/2023\/08\/Anuncie-Aqui-Sao-Goncalo-vai-mudar-1536x69.png 1536w, https:\/\/sgvaimudar.com.br\/wp-content\/uploads\/2023\/08\/Anuncie-Aqui-Sao-Goncalo-vai-mudar.png 2002w\" sizes=\"(max-width: 1024px) 100vw, 1024px\" \/><\/figure>\n","protected":false},"excerpt":{"rendered":"<p>Opera\u00e7\u00e3o vai mobilizar 200 profissionais A Cedae informou que vai realizar a manuten\u00e7\u00e3o anual do Sistema Imunana-Laranjal na pr\u00f3xima quinta-feira&hellip;<\/p>\n","protected":false},"author":5,"featured_media":31784,"comment_status":"closed","ping_status":"open","sticky":false,"template":"","format":"standard","meta":{"fifu_image_url":"","fifu_image_alt":"","footnotes":""},"categories":[3],"tags":[75],"class_list":["post-31783","post","type-post","status-publish","format-standard","has-post-thumbnail","hentry","category-sao-goncalo","tag-sao-goncalo"],"_links":{"self":[{"href":"https:\/\/sgvaimudar.com.br\/index.php\/wp-json\/wp\/v2\/posts\/31783","targetHints":{"allow":["GET"]}}],"collection":[{"href":"https:\/\/sgvaimudar.com.br\/index.php\/wp-json\/wp\/v2\/posts"}],"about":[{"href":"https:\/\/sgvaimudar.com.br\/index.php\/wp-json\/wp\/v2\/types\/post"}],"author":[{"embeddable":true,"href":"https:\/\/sgvaimudar.com.br\/index.php\/wp-json\/wp\/v2\/users\/5"}],"replies":[{"embeddable":true,"href":"https:\/\/sgvaimudar.com.br\/index.php\/wp-json\/wp\/v2\/comments?post=31783"}],"version-history":[{"count":1,"href":"https:\/\/sgvaimudar.com.br\/index.php\/wp-json\/wp\/v2\/posts\/31783\/revisions"}],"predecessor-version":[{"id":31785,"href":"https:\/\/sgvaimudar.com.br\/index.php\/wp-json\/wp\/v2\/posts\/31783\/revisions\/31785"}],"wp:featuredmedia":[{"embeddable":true,"href":"https:\/\/sgvaimudar.com.br\/index.php\/wp-json\/wp\/v2\/media\/31784"}],"wp:attachment":[{"href":"https:\/\/sgvaimudar.com.br\/index.php\/wp-json\/wp\/v2\/media?parent=31783"}],"wp:term":[{"taxonomy":"category","embeddable":true,"href":"https:\/\/sgvaimudar.com.br\/index.php\/wp-json\/wp\/v2\/categories?post=31783"},{"taxonomy":"post_tag","embeddable":true,"href":"https:\/\/sgvaimudar.com.br\/index.php\/wp-json\/wp\/v2\/tags?post=31783"}],"curies":[{"name":"wp","href":"https:\/\/api.w.org\/{rel}","templated":true}]}}