{"id":31780,"date":"2025-10-13T08:40:17","date_gmt":"2025-10-13T11:40:17","guid":{"rendered":"https:\/\/sgvaimudar.com.br\/?p=31780"},"modified":"2025-10-13T08:40:18","modified_gmt":"2025-10-13T11:40:18","slug":"padre-e-fieis-em-niteroi-sao-ameacados-por-homem-em-situacao-de-rua-que-acabou-preso","status":"publish","type":"post","link":"https:\/\/sgvaimudar.com.br\/index.php\/2025\/10\/13\/padre-e-fieis-em-niteroi-sao-ameacados-por-homem-em-situacao-de-rua-que-acabou-preso\/","title":{"rendered":"Padre e fi\u00e9is em Niter\u00f3i s\u00e3o amea\u00e7ados por homem em situa\u00e7\u00e3o de rua que acabou preso"},"content":{"rendered":"\n<p><em>Alicate e faca foram encontrados com o acusado<\/em><\/p>\n\n\n\n<p>Um homem em situa\u00e7\u00e3o de rua foi detido, na noite deste domingo (12), ap\u00f3s amea\u00e7ar um padre e fi\u00e9is e causar confus\u00e3o em frente a uma igreja cat\u00f3lica na Rua Santa Rosa, no bairro de mesmo nome, na Zona Sul de Niter\u00f3i.<\/p>\n\n\n\n<p>De acordo com a Pol\u00edcia Militar, o caso aconteceu por volta das 19h30. A equipe do 12\u00ba BPM (Niter\u00f3i) foi acionada pelo telefone 190, e encontrou o suspeito deitado na cal\u00e7ada, em frente \u00e0 Bas\u00edlica de Santa Rosa.<\/p>\n\n\n\n<p>Populares disseram que ele estava abordando fi\u00e9is de forma agressiva, exigindo dinheiro e fazendo amea\u00e7as, inclusive teria dito que iria agredir o padre, conforme relatado na ocorr\u00eancia policial. Apesar do susto, ningu\u00e9m ficou ferido.<\/p>\n\n\n\n<p><em><strong>Fa\u00e7a sua den\u00fancia pelo nosso WhatsApp: (21)&nbsp;99744 5345<\/strong><\/em><\/p>\n\n\n\n<p><em><strong>S\u00e3o Gon\u00e7alo vai mudar: Not\u00edcias de S\u00e3o Gon\u00e7alo e toda regi\u00e3o.<\/strong><\/em><\/p>\n\n\n\n<figure class=\"wp-block-image size-large\"><img decoding=\"async\" width=\"1024\" height=\"46\" src=\"https:\/\/sgvaimudar.com.br\/wp-content\/uploads\/2023\/08\/Anuncie-Aqui-Sao-Goncalo-vai-mudar-1024x46.png\" alt=\"\" class=\"wp-image-2740\" srcset=\"https:\/\/sgvaimudar.com.br\/wp-content\/uploads\/2023\/08\/Anuncie-Aqui-Sao-Goncalo-vai-mudar-1024x46.png 1024w, https:\/\/sgvaimudar.com.br\/wp-content\/uploads\/2023\/08\/Anuncie-Aqui-Sao-Goncalo-vai-mudar-300x13.png 300w, https:\/\/sgvaimudar.com.br\/wp-content\/uploads\/2023\/08\/Anuncie-Aqui-Sao-Goncalo-vai-mudar-768x35.png 768w, https:\/\/sgvaimudar.com.br\/wp-content\/uploads\/2023\/08\/Anuncie-Aqui-Sao-Goncalo-vai-mudar-1536x69.png 1536w, https:\/\/sgvaimudar.com.br\/wp-content\/uploads\/2023\/08\/Anuncie-Aqui-Sao-Goncalo-vai-mudar.png 2002w\" sizes=\"(max-width: 1024px) 100vw, 1024px\" \/><\/figure>\n","protected":false},"excerpt":{"rendered":"<p>Alicate e faca foram encontrados com o acusado Um homem em situa\u00e7\u00e3o de rua foi detido, na noite deste domingo&hellip;<\/p>\n","protected":false},"author":5,"featured_media":31781,"comment_status":"closed","ping_status":"open","sticky":false,"template":"","format":"standard","meta":{"fifu_image_url":"","fifu_image_alt":"","footnotes":""},"categories":[32],"tags":[39,41,47],"class_list":["post-31780","post","type-post","status-publish","format-standard","has-post-thumbnail","hentry","category-casos-de-policia","tag-ataque","tag-conflito","tag-rj"],"_links":{"self":[{"href":"https:\/\/sgvaimudar.com.br\/index.php\/wp-json\/wp\/v2\/posts\/31780","targetHints":{"allow":["GET"]}}],"collection":[{"href":"https:\/\/sgvaimudar.com.br\/index.php\/wp-json\/wp\/v2\/posts"}],"about":[{"href":"https:\/\/sgvaimudar.com.br\/index.php\/wp-json\/wp\/v2\/types\/post"}],"author":[{"embeddable":true,"href":"https:\/\/sgvaimudar.com.br\/index.php\/wp-json\/wp\/v2\/users\/5"}],"replies":[{"embeddable":true,"href":"https:\/\/sgvaimudar.com.br\/index.php\/wp-json\/wp\/v2\/comments?post=31780"}],"version-history":[{"count":1,"href":"https:\/\/sgvaimudar.com.br\/index.php\/wp-json\/wp\/v2\/posts\/31780\/revisions"}],"predecessor-version":[{"id":31782,"href":"https:\/\/sgvaimudar.com.br\/index.php\/wp-json\/wp\/v2\/posts\/31780\/revisions\/31782"}],"wp:featuredmedia":[{"embeddable":true,"href":"https:\/\/sgvaimudar.com.br\/index.php\/wp-json\/wp\/v2\/media\/31781"}],"wp:attachment":[{"href":"https:\/\/sgvaimudar.com.br\/index.php\/wp-json\/wp\/v2\/media?parent=31780"}],"wp:term":[{"taxonomy":"category","embeddable":true,"href":"https:\/\/sgvaimudar.com.br\/index.php\/wp-json\/wp\/v2\/categories?post=31780"},{"taxonomy":"post_tag","embeddable":true,"href":"https:\/\/sgvaimudar.com.br\/index.php\/wp-json\/wp\/v2\/tags?post=31780"}],"curies":[{"name":"wp","href":"https:\/\/api.w.org\/{rel}","templated":true}]}}