{"id":31772,"date":"2025-10-13T09:00:00","date_gmt":"2025-10-13T12:00:00","guid":{"rendered":"https:\/\/sgvaimudar.com.br\/?p=31772"},"modified":"2025-10-13T08:00:05","modified_gmt":"2025-10-13T11:00:05","slug":"hamas-liberta-os-ultimos-20-refens-israelenses-vivos","status":"publish","type":"post","link":"https:\/\/sgvaimudar.com.br\/index.php\/2025\/10\/13\/hamas-liberta-os-ultimos-20-refens-israelenses-vivos\/","title":{"rendered":"Hamas liberta os \u00faltimos 20 ref\u00e9ns israelenses vivos"},"content":{"rendered":"\n<p><em>O primeiro grupo de ref\u00e9ns foi libertado por volta das 4h (hor\u00e1rio de Bras\u00edlia) desta segunda-feira<\/em><\/p>\n\n\n\n<p>O Hamas libertou nesta segunda-feira, 13, os \u00faltimos 20 ref\u00e9ns israelenses vivos que permaneciam em cativeiro na Faixa de Gaza, uma not\u00edcia que provocou cenas de j\u00fabilo entre a multid\u00e3o reunida em Tel Aviv.<\/p>\n\n\n\n<p>As autoridades israelenses anunciaram o retorno de um primeiro grupo de sete ref\u00e9ns antes das 10h locais (4h de Bras\u00edlia). Os sequestrados foram entregues \u00e0 Cruz Vermelha, que os transportou at\u00e9 o Ex\u00e9rcito israelense.<\/p>\n\n\n\n<p>O segundo grupo de 13 ref\u00e9ns foi libertado pouco depois e o Ex\u00e9rcito confirmou que foram entregues pela Cruz Vermelha. &#8220;Esperamos 738 dias para dizer isso: bem-vindos \u00e0 casa&#8221;, escreveu na rede social X o Minist\u00e9rio das Rela\u00e7\u00f5es Exteriores de Israel, no quarto dia de cessar-fogo.<\/p>\n\n\n\n<p>Os 20 libertados foram sequestrados\u00a0pelo Hamas no ataque do Hamas de 7 de outubro de 2023, no sul de Israel, que desencadeou a guerra em Gaza. Ap\u00f3s o an\u00fancio da liberta\u00e7\u00e3o, milhares de pessoas reunidas em uma pra\u00e7a de Tel Aviv, rebatizada como Pra\u00e7a dos Ref\u00e9ns, explodiram em gritos, abra\u00e7os e l\u00e1grimas de emo\u00e7\u00e3o.<\/p>\n\n\n\n<p>&#8220;\u00c9 um dia lindo, que aguard\u00e1vamos h\u00e1 dois anos, apesar da tristeza por aqueles que n\u00e3o voltam e pelos quase 2.000 mortos da guerra&#8221;, disse Ronny Edry, um professor de 54 anos. A liberta\u00e7\u00e3o ocorreu poucas horas antes da C\u00fapula sobre Gaza, que acontecer\u00e1 na cidade eg\u00edpcia de Sharm el-Sheikh, com a presen\u00e7a do presidente americano Donald Trump, que primeiro visita Israel, e outros l\u00edderes mundiais.<\/p>\n\n\n\n<p>A primeira fase do acordo de tr\u00e9gua entre Israel e Hamas, que entrou em vigor na sexta-feira, contempla a troca dos \u00faltimos ref\u00e9ns israelenses em Gaza \u2014 20 vivos e 28 mortos&nbsp;\u2014 por quase 2 mil palestinos detidos em pris\u00f5es israelenses.<\/p>\n\n\n\n<p>O primeiro-ministro israelense, Benjamin Netanyahu, recebeu nesta segunda-feira na pista do aeroporto de Tel Aviv o presidente dos Estados Unidos, idealizador de um plano em 20 pontos que possibilitou o cessar-fogo e a liberta\u00e7\u00e3o dos ref\u00e9ns.<\/p>\n\n\n\n<p>Israel n\u00e3o acredita que todos os corpos dos ref\u00e9ns mortos sejam devolvidos nesta segunda-feira e espera que &#8220;um organismo internacional ajude a localizar os ref\u00e9ns mortos que n\u00e3o ser\u00e3o entregues&#8221;, declarou a porta-voz de Netanyahu, Shosh Berosian.<\/p>\n\n\n\n<p>Durante a viagem no avi\u00e3o presidencial Air Force One para o Oriente M\u00e9dio, Trump insistiu que &#8220;a guerra (em Gaza) terminou&#8221;. Netanyahu afirmou que Israel alcan\u00e7ou &#8220;vit\u00f3rias enormes&#8221;\u00a0na guerra contra o Hamas em Gaza, mas advertiu que &#8220;a luta n\u00e3o terminou&#8221;.<\/p>\n\n\n\n<p>Depois de Israel, onde deve discursar no Parlamento, Trump viajar\u00e1 a Sharm el-Sheikh para presidir, ao lado do hom\u00f3logo eg\u00edpcio, Abdel Fatah al-Sisi, uma C\u00fapula sobre Gaza, que contar\u00e1 com a presen\u00e7a de l\u00edderes de quase 20 pa\u00edses e do secret\u00e1rio-geral da ONU, Antonio Guterres.<\/p>\n\n\n\n<p>A governan\u00e7a da Faixa de Gaza, devastada por dois anos de guerra, ser\u00e1 um dos desafios.<\/p>\n\n\n\n<p>Os pa\u00edses mediadores do acordo de cessar-fogo em Gaza dever\u00e3o assinar um documento para garantir sua execu\u00e7\u00e3o, indicou uma fonte diplom\u00e1tica, segundo a qual o acordo seria firmado por &#8220;Estados Unidos, Egito, Catar e provavelmente Turquia&#8221;.<\/p>\n\n\n\n<p>Netanyahu deve comparecer \u00e0 reuni\u00e3o. O Hamas n\u00e3o enviar\u00e1 representantes porque, afirmou, atua por meio de seus mediadores, Catar e Egito. O presidente palestino, Mahmud Abbas, estar\u00e1 em Sharm el-Sheikh, informou o presidente da Fran\u00e7a, Emmanuel Macron.<\/p>\n\n\n\n<p>Ap\u00f3s a retirada progressiva do Ex\u00e9rcito israelense, que controla 53% da Faixa, o plano americano prev\u00ea uma fase posterior na qual o Hamas ser\u00e1 exclu\u00eddo da administra\u00e7\u00e3o de Gaza, territ\u00f3rio que o movimento governa desde 2007. O acordo tamb\u00e9m contempla a destrui\u00e7\u00e3o do arsenal do grupo islamista.<\/p>\n\n\n\n<p>O plano determina que o governo ser\u00e1 confiado a &#8220;um comit\u00ea palestino tecnocr\u00e1tico e apol\u00edtico, sob a supervis\u00e3o e controle de um novo organismo internacional de transi\u00e7\u00e3o&#8221; dirigido por Trump.<\/p>\n\n\n\n<p>Alguns caminh\u00f5es com ajuda humanit\u00e1ria entraram em Gaza no domingo, mas moradores de Khan Yunis, no sul, denunciaram que v\u00e1rios foram saqueados por pessoas famintas.<\/p>\n\n\n\n<p>Desde o in\u00edcio do cessar-fogo no territ\u00f3rio, muitos residentes deslocados, como Fatima Salem, 38 anos, retornaram \u00e0s suas casas destru\u00eddas em Gaza.<\/p>\n\n\n\n<p>&#8220;Meus olhos n\u00e3o paravam de buscar os pontos de refer\u00eancia perdidos, mas nada parecia igual, nem mesmo as casas dos vizinhos estavam l\u00e1&#8221;, disse.<\/p>\n\n\n\n<p>Em Gaza, muitos palestinos seguiram para os mercados, onde os pre\u00e7os dos produtos b\u00e1sicos ca\u00edram ap\u00f3s a promessa israelense de um al\u00edvio ao bloqueio do territ\u00f3rio.<\/p>\n\n\n\n<p>A guerra em Gaza come\u00e7ou ap\u00f3s o ataque do Hamas em outubro de 2023, que matou 1.219 pessoas em Israel, a maioria civis, segundo uma contagem da AFP baseada em n\u00fameros oficiais israelenses.<\/p>\n\n\n\n<p>A ofensiva israelense lan\u00e7ada em resposta matou pelo menos 67.806 pessoas, segundo os n\u00fameros do Minist\u00e9rio da Sa\u00fade do territ\u00f3rio, que a ONU considera confi\u00e1veis.<\/p>\n\n\n\n<p><em><strong>S\u00e3o Gon\u00e7alo vai mudar: Not\u00edcias de S\u00e3o Gon\u00e7alo e toda regi\u00e3o.<\/strong><\/em><\/p>\n\n\n\n<figure class=\"wp-block-image size-large\"><img decoding=\"async\" width=\"1024\" height=\"46\" src=\"https:\/\/sgvaimudar.com.br\/wp-content\/uploads\/2023\/08\/Anuncie-Aqui-Sao-Goncalo-vai-mudar-1024x46.png\" alt=\"\" class=\"wp-image-2740\" srcset=\"https:\/\/sgvaimudar.com.br\/wp-content\/uploads\/2023\/08\/Anuncie-Aqui-Sao-Goncalo-vai-mudar-1024x46.png 1024w, https:\/\/sgvaimudar.com.br\/wp-content\/uploads\/2023\/08\/Anuncie-Aqui-Sao-Goncalo-vai-mudar-300x13.png 300w, https:\/\/sgvaimudar.com.br\/wp-content\/uploads\/2023\/08\/Anuncie-Aqui-Sao-Goncalo-vai-mudar-768x35.png 768w, https:\/\/sgvaimudar.com.br\/wp-content\/uploads\/2023\/08\/Anuncie-Aqui-Sao-Goncalo-vai-mudar-1536x69.png 1536w, https:\/\/sgvaimudar.com.br\/wp-content\/uploads\/2023\/08\/Anuncie-Aqui-Sao-Goncalo-vai-mudar.png 2002w\" sizes=\"(max-width: 1024px) 100vw, 1024px\" \/><\/figure>\n\n\n\n<p><\/p>\n\n\n\n<p><\/p>\n","protected":false},"excerpt":{"rendered":"<p>O primeiro grupo de ref\u00e9ns foi libertado por volta das 4h (hor\u00e1rio de Bras\u00edlia) desta segunda-feira O Hamas libertou nesta&hellip;<\/p>\n","protected":false},"author":5,"featured_media":31774,"comment_status":"closed","ping_status":"open","sticky":false,"template":"","format":"standard","meta":{"fifu_image_url":"","fifu_image_alt":"","footnotes":""},"categories":[1],"tags":[39,41,40,37],"class_list":["post-31772","post","type-post","status-publish","format-standard","has-post-thumbnail","hentry","category-mundo","tag-ataque","tag-conflito","tag-guerra","tag-israel"],"_links":{"self":[{"href":"https:\/\/sgvaimudar.com.br\/index.php\/wp-json\/wp\/v2\/posts\/31772","targetHints":{"allow":["GET"]}}],"collection":[{"href":"https:\/\/sgvaimudar.com.br\/index.php\/wp-json\/wp\/v2\/posts"}],"about":[{"href":"https:\/\/sgvaimudar.com.br\/index.php\/wp-json\/wp\/v2\/types\/post"}],"author":[{"embeddable":true,"href":"https:\/\/sgvaimudar.com.br\/index.php\/wp-json\/wp\/v2\/users\/5"}],"replies":[{"embeddable":true,"href":"https:\/\/sgvaimudar.com.br\/index.php\/wp-json\/wp\/v2\/comments?post=31772"}],"version-history":[{"count":1,"href":"https:\/\/sgvaimudar.com.br\/index.php\/wp-json\/wp\/v2\/posts\/31772\/revisions"}],"predecessor-version":[{"id":31775,"href":"https:\/\/sgvaimudar.com.br\/index.php\/wp-json\/wp\/v2\/posts\/31772\/revisions\/31775"}],"wp:featuredmedia":[{"embeddable":true,"href":"https:\/\/sgvaimudar.com.br\/index.php\/wp-json\/wp\/v2\/media\/31774"}],"wp:attachment":[{"href":"https:\/\/sgvaimudar.com.br\/index.php\/wp-json\/wp\/v2\/media?parent=31772"}],"wp:term":[{"taxonomy":"category","embeddable":true,"href":"https:\/\/sgvaimudar.com.br\/index.php\/wp-json\/wp\/v2\/categories?post=31772"},{"taxonomy":"post_tag","embeddable":true,"href":"https:\/\/sgvaimudar.com.br\/index.php\/wp-json\/wp\/v2\/tags?post=31772"}],"curies":[{"name":"wp","href":"https:\/\/api.w.org\/{rel}","templated":true}]}}