{"id":31767,"date":"2025-10-13T10:00:00","date_gmt":"2025-10-13T13:00:00","guid":{"rendered":"https:\/\/sgvaimudar.com.br\/?p=31767"},"modified":"2025-10-13T08:03:14","modified_gmt":"2025-10-13T11:03:14","slug":"secretaria-de-saude-de-sao-goncalo-promove-caminhada-na-campanha-outubro-rosa","status":"publish","type":"post","link":"https:\/\/sgvaimudar.com.br\/index.php\/2025\/10\/13\/secretaria-de-saude-de-sao-goncalo-promove-caminhada-na-campanha-outubro-rosa\/","title":{"rendered":"Secretaria de Sa\u00fade de S\u00e3o Gon\u00e7alo promove caminhada na Campanha Outubro Rosa"},"content":{"rendered":"\n<p><em>Programa\u00e7\u00e3o extensa nas unidades de sa\u00fade orienta sobre a\u00e7\u00f5es preventivas<\/em><\/p>\n\n\n\n<p>A Secretaria de Sa\u00fade da Prefeitura de S\u00e3o Gon\u00e7alo vai realizar mais um ato de conscientiza\u00e7\u00e3o para a preven\u00e7\u00e3o dos c\u00e2nceres de mama e do colo do \u00fatero. No dia 25 deste m\u00eas, ser\u00e1 realizada uma caminhada em alus\u00e3o \u00e0 Campanha Outubro Rosa com concentra\u00e7\u00e3o, a partir das 8h, em frente ao pr\u00e9dio do INSS, no Centro. <\/p>\n\n\n\n<p>Durante todo o m\u00eas, atividades de orienta\u00e7\u00e3o sobre a preven\u00e7\u00e3o est\u00e3o acontecendo em diferentes unidades de sa\u00fade municipais (veja a programa\u00e7\u00e3o abaixo).&nbsp;<\/p>\n\n\n\n<p>&nbsp;Para a caminhada, todos os gon\u00e7alenses est\u00e3o convidados para participar usando roupas e acess\u00f3rios na cor rosa sem necessidade de inscri\u00e7\u00e3o. A sa\u00edda da caminhada est\u00e1 prevista para \u00e0s 9h e vai seguir at\u00e9 a Pra\u00e7a Dr. Luiz Palmier.<\/p>\n\n\n\n<figure class=\"wp-block-image size-large\"><img fetchpriority=\"high\" decoding=\"async\" width=\"768\" height=\"1024\" src=\"https:\/\/sgvaimudar.com.br\/wp-content\/uploads\/2025\/10\/unnamed-5-768x1024.png\" alt=\"\" class=\"wp-image-31768\" srcset=\"https:\/\/sgvaimudar.com.br\/wp-content\/uploads\/2025\/10\/unnamed-5-768x1024.png 768w, https:\/\/sgvaimudar.com.br\/wp-content\/uploads\/2025\/10\/unnamed-5-225x300.png 225w, https:\/\/sgvaimudar.com.br\/wp-content\/uploads\/2025\/10\/unnamed-5.png 1080w\" sizes=\"(max-width: 768px) 100vw, 768px\" \/><\/figure>\n\n\n\n<p>\u201cA Caminhada do Outubro Rosa \u00e9 um momento de conscientiza\u00e7\u00e3o e uni\u00e3o em prol da sa\u00fade das mulheres como um todo. Nosso objetivo \u00e9 mostrar a import\u00e2ncia do diagn\u00f3stico precoce para o tratamento e maior probabilidade de cura de todas as doen\u00e7as, mas refor\u00e7ando a aten\u00e7\u00e3o para o c\u00e2ncer de mama e do colo do \u00fatero, incentivando todas as mulheres a manterem seus exames em dia\u201d, disse o secret\u00e1rio de Sa\u00fade, Gabriel Mello.&nbsp;<\/p>\n\n\n\n<p>O Hospital do C\u00e2ncer e do Cora\u00e7\u00e3o (HCCOR), na Lagoinha, vai realizar dois dias (13 e 14) de atividades para os pacientes internados, os acompanhantes que estiverem presentes e os colaboradores. Ser\u00e3o palestras, rodas de conversa e atividades l\u00fadicas e sess\u00f5es de alongamento, relaxamento e auriculoterapia, al\u00e9m de orienta\u00e7\u00f5es para a realiza\u00e7\u00e3o do auto exame das mamas.&nbsp;&nbsp;<\/p>\n\n\n\n<p><strong>Programa\u00e7\u00e3o Outubro Rosa<\/strong><\/p>\n\n\n\n<p>09.10: USF Haroldo Pereira Nunes, Parada 40, \u00e0s 13h&nbsp;<\/p>\n\n\n\n<p>13.10: USF David Capistrano, Ita\u00fana, \u00e0s 9h30<\/p>\n\n\n\n<p>13.10: Polo Sanit\u00e1rio Washington Luiz Lopes, \u00e0s 9h&nbsp;&nbsp;&nbsp;&nbsp;<\/p>\n\n\n\n<p>13.10: HCCOR, a partir das 11h<\/p>\n\n\n\n<p>14.10: HCCOR, a partir das 10h<\/p>\n\n\n\n<p>14.10: Cl\u00ednica Municipal Gon\u00e7alense da Lagoinha, 10h<\/p>\n\n\n\n<p>14.10: USF Ana Nery, Gradim, \u00e0s 9h&nbsp;<\/p>\n\n\n\n<p>16.10: Polo Sanit\u00e1rio Jorge teixeira de Lima, Jardim Catarina, \u00e0s 9h<\/p>\n\n\n\n<p>16.10: USF Vista Alegre, \u00e0s 9h<\/p>\n\n\n\n<p>16.10: USF Mutuagua\u00e7u, \u00e0s 9h30&nbsp;<\/p>\n\n\n\n<p>17.10: USF Vila Lage, \u00e0s 8h&nbsp;&nbsp;&nbsp;<\/p>\n\n\n\n<p>17.10: USF Juarez Antunes, Laranjal, \u00e0s 9h&nbsp;<\/p>\n\n\n\n<p>17.10: USF Palmeiras II, \u00e0s 10h<\/p>\n\n\n\n<p>17.10: USF Vila Lage, \u00e0s 8h<\/p>\n\n\n\n<p>17.10: USF Irm\u00e3 Dulce, \u00e0s 9h<\/p>\n\n\n\n<p>18.10: Espa\u00e7o Rosa, no Z\u00e9 Garoto, \u00e0s 9h<\/p>\n\n\n\n<p>20.10: USF Brasil\u00e2ndia, \u00e0s 9h30<\/p>\n\n\n\n<p>21.10: Polo Sanit\u00e1rio Paulo Marques rangel, Porto do Rosa, \u00e0s 8h<\/p>\n\n\n\n<p>22.10: Polo Sanit\u00e1rio H\u00e9lio Cruz, Alc\u00e2ntara, \u00e0s 9h<\/p>\n\n\n\n<p>22.10: USF Jardel do Amaral, Venda da Cruz, \u00e0s 9h&nbsp;<\/p>\n\n\n\n<p>22.10: USF Jardim Catarina V, \u00e0s 9h<\/p>\n\n\n\n<p>23.10: USF Oswaldo Cruz, Amendoeira, \u00e0s 9h30<\/p>\n\n\n\n<p>24.10: USF An\u00edbal Porto, Monjolos, \u00e0s 9h&nbsp;<\/p>\n\n\n\n<p>25.10: Caminhada Outubro Rosa, \u00e0s 8h<\/p>\n\n\n\n<p>27.10: USF Porto do Rosa, \u00e0s 9h<\/p>\n\n\n\n<p>29.10: USF Wally Figueira da Silva (dentro da USF \u00c1gua Mineral), \u00e0s 10h<\/p>\n\n\n\n<p>29.10: USF Albert Sabin, Fazenda dos Mineiros, \u00e0s 9h30&nbsp;<\/p>\n\n\n\n<p>31.10: USF Neves, \u00e0s 9h.<\/p>\n\n\n\n<p><em>Foto: Arquivo<\/em><\/p>\n\n\n\n<p><em><strong>S\u00e3o Gon\u00e7alo vai mudar: Not\u00edcias de S\u00e3o Gon\u00e7alo e toda regi\u00e3o.<\/strong><\/em><\/p>\n\n\n\n<figure class=\"wp-block-image size-large\"><img decoding=\"async\" width=\"1024\" height=\"46\" src=\"https:\/\/sgvaimudar.com.br\/wp-content\/uploads\/2023\/08\/Anuncie-Aqui-Sao-Goncalo-vai-mudar-1024x46.png\" alt=\"\" class=\"wp-image-2740\" srcset=\"https:\/\/sgvaimudar.com.br\/wp-content\/uploads\/2023\/08\/Anuncie-Aqui-Sao-Goncalo-vai-mudar-1024x46.png 1024w, https:\/\/sgvaimudar.com.br\/wp-content\/uploads\/2023\/08\/Anuncie-Aqui-Sao-Goncalo-vai-mudar-300x13.png 300w, https:\/\/sgvaimudar.com.br\/wp-content\/uploads\/2023\/08\/Anuncie-Aqui-Sao-Goncalo-vai-mudar-768x35.png 768w, https:\/\/sgvaimudar.com.br\/wp-content\/uploads\/2023\/08\/Anuncie-Aqui-Sao-Goncalo-vai-mudar-1536x69.png 1536w, https:\/\/sgvaimudar.com.br\/wp-content\/uploads\/2023\/08\/Anuncie-Aqui-Sao-Goncalo-vai-mudar.png 2002w\" sizes=\"(max-width: 1024px) 100vw, 1024px\" \/><\/figure>\n","protected":false},"excerpt":{"rendered":"<p>Programa\u00e7\u00e3o extensa nas unidades de sa\u00fade orienta sobre a\u00e7\u00f5es preventivas A Secretaria de Sa\u00fade da Prefeitura de S\u00e3o Gon\u00e7alo vai&hellip;<\/p>\n","protected":false},"author":5,"featured_media":31769,"comment_status":"closed","ping_status":"open","sticky":false,"template":"","format":"standard","meta":{"fifu_image_url":"","fifu_image_alt":"","footnotes":""},"categories":[7],"tags":[47,75],"class_list":["post-31767","post","type-post","status-publish","format-standard","has-post-thumbnail","hentry","category-saude","tag-rj","tag-sao-goncalo"],"_links":{"self":[{"href":"https:\/\/sgvaimudar.com.br\/index.php\/wp-json\/wp\/v2\/posts\/31767","targetHints":{"allow":["GET"]}}],"collection":[{"href":"https:\/\/sgvaimudar.com.br\/index.php\/wp-json\/wp\/v2\/posts"}],"about":[{"href":"https:\/\/sgvaimudar.com.br\/index.php\/wp-json\/wp\/v2\/types\/post"}],"author":[{"embeddable":true,"href":"https:\/\/sgvaimudar.com.br\/index.php\/wp-json\/wp\/v2\/users\/5"}],"replies":[{"embeddable":true,"href":"https:\/\/sgvaimudar.com.br\/index.php\/wp-json\/wp\/v2\/comments?post=31767"}],"version-history":[{"count":2,"href":"https:\/\/sgvaimudar.com.br\/index.php\/wp-json\/wp\/v2\/posts\/31767\/revisions"}],"predecessor-version":[{"id":31771,"href":"https:\/\/sgvaimudar.com.br\/index.php\/wp-json\/wp\/v2\/posts\/31767\/revisions\/31771"}],"wp:featuredmedia":[{"embeddable":true,"href":"https:\/\/sgvaimudar.com.br\/index.php\/wp-json\/wp\/v2\/media\/31769"}],"wp:attachment":[{"href":"https:\/\/sgvaimudar.com.br\/index.php\/wp-json\/wp\/v2\/media?parent=31767"}],"wp:term":[{"taxonomy":"category","embeddable":true,"href":"https:\/\/sgvaimudar.com.br\/index.php\/wp-json\/wp\/v2\/categories?post=31767"},{"taxonomy":"post_tag","embeddable":true,"href":"https:\/\/sgvaimudar.com.br\/index.php\/wp-json\/wp\/v2\/tags?post=31767"}],"curies":[{"name":"wp","href":"https:\/\/api.w.org\/{rel}","templated":true}]}}