{"id":3175,"date":"2023-09-12T20:40:34","date_gmt":"2023-09-12T23:40:34","guid":{"rendered":"https:\/\/sgvaimudar.com.br\/?p=3175"},"modified":"2023-09-12T20:40:35","modified_gmt":"2023-09-12T23:40:35","slug":"cameras-de-seguranca-serao-analisadas-no-caso-do-baleado-na-rj-104","status":"publish","type":"post","link":"https:\/\/sgvaimudar.com.br\/index.php\/2023\/09\/12\/cameras-de-seguranca-serao-analisadas-no-caso-do-baleado-na-rj-104\/","title":{"rendered":"C\u00e2meras de seguran\u00e7a ser\u00e3o analisadas no caso do baleado na RJ-104"},"content":{"rendered":"\n<p>A Pol\u00edcia Civil est\u00e1 conduzindo uma an\u00e1lise das grava\u00e7\u00f5es das c\u00e2meras de seguran\u00e7a nas imedia\u00e7\u00f5es da Pra\u00e7a do Coluband\u00ea, em S\u00e3o Gon\u00e7alo, com o objetivo de identificar o respons\u00e1vel pelos tiros dirigidos a um homem que foi alvejado v\u00e1rias vezes enquanto trafegava pela RJ-104 no sentido de Niter\u00f3i, durante a tarde da \u00faltima segunda-feira em Alc\u00e2ntara.<\/p>\n\n\n\n<p>A investiga\u00e7\u00e3o desse incidente est\u00e1 sob a compet\u00eancia da 74\u00aa Delegacia de Pol\u00edcia. Al\u00e9m disso, a Pol\u00edcia Civil j\u00e1 tomou depoimentos de duas testemunhas em rela\u00e7\u00e3o \u00e0 tentativa de homic\u00eddio envolvendo Luan da Silva Andrade, um indiv\u00edduo de 34 anos, atualmente internado em estado grave no Hospital Estadual Alberto Torres (HEAT), tamb\u00e9m em S\u00e3o Gon\u00e7alo.<\/p>\n\n\n\n<p>Conforme os relatos das testemunhas, a v\u00edtima estava conduzindo um ve\u00edculo de cor vermelha quando outro ve\u00edculo se aproximou e um de seus ocupantes efetuou diversos disparos. O autom\u00f3vel de Luan acabou sofrendo mais de 10 tiros no lado do motorista.<\/p>\n\n\n\n<p>REDA\u00c7\u00c3O<\/p>\n\n\n\n<h1 class=\"wp-block-heading\">sgvaimudar<\/h1>\n\n\n\n<p><\/p>\n\n\n\n<p><\/p>\n","protected":false},"excerpt":{"rendered":"<p>A Pol\u00edcia Civil est\u00e1 conduzindo uma an\u00e1lise das grava\u00e7\u00f5es das c\u00e2meras de seguran\u00e7a nas imedia\u00e7\u00f5es da Pra\u00e7a do Coluband\u00ea, em&hellip;<\/p>\n","protected":false},"author":2,"featured_media":3176,"comment_status":"open","ping_status":"open","sticky":false,"template":"","format":"standard","meta":{"fifu_image_url":"","fifu_image_alt":"","footnotes":""},"categories":[3],"tags":[],"class_list":["post-3175","post","type-post","status-publish","format-standard","has-post-thumbnail","hentry","category-sao-goncalo"],"_links":{"self":[{"href":"https:\/\/sgvaimudar.com.br\/index.php\/wp-json\/wp\/v2\/posts\/3175","targetHints":{"allow":["GET"]}}],"collection":[{"href":"https:\/\/sgvaimudar.com.br\/index.php\/wp-json\/wp\/v2\/posts"}],"about":[{"href":"https:\/\/sgvaimudar.com.br\/index.php\/wp-json\/wp\/v2\/types\/post"}],"author":[{"embeddable":true,"href":"https:\/\/sgvaimudar.com.br\/index.php\/wp-json\/wp\/v2\/users\/2"}],"replies":[{"embeddable":true,"href":"https:\/\/sgvaimudar.com.br\/index.php\/wp-json\/wp\/v2\/comments?post=3175"}],"version-history":[{"count":1,"href":"https:\/\/sgvaimudar.com.br\/index.php\/wp-json\/wp\/v2\/posts\/3175\/revisions"}],"predecessor-version":[{"id":3177,"href":"https:\/\/sgvaimudar.com.br\/index.php\/wp-json\/wp\/v2\/posts\/3175\/revisions\/3177"}],"wp:featuredmedia":[{"embeddable":true,"href":"https:\/\/sgvaimudar.com.br\/index.php\/wp-json\/wp\/v2\/media\/3176"}],"wp:attachment":[{"href":"https:\/\/sgvaimudar.com.br\/index.php\/wp-json\/wp\/v2\/media?parent=3175"}],"wp:term":[{"taxonomy":"category","embeddable":true,"href":"https:\/\/sgvaimudar.com.br\/index.php\/wp-json\/wp\/v2\/categories?post=3175"},{"taxonomy":"post_tag","embeddable":true,"href":"https:\/\/sgvaimudar.com.br\/index.php\/wp-json\/wp\/v2\/tags?post=3175"}],"curies":[{"name":"wp","href":"https:\/\/api.w.org\/{rel}","templated":true}]}}