{"id":3165,"date":"2023-09-12T14:36:40","date_gmt":"2023-09-12T17:36:40","guid":{"rendered":"https:\/\/sgvaimudar.com.br\/?p=3165"},"modified":"2023-09-12T14:36:41","modified_gmt":"2023-09-12T17:36:41","slug":"preco-da-carne-continua-caindo-mais-no-campo-do-que-no-supermercado","status":"publish","type":"post","link":"https:\/\/sgvaimudar.com.br\/index.php\/2023\/09\/12\/preco-da-carne-continua-caindo-mais-no-campo-do-que-no-supermercado\/","title":{"rendered":"Pre\u00e7o da carne continua caindo mais no campo do que no supermercado"},"content":{"rendered":"\n<p>O pre\u00e7o do boi tem ca\u00eddo ao longo do ano no campo. Esta redu\u00e7\u00e3o j\u00e1 \u00e9 de 30%, na compara\u00e7\u00e3o com janeiro. O custo para o consumidor tamb\u00e9m diminuiu, mas de forma bem menos expressiva. Em agosto, por exemplo, o ac\u00e9m, que \u00e9 o corte com maior queda nos \u00faltimos 12 meses, ficou 12% mais barato, aponta o \u00cdndice de Pre\u00e7os ao Consumidor (IPCA), divulgado nesta ter\u00e7a-feira (12).<\/p>\n\n\n\n<p>Entre os outros cortes, o contrafil\u00e9 e o patinho ficaram cerca de 10% mais em conta, j\u00e1 a picanha, 6% na compara\u00e7\u00e3o com agosto de 2022.<\/p>\n\n\n\n<p>O pre\u00e7o do boi no campo \u00e9 estimado pela arroba, que \u00e9 uma medida do peso da carca\u00e7a bovina, equivalente a 15 quilos. Em janeiro, a arroba estava custando R$ 286,85, j\u00e1 em 11 de setembro, o valor j\u00e1 estava em R$ 206,24, segundo dados do Centro de Estudos Avan\u00e7ados em Economia Aplicada (Cepea\/ Esalq &#8211; USP).<\/p>\n\n\n\n<p>Veja a seguir o que tem motivado essas diferen\u00e7as.<\/p>\n\n\n\n<p>\ud83d\udcb2Por que a queda para o consumidor \u00e9 menor? Apesar de os pecuaristas estarem vendendo o boi a pre\u00e7os menores para os frigor\u00edficos, h\u00e1 outros custos na cadeia que acontecem depois dessa etapa e que impedem que o consumidor pague menos pela carne, explica Felippe Serigati, do Centro de Agroneg\u00f3cios da Funda\u00e7\u00e3o Get\u00falio Vargas (FGV Agro).<\/p>\n\n\n\n<p>Uma dessas etapas mais importantes \u00e9 a escala de abate, aponta o professor. H\u00e1 menos gente comprando carne, com isso os frigor\u00edficos compram menos animais, uma vez que n\u00e3o h\u00e1 tanta sa\u00edda para o consumidor final, segurando a oferta nos supermercados.<\/p>\n\n\n\n<p>H\u00e1 ainda o custo de log\u00edstica, que est\u00e1 alto por causa do pre\u00e7o do combust\u00edvel.<\/p>\n\n\n\n<p>Al\u00e9m desses pontos, as redes varejistas estariam mantendo uma margem alta de lucro neste ano, segurando os pre\u00e7os, afirma o analista da Safras &amp; Mercado Fernando Henrique Iglesias.<\/p>\n\n\n\n<p>Ao g1, a Associa\u00e7\u00e3o Brasileira de Supermercados (ABRAS) disse que \u00e9 preciso considerar os custos de log\u00edstica, de energia, na armazenagem, na exposi\u00e7\u00e3o nas lojas, bem como, a demanda da carne bovina no mercado internacional.<\/p>\n\n\n\n<p>A empresa tamb\u00e9m afirma que &#8220;a redu\u00e7\u00e3o dos pre\u00e7os tende a ocorrer de forma gradual, a depender do contrato firmado entre a empresa supermercadista e a ind\u00fastria\/frigor\u00edfico&#8221;.<\/p>\n\n\n\n<h1 class=\"wp-block-heading\">sgvaimudar<\/h1>\n","protected":false},"excerpt":{"rendered":"<p>O pre\u00e7o do boi tem ca\u00eddo ao longo do ano no campo. Esta redu\u00e7\u00e3o j\u00e1 \u00e9 de 30%, na compara\u00e7\u00e3o&hellip;<\/p>\n","protected":false},"author":2,"featured_media":3166,"comment_status":"open","ping_status":"open","sticky":false,"template":"","format":"standard","meta":{"fifu_image_url":"","fifu_image_alt":"","footnotes":""},"categories":[4],"tags":[],"class_list":["post-3165","post","type-post","status-publish","format-standard","has-post-thumbnail","hentry","category-brasil"],"_links":{"self":[{"href":"https:\/\/sgvaimudar.com.br\/index.php\/wp-json\/wp\/v2\/posts\/3165","targetHints":{"allow":["GET"]}}],"collection":[{"href":"https:\/\/sgvaimudar.com.br\/index.php\/wp-json\/wp\/v2\/posts"}],"about":[{"href":"https:\/\/sgvaimudar.com.br\/index.php\/wp-json\/wp\/v2\/types\/post"}],"author":[{"embeddable":true,"href":"https:\/\/sgvaimudar.com.br\/index.php\/wp-json\/wp\/v2\/users\/2"}],"replies":[{"embeddable":true,"href":"https:\/\/sgvaimudar.com.br\/index.php\/wp-json\/wp\/v2\/comments?post=3165"}],"version-history":[{"count":1,"href":"https:\/\/sgvaimudar.com.br\/index.php\/wp-json\/wp\/v2\/posts\/3165\/revisions"}],"predecessor-version":[{"id":3167,"href":"https:\/\/sgvaimudar.com.br\/index.php\/wp-json\/wp\/v2\/posts\/3165\/revisions\/3167"}],"wp:featuredmedia":[{"embeddable":true,"href":"https:\/\/sgvaimudar.com.br\/index.php\/wp-json\/wp\/v2\/media\/3166"}],"wp:attachment":[{"href":"https:\/\/sgvaimudar.com.br\/index.php\/wp-json\/wp\/v2\/media?parent=3165"}],"wp:term":[{"taxonomy":"category","embeddable":true,"href":"https:\/\/sgvaimudar.com.br\/index.php\/wp-json\/wp\/v2\/categories?post=3165"},{"taxonomy":"post_tag","embeddable":true,"href":"https:\/\/sgvaimudar.com.br\/index.php\/wp-json\/wp\/v2\/tags?post=3165"}],"curies":[{"name":"wp","href":"https:\/\/api.w.org\/{rel}","templated":true}]}}