{"id":31649,"date":"2025-10-09T19:00:00","date_gmt":"2025-10-09T22:00:00","guid":{"rendered":"https:\/\/sgvaimudar.com.br\/?p=31649"},"modified":"2025-10-09T09:26:59","modified_gmt":"2025-10-09T12:26:59","slug":"prefeitura-abre-inscricoes-para-cursos-profissionalizantes-gratuitos","status":"publish","type":"post","link":"https:\/\/sgvaimudar.com.br\/index.php\/2025\/10\/09\/prefeitura-abre-inscricoes-para-cursos-profissionalizantes-gratuitos\/","title":{"rendered":"Prefeitura abre inscri\u00e7\u00f5es para cursos profissionalizantes gratuitos"},"content":{"rendered":"\n<p><em>Iniciativa \u00e9 uma parceria da Prefeitura com o governo do Estado do Rio<\/em><\/p>\n\n\n\n<p>A Secretaria de Desenvolvimento Econ\u00f4mico da Prefeitura de S\u00e3o Gon\u00e7alo, em parceria com a Secretaria de Estado de Energia e Economia do Mar (Seenemar), est\u00e1 com vagas abertas para os cursos profissionalizantes gratuitos de caldeireiro montador e de auxiliar de instrumentista industrial. As aulas ser\u00e3o realizadas na Firjan\/Senai, no Centro.<\/p>\n\n\n\n<p>As aulas do curso de caldeireiro montador ter\u00e3o in\u00edcio no dia 20 de outubro e seguir\u00e3o at\u00e9 6 de mar\u00e7o de 2026. Os interessados devem ter a idade m\u00ednima de 18 anos e o ensino m\u00e9dio completo. As aulas ser\u00e3o no per\u00edodo das 13h \u00e0s 17h, de segunda a sexta-feira.<\/p>\n\n\n\n<figure class=\"wp-block-image size-large\"><img fetchpriority=\"high\" decoding=\"async\" width=\"819\" height=\"1024\" src=\"https:\/\/sgvaimudar.com.br\/wp-content\/uploads\/2025\/10\/unnamed-9-4-819x1024.jpg\" alt=\"\" class=\"wp-image-31650\" srcset=\"https:\/\/sgvaimudar.com.br\/wp-content\/uploads\/2025\/10\/unnamed-9-4-819x1024.jpg 819w, https:\/\/sgvaimudar.com.br\/wp-content\/uploads\/2025\/10\/unnamed-9-4-240x300.jpg 240w, https:\/\/sgvaimudar.com.br\/wp-content\/uploads\/2025\/10\/unnamed-9-4-768x960.jpg 768w, https:\/\/sgvaimudar.com.br\/wp-content\/uploads\/2025\/10\/unnamed-9-4.jpg 1080w\" sizes=\"(max-width: 819px) 100vw, 819px\" \/><\/figure>\n\n\n\n<p>O curso de caldeireiro montador tem como objetivo preparar o candidato para montar e reparar pe\u00e7as e equipamentos em estruturas met\u00e1licas e tubula\u00e7\u00f5es, considerando os procedimentos t\u00e9cnicos, de qualidade, de sa\u00fade e seguran\u00e7a e de Meio Ambiente.<\/p>\n\n\n\n<p>J\u00e1 para o curso de auxiliar de instrumentista industrial, o candidato tamb\u00e9m deve ter a idade m\u00ednima de 18 anos e ensino m\u00e9dio completo. As aulas ter\u00e3o in\u00edcio no dia 22 de outubro e terminar\u00e3o em 5 de fevereiro de 2026, de segunda a sexta-feira, das 18h \u00e0s 22h.<\/p>\n\n\n\n<p>O curso de auxiliar de instrumentista industrial capacita o profissional para realizar atividades de suporte a constru\u00e7\u00e3o e montagem de sistemas el\u00e9tricos e de instrumenta\u00e7\u00e3o, al\u00e9m de auxiliar na passagem de cabos, tubings e montagem\/liga\u00e7\u00e3o de instrumentos bem como auxiliar na calibra\u00e7\u00e3o de instrumentos e v\u00e1lvulas, de acordo com normas e procedimentos t\u00e9cnicos, de qualidade, de sa\u00fade e ambientais.<\/p>\n\n\n\n<p>Ambos os cursos fazem parte da iniciativa \u201cEmpregos Azuis \u2013 Um Mar de Oportunidades\u201d. As vagas est\u00e3o sendo oferecidas ap\u00f3s a assinatura de um termo de coopera\u00e7\u00e3o feito entre a Prefeitura de S\u00e3o Gon\u00e7alo, atrav\u00e9s da Secretaria de Desenvolvimento Econ\u00f4mico, e a Seenemar.<\/p>\n\n\n\n<p>Os interessados poder\u00e3o se inscrever at\u00e9 o dia 15 de outubro para os cursos atrav\u00e9s do link:&nbsp;<a href=\"https:\/\/click.cse360.com.br\/Click\/AddCampaignEmailClick\/dd9dd8bb-bba3-4abd-4aee-08ddfba34a14\/https%253a%252f%252fforms.gle%252fxcX8ENvGEc9RtJ2T8\/ac66966e-2b55-4484-fb2c-08dc491eed5f\/jornalistaws@gmail.com\/False\" rel=\"noreferrer noopener\" target=\"_blank\">https:\/\/forms.gle\/xcX8ENvGEc9RtJ2T8<\/a>.<\/p>\n\n\n\n<p><strong>Servi\u00e7o<\/strong>: A Firjan\/Senai fica localizado na Rua Dr. Nilo Pe\u00e7anha, n\u00ba 134, Centro.<\/p>\n\n\n\n<p><strong><em>S\u00e3o Gon\u00e7alo vai mudar: Not\u00edcias de S\u00e3o Gon\u00e7alo e toda regi\u00e3o.<\/em><\/strong><\/p>\n\n\n\n<figure class=\"wp-block-image size-large\"><img decoding=\"async\" width=\"1024\" height=\"252\" src=\"https:\/\/sgvaimudar.com.br\/wp-content\/uploads\/2025\/03\/Anuncie-Aqui-Sao-Goncalo-vai-mudar-1024x252.jpg\" alt=\"\" class=\"wp-image-22693\" srcset=\"https:\/\/sgvaimudar.com.br\/wp-content\/uploads\/2025\/03\/Anuncie-Aqui-Sao-Goncalo-vai-mudar-1024x252.jpg 1024w, https:\/\/sgvaimudar.com.br\/wp-content\/uploads\/2025\/03\/Anuncie-Aqui-Sao-Goncalo-vai-mudar-300x74.jpg 300w, https:\/\/sgvaimudar.com.br\/wp-content\/uploads\/2025\/03\/Anuncie-Aqui-Sao-Goncalo-vai-mudar-768x189.jpg 768w, https:\/\/sgvaimudar.com.br\/wp-content\/uploads\/2025\/03\/Anuncie-Aqui-Sao-Goncalo-vai-mudar-1536x378.jpg 1536w, https:\/\/sgvaimudar.com.br\/wp-content\/uploads\/2025\/03\/Anuncie-Aqui-Sao-Goncalo-vai-mudar-2048x504.jpg 2048w\" sizes=\"(max-width: 1024px) 100vw, 1024px\" \/><\/figure>\n","protected":false},"excerpt":{"rendered":"<p>Iniciativa \u00e9 uma parceria da Prefeitura com o governo do Estado do Rio A Secretaria de Desenvolvimento Econ\u00f4mico da Prefeitura&hellip;<\/p>\n","protected":false},"author":5,"featured_media":30722,"comment_status":"closed","ping_status":"open","sticky":false,"template":"","format":"standard","meta":{"fifu_image_url":"","fifu_image_alt":"","footnotes":""},"categories":[3],"tags":[47,75],"class_list":["post-31649","post","type-post","status-publish","format-standard","has-post-thumbnail","hentry","category-sao-goncalo","tag-rj","tag-sao-goncalo"],"_links":{"self":[{"href":"https:\/\/sgvaimudar.com.br\/index.php\/wp-json\/wp\/v2\/posts\/31649","targetHints":{"allow":["GET"]}}],"collection":[{"href":"https:\/\/sgvaimudar.com.br\/index.php\/wp-json\/wp\/v2\/posts"}],"about":[{"href":"https:\/\/sgvaimudar.com.br\/index.php\/wp-json\/wp\/v2\/types\/post"}],"author":[{"embeddable":true,"href":"https:\/\/sgvaimudar.com.br\/index.php\/wp-json\/wp\/v2\/users\/5"}],"replies":[{"embeddable":true,"href":"https:\/\/sgvaimudar.com.br\/index.php\/wp-json\/wp\/v2\/comments?post=31649"}],"version-history":[{"count":1,"href":"https:\/\/sgvaimudar.com.br\/index.php\/wp-json\/wp\/v2\/posts\/31649\/revisions"}],"predecessor-version":[{"id":31651,"href":"https:\/\/sgvaimudar.com.br\/index.php\/wp-json\/wp\/v2\/posts\/31649\/revisions\/31651"}],"wp:featuredmedia":[{"embeddable":true,"href":"https:\/\/sgvaimudar.com.br\/index.php\/wp-json\/wp\/v2\/media\/30722"}],"wp:attachment":[{"href":"https:\/\/sgvaimudar.com.br\/index.php\/wp-json\/wp\/v2\/media?parent=31649"}],"wp:term":[{"taxonomy":"category","embeddable":true,"href":"https:\/\/sgvaimudar.com.br\/index.php\/wp-json\/wp\/v2\/categories?post=31649"},{"taxonomy":"post_tag","embeddable":true,"href":"https:\/\/sgvaimudar.com.br\/index.php\/wp-json\/wp\/v2\/tags?post=31649"}],"curies":[{"name":"wp","href":"https:\/\/api.w.org\/{rel}","templated":true}]}}