{"id":31643,"date":"2025-10-09T15:00:00","date_gmt":"2025-10-09T18:00:00","guid":{"rendered":"https:\/\/sgvaimudar.com.br\/?p=31643"},"modified":"2025-10-09T08:53:21","modified_gmt":"2025-10-09T11:53:21","slug":"em-sao-goncalo-centro-cultural-joaquim-lavoura-recebe-feira-de-artesanato-e-gastronomia-nesta-sexta-10","status":"publish","type":"post","link":"https:\/\/sgvaimudar.com.br\/index.php\/2025\/10\/09\/em-sao-goncalo-centro-cultural-joaquim-lavoura-recebe-feira-de-artesanato-e-gastronomia-nesta-sexta-10\/","title":{"rendered":"Em S\u00e3o Gon\u00e7alo, Centro Cultural Joaquim Lavoura recebe feira de artesanato e gastronomia nesta sexta 10"},"content":{"rendered":"\n<p><em>Primeira edi\u00e7\u00e3o da Feira de Degrau de Dandara vai acontecer das 9h \u00e0s 17h<\/em><\/p>\n\n\n\n<p>A Secretaria de Turismo e Cultura da Prefeitura de S\u00e3o Gon\u00e7alo vai realizar, na pr\u00f3xima sexta-feira (10), a Feira de Degrau de Dandara. A primeira edi\u00e7\u00e3o da feira acontece no Centro Cultural Joaquim Lavoura (Lavour\u00e3o), no bairro Estrela do Norte, das 9h \u00e0s 17h.<\/p>\n\n\n\n<p>O maior objetivo da feira \u00e9 criar uma rede de apoio e visibilidade para o trabalho e talento das mulheres da cidade, construindo um futuro mais justo e pr\u00f3spero para as artes\u00e3s.<\/p>\n\n\n\n<figure class=\"wp-block-image size-large\"><img fetchpriority=\"high\" decoding=\"async\" width=\"1024\" height=\"1024\" src=\"https:\/\/sgvaimudar.com.br\/wp-content\/uploads\/2025\/10\/unnamed-8-4-1024x1024.jpg\" alt=\"\" class=\"wp-image-31644\" srcset=\"https:\/\/sgvaimudar.com.br\/wp-content\/uploads\/2025\/10\/unnamed-8-4-1024x1024.jpg 1024w, https:\/\/sgvaimudar.com.br\/wp-content\/uploads\/2025\/10\/unnamed-8-4-300x300.jpg 300w, https:\/\/sgvaimudar.com.br\/wp-content\/uploads\/2025\/10\/unnamed-8-4-150x150.jpg 150w, https:\/\/sgvaimudar.com.br\/wp-content\/uploads\/2025\/10\/unnamed-8-4-768x768.jpg 768w, https:\/\/sgvaimudar.com.br\/wp-content\/uploads\/2025\/10\/unnamed-8-4.jpg 1080w\" sizes=\"(max-width: 1024px) 100vw, 1024px\" \/><\/figure>\n\n\n\n<p>Mais do que uma feira, o Degrau de Dandara \u00e9 um espa\u00e7o de apoio, crescimento e uni\u00e3o, onde diversas gon\u00e7alenses ser\u00e3o impulsionadas a crescer com seus servi\u00e7os e produtos.<\/p>\n\n\n\n<p>O Centro Cultural Joaquim Lavoura fica na Avenida Presidente Kennedy, 721, Estrela do Norte. A entrada \u00e9 franca.<\/p>\n\n\n\n<p><strong><em>S\u00e3o Gon\u00e7alo vai mudar: Not\u00edcias de S\u00e3o Gon\u00e7alo e toda regi\u00e3o.<\/em><\/strong><\/p>\n\n\n\n<figure class=\"wp-block-image size-large\"><img decoding=\"async\" width=\"1024\" height=\"252\" src=\"https:\/\/sgvaimudar.com.br\/wp-content\/uploads\/2025\/03\/Anuncie-Aqui-Sao-Goncalo-vai-mudar-1024x252.jpg\" alt=\"\" class=\"wp-image-22693\" srcset=\"https:\/\/sgvaimudar.com.br\/wp-content\/uploads\/2025\/03\/Anuncie-Aqui-Sao-Goncalo-vai-mudar-1024x252.jpg 1024w, https:\/\/sgvaimudar.com.br\/wp-content\/uploads\/2025\/03\/Anuncie-Aqui-Sao-Goncalo-vai-mudar-300x74.jpg 300w, https:\/\/sgvaimudar.com.br\/wp-content\/uploads\/2025\/03\/Anuncie-Aqui-Sao-Goncalo-vai-mudar-768x189.jpg 768w, https:\/\/sgvaimudar.com.br\/wp-content\/uploads\/2025\/03\/Anuncie-Aqui-Sao-Goncalo-vai-mudar-1536x378.jpg 1536w, https:\/\/sgvaimudar.com.br\/wp-content\/uploads\/2025\/03\/Anuncie-Aqui-Sao-Goncalo-vai-mudar-2048x504.jpg 2048w\" sizes=\"(max-width: 1024px) 100vw, 1024px\" \/><\/figure>\n","protected":false},"excerpt":{"rendered":"<p>Primeira edi\u00e7\u00e3o da Feira de Degrau de Dandara vai acontecer das 9h \u00e0s 17h A Secretaria de Turismo e Cultura&hellip;<\/p>\n","protected":false},"author":5,"featured_media":16105,"comment_status":"closed","ping_status":"open","sticky":false,"template":"","format":"standard","meta":{"fifu_image_url":"","fifu_image_alt":"","footnotes":""},"categories":[6],"tags":[47,75],"class_list":["post-31643","post","type-post","status-publish","format-standard","has-post-thumbnail","hentry","category-entretenimento","tag-rj","tag-sao-goncalo"],"_links":{"self":[{"href":"https:\/\/sgvaimudar.com.br\/index.php\/wp-json\/wp\/v2\/posts\/31643","targetHints":{"allow":["GET"]}}],"collection":[{"href":"https:\/\/sgvaimudar.com.br\/index.php\/wp-json\/wp\/v2\/posts"}],"about":[{"href":"https:\/\/sgvaimudar.com.br\/index.php\/wp-json\/wp\/v2\/types\/post"}],"author":[{"embeddable":true,"href":"https:\/\/sgvaimudar.com.br\/index.php\/wp-json\/wp\/v2\/users\/5"}],"replies":[{"embeddable":true,"href":"https:\/\/sgvaimudar.com.br\/index.php\/wp-json\/wp\/v2\/comments?post=31643"}],"version-history":[{"count":1,"href":"https:\/\/sgvaimudar.com.br\/index.php\/wp-json\/wp\/v2\/posts\/31643\/revisions"}],"predecessor-version":[{"id":31645,"href":"https:\/\/sgvaimudar.com.br\/index.php\/wp-json\/wp\/v2\/posts\/31643\/revisions\/31645"}],"wp:featuredmedia":[{"embeddable":true,"href":"https:\/\/sgvaimudar.com.br\/index.php\/wp-json\/wp\/v2\/media\/16105"}],"wp:attachment":[{"href":"https:\/\/sgvaimudar.com.br\/index.php\/wp-json\/wp\/v2\/media?parent=31643"}],"wp:term":[{"taxonomy":"category","embeddable":true,"href":"https:\/\/sgvaimudar.com.br\/index.php\/wp-json\/wp\/v2\/categories?post=31643"},{"taxonomy":"post_tag","embeddable":true,"href":"https:\/\/sgvaimudar.com.br\/index.php\/wp-json\/wp\/v2\/tags?post=31643"}],"curies":[{"name":"wp","href":"https:\/\/api.w.org\/{rel}","templated":true}]}}