{"id":31641,"date":"2025-10-09T17:00:00","date_gmt":"2025-10-09T20:00:00","guid":{"rendered":"https:\/\/sgvaimudar.com.br\/?p=31641"},"modified":"2025-10-09T08:53:39","modified_gmt":"2025-10-09T11:53:39","slug":"prefeitura-decreta-ponto-facultativo-no-dia-31-de-outubro","status":"publish","type":"post","link":"https:\/\/sgvaimudar.com.br\/index.php\/2025\/10\/09\/prefeitura-decreta-ponto-facultativo-no-dia-31-de-outubro\/","title":{"rendered":"Prefeitura decreta ponto facultativo no dia 31 de outubro\u00a0"},"content":{"rendered":"\n<p><em>Decis\u00e3o refere-se ao feriado do servidor p\u00fablico, comemorado dia 28&nbsp;<\/em><\/p>\n\n\n\n<p>A Prefeitura de S\u00e3o Gon\u00e7alo decretou, em publica\u00e7\u00e3o no Di\u00e1rio Oficial, de ter\u00e7a-feira (7), ponto facultativo nas reparti\u00e7\u00f5es p\u00fablicas municipais no dia 31 de outubro (sexta-feira). A decis\u00e3o transfere a folga do feriado do Dia do Servidor P\u00fablico, comemorado no dia 28 de outubro (ter\u00e7a-feira), para o dia 31.<\/p>\n\n\n\n<p>O decreto n\u00e3o se aplica aos servidores lotados nas Secretarias de Conserva\u00e7\u00e3o e de Desenvolvimento Urbano, aos profissionais da \u00e1rea de Sa\u00fade e de apoio administrativo escalados pelas chefias imediatas da Secretaria de Sa\u00fade e Defesa Civil, bem como aos \u00f3rg\u00e3os, \u00e0s unidades e aos postos de trabalho cujas atividades n\u00e3o possam ser suspensas, em virtude de exig\u00eancias t\u00e9cnicas, essencialidade, por motivo de interesse p\u00fablico ou n\u00e3o possam sofrer solu\u00e7\u00e3o de continuidade.<\/p>\n\n\n\n<p><em>Foto: Julio Diniz<\/em><\/p>\n\n\n\n<p><strong><em>S\u00e3o Gon\u00e7alo vai mudar: Not\u00edcias de S\u00e3o Gon\u00e7alo e toda regi\u00e3o.<\/em><\/strong><\/p>\n\n\n\n<figure class=\"wp-block-image size-large\"><img fetchpriority=\"high\" decoding=\"async\" width=\"1024\" height=\"252\" src=\"https:\/\/sgvaimudar.com.br\/wp-content\/uploads\/2025\/03\/Anuncie-Aqui-Sao-Goncalo-vai-mudar-1024x252.jpg\" alt=\"\" class=\"wp-image-22693\" srcset=\"https:\/\/sgvaimudar.com.br\/wp-content\/uploads\/2025\/03\/Anuncie-Aqui-Sao-Goncalo-vai-mudar-1024x252.jpg 1024w, https:\/\/sgvaimudar.com.br\/wp-content\/uploads\/2025\/03\/Anuncie-Aqui-Sao-Goncalo-vai-mudar-300x74.jpg 300w, https:\/\/sgvaimudar.com.br\/wp-content\/uploads\/2025\/03\/Anuncie-Aqui-Sao-Goncalo-vai-mudar-768x189.jpg 768w, https:\/\/sgvaimudar.com.br\/wp-content\/uploads\/2025\/03\/Anuncie-Aqui-Sao-Goncalo-vai-mudar-1536x378.jpg 1536w, https:\/\/sgvaimudar.com.br\/wp-content\/uploads\/2025\/03\/Anuncie-Aqui-Sao-Goncalo-vai-mudar-2048x504.jpg 2048w\" sizes=\"(max-width: 1024px) 100vw, 1024px\" \/><\/figure>\n","protected":false},"excerpt":{"rendered":"<p>Decis\u00e3o refere-se ao feriado do servidor p\u00fablico, comemorado dia 28&nbsp; A Prefeitura de S\u00e3o Gon\u00e7alo decretou, em publica\u00e7\u00e3o no Di\u00e1rio&hellip;<\/p>\n","protected":false},"author":5,"featured_media":9777,"comment_status":"closed","ping_status":"open","sticky":false,"template":"","format":"standard","meta":{"fifu_image_url":"","fifu_image_alt":"","footnotes":""},"categories":[3],"tags":[47,75],"class_list":["post-31641","post","type-post","status-publish","format-standard","has-post-thumbnail","hentry","category-sao-goncalo","tag-rj","tag-sao-goncalo"],"_links":{"self":[{"href":"https:\/\/sgvaimudar.com.br\/index.php\/wp-json\/wp\/v2\/posts\/31641","targetHints":{"allow":["GET"]}}],"collection":[{"href":"https:\/\/sgvaimudar.com.br\/index.php\/wp-json\/wp\/v2\/posts"}],"about":[{"href":"https:\/\/sgvaimudar.com.br\/index.php\/wp-json\/wp\/v2\/types\/post"}],"author":[{"embeddable":true,"href":"https:\/\/sgvaimudar.com.br\/index.php\/wp-json\/wp\/v2\/users\/5"}],"replies":[{"embeddable":true,"href":"https:\/\/sgvaimudar.com.br\/index.php\/wp-json\/wp\/v2\/comments?post=31641"}],"version-history":[{"count":1,"href":"https:\/\/sgvaimudar.com.br\/index.php\/wp-json\/wp\/v2\/posts\/31641\/revisions"}],"predecessor-version":[{"id":31642,"href":"https:\/\/sgvaimudar.com.br\/index.php\/wp-json\/wp\/v2\/posts\/31641\/revisions\/31642"}],"wp:featuredmedia":[{"embeddable":true,"href":"https:\/\/sgvaimudar.com.br\/index.php\/wp-json\/wp\/v2\/media\/9777"}],"wp:attachment":[{"href":"https:\/\/sgvaimudar.com.br\/index.php\/wp-json\/wp\/v2\/media?parent=31641"}],"wp:term":[{"taxonomy":"category","embeddable":true,"href":"https:\/\/sgvaimudar.com.br\/index.php\/wp-json\/wp\/v2\/categories?post=31641"},{"taxonomy":"post_tag","embeddable":true,"href":"https:\/\/sgvaimudar.com.br\/index.php\/wp-json\/wp\/v2\/tags?post=31641"}],"curies":[{"name":"wp","href":"https:\/\/api.w.org\/{rel}","templated":true}]}}