{"id":31635,"date":"2025-10-09T13:00:00","date_gmt":"2025-10-09T16:00:00","guid":{"rendered":"https:\/\/sgvaimudar.com.br\/?p=31635"},"modified":"2025-10-09T08:23:10","modified_gmt":"2025-10-09T11:23:10","slug":"dia-das-criancas-clinica-em-sao-goncalo-prepara-festa-para-os-pequenos-pacientes","status":"publish","type":"post","link":"https:\/\/sgvaimudar.com.br\/index.php\/2025\/10\/09\/dia-das-criancas-clinica-em-sao-goncalo-prepara-festa-para-os-pequenos-pacientes\/","title":{"rendered":"Dia das Crian\u00e7as: Cl\u00ednica em S\u00e3o Gon\u00e7alo prepara festa para os pequenos pacientes"},"content":{"rendered":"\n<p><em>Atendimentos de sa\u00fade, orienta\u00e7\u00f5es e brincadeiras na programa\u00e7\u00e3o desta sexta-feira<\/em><\/p>\n\n\n\n<p>As crian\u00e7as usu\u00e1rias da Cl\u00ednica da Crian\u00e7a, no Z\u00e9 Garoto, ter\u00e3o atendimento diferenciado nesta sexta-feira, dia 10, das 8h \u00e0s 12h. Em comemora\u00e7\u00e3o ao Dia das Crian\u00e7as, lembrado em 12 de outubro, a cl\u00ednica vai oferecer palestras para os respons\u00e1veis e muita brincadeira para os pequenos. Apesar das atividades alternativas, os atendimentos agendados ser\u00e3o mantidos durante todo o dia.\u00a0<\/p>\n\n\n\n<p>\u201cA ideia \u00e9 juntar a comemora\u00e7\u00e3o do Dia das Crian\u00e7as com oferta de servi\u00e7os e orienta\u00e7\u00f5es necess\u00e1rias para as fam\u00edlias para ajudar na manuten\u00e7\u00e3o da sa\u00fade. E ser\u00e1 um dia de divers\u00e3o e muita alegria para as crian\u00e7as. Sabemos que a maioria n\u00e3o tem essa oportunidade no cotidiano\u201d, disse o diretor da cl\u00ednica, Emanuel Souza.&nbsp;<\/p>\n\n\n\n<p>As crian\u00e7as poder\u00e3o brincar em pula-pula, piscina de bolinhas e brinquedos infl\u00e1veis e ter\u00e3o esta\u00e7\u00e3o de a\u00e7a\u00ed, cachorro-quente e pipoca \u00e0 disposi\u00e7\u00e3o. Um animador tamb\u00e9m vai realizar brincadeiras e atividades com distribui\u00e7\u00e3o de brindes.&nbsp;&nbsp;<\/p>\n\n\n\n<p>Os respons\u00e1veis poder\u00e3o assistir palestras sobre preven\u00e7\u00e3o e cuidados com a bronquiolite, estimula\u00e7\u00e3o dos marcos do desenvolvimento infantil, sa\u00fade geral da crian\u00e7a e nutri\u00e7\u00e3o infantil e as consequ\u00eancias psicol\u00f3gicas causadas pelo uso de telas. Todas ser\u00e3o administradas por profissionais de sa\u00fade da cl\u00ednica.&nbsp;<\/p>\n\n\n\n<p>Ainda estar\u00e3o dispon\u00edveis servi\u00e7os do Odontom\u00f3vel, vacina\u00e7\u00e3o, atendimentos com nutricionistas e psicol\u00f3gicos. Este \u00faltimo apenas para as m\u00e3es at\u00edpicas. Todos os servi\u00e7os e atendimentos n\u00e3o precisam de agendamento pr\u00e9vio. Ser\u00e3o por ordem de chegada, mas sujeito a lota\u00e7\u00e3o.&nbsp;&nbsp;&nbsp;<\/p>\n\n\n\n<p>Foto: Julio Diniz<\/p>\n\n\n\n<p><strong><em>S\u00e3o Gon\u00e7alo vai mudar: Not\u00edcias de S\u00e3o Gon\u00e7alo e toda regi\u00e3o.<\/em><\/strong><\/p>\n\n\n\n<figure class=\"wp-block-image size-large\"><img fetchpriority=\"high\" decoding=\"async\" width=\"1024\" height=\"252\" src=\"https:\/\/sgvaimudar.com.br\/wp-content\/uploads\/2025\/03\/Anuncie-Aqui-Sao-Goncalo-vai-mudar-1024x252.jpg\" alt=\"\" class=\"wp-image-22693\" srcset=\"https:\/\/sgvaimudar.com.br\/wp-content\/uploads\/2025\/03\/Anuncie-Aqui-Sao-Goncalo-vai-mudar-1024x252.jpg 1024w, https:\/\/sgvaimudar.com.br\/wp-content\/uploads\/2025\/03\/Anuncie-Aqui-Sao-Goncalo-vai-mudar-300x74.jpg 300w, https:\/\/sgvaimudar.com.br\/wp-content\/uploads\/2025\/03\/Anuncie-Aqui-Sao-Goncalo-vai-mudar-768x189.jpg 768w, https:\/\/sgvaimudar.com.br\/wp-content\/uploads\/2025\/03\/Anuncie-Aqui-Sao-Goncalo-vai-mudar-1536x378.jpg 1536w, https:\/\/sgvaimudar.com.br\/wp-content\/uploads\/2025\/03\/Anuncie-Aqui-Sao-Goncalo-vai-mudar-2048x504.jpg 2048w\" sizes=\"(max-width: 1024px) 100vw, 1024px\" \/><\/figure>\n","protected":false},"excerpt":{"rendered":"<p>Atendimentos de sa\u00fade, orienta\u00e7\u00f5es e brincadeiras na programa\u00e7\u00e3o desta sexta-feira As crian\u00e7as usu\u00e1rias da Cl\u00ednica da Crian\u00e7a, no Z\u00e9 Garoto,&hellip;<\/p>\n","protected":false},"author":5,"featured_media":31636,"comment_status":"closed","ping_status":"open","sticky":false,"template":"","format":"standard","meta":{"fifu_image_url":"","fifu_image_alt":"","footnotes":""},"categories":[7],"tags":[47,75,51],"class_list":["post-31635","post","type-post","status-publish","format-standard","has-post-thumbnail","hentry","category-saude","tag-rj","tag-sao-goncalo","tag-saude"],"_links":{"self":[{"href":"https:\/\/sgvaimudar.com.br\/index.php\/wp-json\/wp\/v2\/posts\/31635","targetHints":{"allow":["GET"]}}],"collection":[{"href":"https:\/\/sgvaimudar.com.br\/index.php\/wp-json\/wp\/v2\/posts"}],"about":[{"href":"https:\/\/sgvaimudar.com.br\/index.php\/wp-json\/wp\/v2\/types\/post"}],"author":[{"embeddable":true,"href":"https:\/\/sgvaimudar.com.br\/index.php\/wp-json\/wp\/v2\/users\/5"}],"replies":[{"embeddable":true,"href":"https:\/\/sgvaimudar.com.br\/index.php\/wp-json\/wp\/v2\/comments?post=31635"}],"version-history":[{"count":1,"href":"https:\/\/sgvaimudar.com.br\/index.php\/wp-json\/wp\/v2\/posts\/31635\/revisions"}],"predecessor-version":[{"id":31637,"href":"https:\/\/sgvaimudar.com.br\/index.php\/wp-json\/wp\/v2\/posts\/31635\/revisions\/31637"}],"wp:featuredmedia":[{"embeddable":true,"href":"https:\/\/sgvaimudar.com.br\/index.php\/wp-json\/wp\/v2\/media\/31636"}],"wp:attachment":[{"href":"https:\/\/sgvaimudar.com.br\/index.php\/wp-json\/wp\/v2\/media?parent=31635"}],"wp:term":[{"taxonomy":"category","embeddable":true,"href":"https:\/\/sgvaimudar.com.br\/index.php\/wp-json\/wp\/v2\/categories?post=31635"},{"taxonomy":"post_tag","embeddable":true,"href":"https:\/\/sgvaimudar.com.br\/index.php\/wp-json\/wp\/v2\/tags?post=31635"}],"curies":[{"name":"wp","href":"https:\/\/api.w.org\/{rel}","templated":true}]}}