{"id":31529,"date":"2025-10-07T15:00:00","date_gmt":"2025-10-07T18:00:00","guid":{"rendered":"https:\/\/sgvaimudar.com.br\/?p=31529"},"modified":"2025-10-07T08:05:51","modified_gmt":"2025-10-07T11:05:51","slug":"secretaria-de-saude-de-sao-goncalo-abre-campanha-outubro-rosa-com-programacao-variada","status":"publish","type":"post","link":"https:\/\/sgvaimudar.com.br\/index.php\/2025\/10\/07\/secretaria-de-saude-de-sao-goncalo-abre-campanha-outubro-rosa-com-programacao-variada\/","title":{"rendered":"Secretaria de Sa\u00fade de S\u00e3o Gon\u00e7alo abre Campanha Outubro Rosa com programa\u00e7\u00e3o variada"},"content":{"rendered":"\n<p><em>Unidades destacam import\u00e2ncia da preven\u00e7\u00e3o ao c\u00e2ncer de mama e do colo do \u00fatero&nbsp;<\/em><\/p>\n\n\n\n<p>As servidoras da Secretaria de Sa\u00fade e Defesa Civil da Prefeitura de S\u00e3o Gon\u00e7alo participaram, nesta segunda-feira (06), da abertura da Campanha Outubro Rosa na sede da secretaria.<\/p>\n\n\n\n<p>A atividade contou com palestra sobre as doen\u00e7as que t\u00eam maior preval\u00eancia nas mulheres, exames para detec\u00e7\u00e3o e formas de preven\u00e7\u00e3o. Uma apresenta\u00e7\u00e3o, chamada de Preven\u00e7\u00e3o Cantada, do grupo de agentes comunit\u00e1rios de sa\u00fade (ACSs), finalizou a a\u00e7\u00e3o.\u00a0<\/p>\n\n\n\n<figure class=\"wp-block-image size-full\"><img fetchpriority=\"high\" decoding=\"async\" width=\"1024\" height=\"681\" src=\"https:\/\/sgvaimudar.com.br\/wp-content\/uploads\/2025\/10\/unnamed-6-2.jpg\" alt=\"\" class=\"wp-image-31530\" srcset=\"https:\/\/sgvaimudar.com.br\/wp-content\/uploads\/2025\/10\/unnamed-6-2.jpg 1024w, https:\/\/sgvaimudar.com.br\/wp-content\/uploads\/2025\/10\/unnamed-6-2-300x200.jpg 300w, https:\/\/sgvaimudar.com.br\/wp-content\/uploads\/2025\/10\/unnamed-6-2-768x511.jpg 768w\" sizes=\"(max-width: 1024px) 100vw, 1024px\" \/><\/figure>\n\n\n\n<p>A import\u00e2ncia da preven\u00e7\u00e3o na \u00e1rea da sa\u00fade com o autocuidado e realiza\u00e7\u00e3o de exames foi destacada pelo secret\u00e1rio municipal de Sa\u00fade, Gabriel Mello. E n\u00e3o s\u00f3 durante a Campanha Outubro Rosa no caso do c\u00e2ncer de mama e do colo do \u00fatero, mas em rela\u00e7\u00e3o \u00e0 sa\u00fade da mulher como um todo. Para ele, o maior objetivo da campanha de conscientiza\u00e7\u00e3o \u00e9 trabalhar a promo\u00e7\u00e3o e preven\u00e7\u00e3o em sa\u00fade durante todo o ano.&nbsp;<\/p>\n\n\n\n<p>\u201cQuando a gente fala do Outubro Rosa, a mensagem principal \u00e9 a da preven\u00e7\u00e3o, n\u00e3o s\u00f3 do c\u00e2ncer de mama e do colo do \u00fatero, mas de todas as doen\u00e7as que podem ser evitadas. A preven\u00e7\u00e3o \u00e9 a melhor maneira de economizar com sa\u00fade porque a gente evita que o paciente chegue ao agravo. Essa campanha \u00e9 para chamar aten\u00e7\u00e3o da popula\u00e7\u00e3o atrav\u00e9s da sensibiliza\u00e7\u00e3o. Qualquer doen\u00e7a, se descoberta precocemente, ter\u00e1 mais chance de cura ou diminui\u00e7\u00e3o do agravo. Temos que mudar a cultura do tratar depois\u201d, avaliou o secret\u00e1rio.&nbsp;<\/p>\n\n\n\n<p>Rafaella Apolin\u00e1rio, presidente da Funda\u00e7\u00e3o Municipal de Sa\u00fade (FMS), lembrou da import\u00e2ncia das servidoras tamb\u00e9m se cuidarem. \u201cN\u00f3s, que trabalhamos na \u00e1rea da sa\u00fade, precisamos tirar um tempo para cuidar de n\u00f3s. O nosso papel aqui \u00e9 sempre cuidar do outro, do pr\u00f3ximo. Precisamos fazer essa auto reflex\u00e3o em olhar para gente como mulher e colocar todos os exames em dia. O c\u00e2ncer s\u00f3 vem crescendo e afeta a gente. Que este m\u00eas e todos os meses do ano seja de preven\u00e7\u00e3o e de cuidado e que a gente possa olhar para o pr\u00f3ximo, mas tamb\u00e9m para n\u00f3s\u201d, orientou a presidente.<\/p>\n\n\n\n<p>A coordena\u00e7\u00e3o do Programa Municipal de Sa\u00fade Integral \u00e0 Sa\u00fade da Mulher realizou palestra com informa\u00e7\u00f5es importantes para as mulheres. A enfermeira e coordenadora, Daiana Raposo, falou sobre as principais doen\u00e7as que afetam as mulheres (c\u00e2ndida, infec\u00e7\u00e3o urin\u00e1ria, endometriose, miomatose uterina, s\u00edndrome do ov\u00e1rio polic\u00edstico, osteoporose, doen\u00e7as cardiovasculares, c\u00e2ncer do colo do \u00fatero e de mama), como prevenir, como fazer o autoexame das mamas e quais exames de rotina devem ser feitos, como a mamografia e o preventivo. Ela tamb\u00e9m anunciou o novo exame que ser\u00e1 feito na cidade.&nbsp;<\/p>\n\n\n\n<p>\u201cNosso munic\u00edpio foi escolhido pelo Minist\u00e9rio da Sa\u00fade como piloto para implanta\u00e7\u00e3o do teste de DNA HPV \u2013 principal causador do c\u00e2ncer de colo do \u00fatero e que \u00e9 sexualmente transmiss\u00edvel. Esse exame vai ser um avan\u00e7o muito grande para a sa\u00fade da popula\u00e7\u00e3o gon\u00e7alense porque a gente vai conseguir detectar muito precocemente o HPV e tratar. Quando a gente trata precocemente, a doen\u00e7a tem mais chance de cura ou tem muita chance de reduzir o \u00edndice de letalidade\u201d, contou a coordenadora.<\/p>\n\n\n\n<p>Ela tamb\u00e9m mostrou as altera\u00e7\u00f5es que ocorrem na mama relacionadas ao c\u00e2ncer de mama para as servidores ficarem atentas. \u201cSe observarem incha\u00e7o ao redor da mama, dor no mamilo, secre\u00e7\u00e3o, mamilo invertido, aspecto enrugado e n\u00f3dulos, voc\u00eas devem procurar atendimento o quanto antes. Esses s\u00e3o alguns dos sintomas que a gente consegue identificar com muita facilidade. Se a gente n\u00e3o se cuida, a gente sofre as consequ\u00eancias depois. E os cuidados devem ser durante todo o ano, mesmo sem sentir qualquer sintoma\u201d, finalizou Raposo.\u00a0<\/p>\n\n\n\n<p><strong>Preven\u00e7\u00e3o Cantada<\/strong><\/p>\n\n\n\n<p>O grupo formado por agentes comunit\u00e1rios de sa\u00fade (ACSs) fez apresenta\u00e7\u00e3o de duas par\u00f3dias das m\u00fasicas \u201cWhisky \u00e0 go-go\u201d, do grupo Roupa Nova; e \u201cShow das poderosas\u201d, de Anitta, que falam sobre a preven\u00e7\u00e3o do c\u00e2ncer de mama. Durante a apresenta\u00e7\u00e3o, elas tamb\u00e9m mostram os movimentos de como a mulher deve se tocar para fazer o autoexame das mamas.&nbsp;<\/p>\n\n\n\n<p>O grupo foi criado em setembro de 2019 quando uma das agentes teve c\u00e2ncer de mama. \u201cN\u00f3s abra\u00e7amos essa ideia de uma amiga muito esfor\u00e7ada e dedicada, que faleceu h\u00e1 exatamente dois anos de c\u00e2ncer de mama. Era um trabalho que ela gostava muito de fazer, mesmo antes de descobrir o c\u00e2ncer e que foi intensificado com ele. A gente deu continuidade ao trabalho dela porque a gente sabe da import\u00e2ncia da preven\u00e7\u00e3o e de levar a informa\u00e7\u00e3o para as pessoas\u201d, contou Maria das Gra\u00e7as Almeida Faria.<\/p>\n\n\n\n<p>A tamb\u00e9m ACS Elinete Lugatti de Souza disse que \u00e9 um meio que chama muito aten\u00e7\u00e3o das pessoas. \u201cEla encontrou uma forma l\u00fadica de envolver as pessoas com rela\u00e7\u00e3o a se cuidar mais, a ter o autocuidado. Ela achou uma forma de cantar a preven\u00e7\u00e3o, que chama mais aten\u00e7\u00e3o atrav\u00e9s de par\u00f3dias. A gente se apresenta em v\u00e1rias unidades de sa\u00fade e tamb\u00e9m destacamos que o c\u00e2ncer n\u00e3o tem idade. Desde nova, as mulheres t\u00eam que se tocar\u201d, finalizou.&nbsp;<\/p>\n\n\n\n<p><strong>Confira a programa\u00e7\u00e3o Outubro Rosa:<\/strong><\/p>\n\n\n\n<p>Durante todo o m\u00eas de outubro, as unidades de sa\u00fade de S\u00e3o Gon\u00e7alo est\u00e3o mobilizadas para realizarem palestras nas salas de espera.&nbsp;<\/p>\n\n\n\n<p>13.10: USF David Capistrano, Ita\u00fana, \u00e0s 9h30;<\/p>\n\n\n\n<p>13.10: Polo Sanit\u00e1rio Washington Luiz Lopes, \u00e0s 9h;\u00a0\u00a0\u00a0\u00a0<\/p>\n\n\n\n<p>14.10: Cl\u00ednica Municipal Gon\u00e7alense da Lagoinha, 10h;<\/p>\n\n\n\n<p>16.10: Polo Sanit\u00e1rio Jorge teixeira de Lima, Jardim Catarina, \u00e0s 9h;<\/p>\n\n\n\n<p>17.10: USF Vila Lage, \u00e0s 8h;<\/p>\n\n\n\n<p>17.10: USF Juarez Antunes, Laranjal, \u00e0s 9h;<\/p>\n\n\n\n<p>18.10: Espa\u00e7o Rosa, no Z\u00e9 Garoto, \u00e0s 9h;<\/p>\n\n\n\n<p>21.10: Polo Sanit\u00e1rio Paulo Marques rangel, Porto do Rosa, \u00e0s 8h;<\/p>\n\n\n\n<p>22.10: Polo Sanit\u00e1rio H\u00e9lio Cruz, Alc\u00e2ntara, \u00e0s 9h;<\/p>\n\n\n\n<p>25.10: Caminhada Outubro Rosa.<\/p>\n\n\n\n<p><em>Fotos: Luiz Carvalho<\/em><\/p>\n\n\n\n<p><strong><em>S\u00e3o Gon\u00e7alo vai mudar: Not\u00edcias de S\u00e3o Gon\u00e7alo e toda regi\u00e3o.<\/em><\/strong><\/p>\n\n\n\n<figure class=\"wp-block-image size-full\"><img decoding=\"async\" width=\"317\" height=\"110\" src=\"https:\/\/sgvaimudar.com.br\/wp-content\/uploads\/2023\/08\/cropped-Logo-Provisoria-2-2.png\" alt=\"\" class=\"wp-image-2782\" srcset=\"https:\/\/sgvaimudar.com.br\/wp-content\/uploads\/2023\/08\/cropped-Logo-Provisoria-2-2.png 317w, https:\/\/sgvaimudar.com.br\/wp-content\/uploads\/2023\/08\/cropped-Logo-Provisoria-2-2-300x104.png 300w\" sizes=\"(max-width: 317px) 100vw, 317px\" \/><\/figure>\n","protected":false},"excerpt":{"rendered":"<p>Unidades destacam import\u00e2ncia da preven\u00e7\u00e3o ao c\u00e2ncer de mama e do colo do \u00fatero&nbsp; As servidoras da Secretaria de Sa\u00fade&hellip;<\/p>\n","protected":false},"author":5,"featured_media":31531,"comment_status":"closed","ping_status":"open","sticky":false,"template":"","format":"standard","meta":{"fifu_image_url":"","fifu_image_alt":"","footnotes":""},"categories":[7],"tags":[47,75],"class_list":["post-31529","post","type-post","status-publish","format-standard","has-post-thumbnail","hentry","category-saude","tag-rj","tag-sao-goncalo"],"_links":{"self":[{"href":"https:\/\/sgvaimudar.com.br\/index.php\/wp-json\/wp\/v2\/posts\/31529","targetHints":{"allow":["GET"]}}],"collection":[{"href":"https:\/\/sgvaimudar.com.br\/index.php\/wp-json\/wp\/v2\/posts"}],"about":[{"href":"https:\/\/sgvaimudar.com.br\/index.php\/wp-json\/wp\/v2\/types\/post"}],"author":[{"embeddable":true,"href":"https:\/\/sgvaimudar.com.br\/index.php\/wp-json\/wp\/v2\/users\/5"}],"replies":[{"embeddable":true,"href":"https:\/\/sgvaimudar.com.br\/index.php\/wp-json\/wp\/v2\/comments?post=31529"}],"version-history":[{"count":1,"href":"https:\/\/sgvaimudar.com.br\/index.php\/wp-json\/wp\/v2\/posts\/31529\/revisions"}],"predecessor-version":[{"id":31532,"href":"https:\/\/sgvaimudar.com.br\/index.php\/wp-json\/wp\/v2\/posts\/31529\/revisions\/31532"}],"wp:featuredmedia":[{"embeddable":true,"href":"https:\/\/sgvaimudar.com.br\/index.php\/wp-json\/wp\/v2\/media\/31531"}],"wp:attachment":[{"href":"https:\/\/sgvaimudar.com.br\/index.php\/wp-json\/wp\/v2\/media?parent=31529"}],"wp:term":[{"taxonomy":"category","embeddable":true,"href":"https:\/\/sgvaimudar.com.br\/index.php\/wp-json\/wp\/v2\/categories?post=31529"},{"taxonomy":"post_tag","embeddable":true,"href":"https:\/\/sgvaimudar.com.br\/index.php\/wp-json\/wp\/v2\/tags?post=31529"}],"curies":[{"name":"wp","href":"https:\/\/api.w.org\/{rel}","templated":true}]}}