{"id":3145,"date":"2023-09-11T19:56:30","date_gmt":"2023-09-11T22:56:30","guid":{"rendered":"https:\/\/sgvaimudar.com.br\/?p=3145"},"modified":"2023-09-11T19:56:31","modified_gmt":"2023-09-11T22:56:31","slug":"homem-morre-ao-levar-tiro-na-cabeca-na-linha-vermelha","status":"publish","type":"post","link":"https:\/\/sgvaimudar.com.br\/index.php\/2023\/09\/11\/homem-morre-ao-levar-tiro-na-cabeca-na-linha-vermelha\/","title":{"rendered":"Homem morre ao levar tiro na cabe\u00e7a na Linha Vermelha"},"content":{"rendered":"\n<p>Um incidente tr\u00e1gico ocorreu na noite deste domingo (10) na Linha Vermelha, no sentido Centro, pr\u00f3ximo ao Aeroporto Tom Jobim, o Gale\u00e3o, na Zona Norte do Rio de Janeiro. Um indiv\u00edduo perdeu a vida ap\u00f3s ser atingido por um tiro na cabe\u00e7a durante uma tentativa de assalto.<\/p>\n\n\n\n<p>Segundo informa\u00e7\u00f5es da Pol\u00edcia Militar, os agentes do Batalh\u00e3o de Policiamento em Vias Especiais (BPVE) foram chamados para investigar um caso de homic\u00eddio na Linha Vermelha. No local, eles encontraram Wellington dos Anjos, de 24 anos, que lamentavelmente n\u00e3o sobreviveu ao ataque. Al\u00e9m disso, Darieny Silva de Brito, tamb\u00e9m com 24 anos, foi baleada na perna e levada ao Hospital Ad\u00e3o Pereira Nunes, em Caxias, na Baixada Fluminense, onde passou por cirurgia e est\u00e1 atualmente em condi\u00e7\u00e3o est\u00e1vel.<\/p>\n\n\n\n<p>Mayara dos Anjos Bonfim, prima de Wellington, compartilhou em entrevista ao programa &#8220;RJ 1&#8221; que seu parente n\u00e3o ofereceu resist\u00eancia ao assalto. Acredita-se que os criminosos tenham confundido o celular na cintura de Wellington com uma arma. Mayara declarou: &#8220;Pelo que sabemos, conforme relatado por testemunhas, ele percebeu que estava sendo seguido, e Darieny olhou para tr\u00e1s. Foi ent\u00e3o que come\u00e7aram a disparar contra ele. Um dos tiros atingiu a placa da moto, atravessando a perna dela e atingindo o p\u00e9 dele. Ele tentou reduzir a velocidade para parar e entregar a moto, mas os criminosos conseguiram se posicionar ao lado dele. Talvez, devido ao celular na cintura, eles presumiram que ele estava armado e atiraram em sua cabe\u00e7a. O tiro atravessou o capacete.&#8221;<\/p>\n\n\n\n<p>REDA\u00c7\u00c3O<\/p>\n\n\n\n<h1 class=\"wp-block-heading\">sgvaimudar<\/h1>\n","protected":false},"excerpt":{"rendered":"<p>Um incidente tr\u00e1gico ocorreu na noite deste domingo (10) na Linha Vermelha, no sentido Centro, pr\u00f3ximo ao Aeroporto Tom Jobim,&hellip;<\/p>\n","protected":false},"author":2,"featured_media":3148,"comment_status":"open","ping_status":"open","sticky":false,"template":"","format":"standard","meta":{"fifu_image_url":"","fifu_image_alt":"","footnotes":""},"categories":[32],"tags":[],"class_list":["post-3145","post","type-post","status-publish","format-standard","has-post-thumbnail","hentry","category-casos-de-policia"],"_links":{"self":[{"href":"https:\/\/sgvaimudar.com.br\/index.php\/wp-json\/wp\/v2\/posts\/3145","targetHints":{"allow":["GET"]}}],"collection":[{"href":"https:\/\/sgvaimudar.com.br\/index.php\/wp-json\/wp\/v2\/posts"}],"about":[{"href":"https:\/\/sgvaimudar.com.br\/index.php\/wp-json\/wp\/v2\/types\/post"}],"author":[{"embeddable":true,"href":"https:\/\/sgvaimudar.com.br\/index.php\/wp-json\/wp\/v2\/users\/2"}],"replies":[{"embeddable":true,"href":"https:\/\/sgvaimudar.com.br\/index.php\/wp-json\/wp\/v2\/comments?post=3145"}],"version-history":[{"count":1,"href":"https:\/\/sgvaimudar.com.br\/index.php\/wp-json\/wp\/v2\/posts\/3145\/revisions"}],"predecessor-version":[{"id":3147,"href":"https:\/\/sgvaimudar.com.br\/index.php\/wp-json\/wp\/v2\/posts\/3145\/revisions\/3147"}],"wp:featuredmedia":[{"embeddable":true,"href":"https:\/\/sgvaimudar.com.br\/index.php\/wp-json\/wp\/v2\/media\/3148"}],"wp:attachment":[{"href":"https:\/\/sgvaimudar.com.br\/index.php\/wp-json\/wp\/v2\/media?parent=3145"}],"wp:term":[{"taxonomy":"category","embeddable":true,"href":"https:\/\/sgvaimudar.com.br\/index.php\/wp-json\/wp\/v2\/categories?post=3145"},{"taxonomy":"post_tag","embeddable":true,"href":"https:\/\/sgvaimudar.com.br\/index.php\/wp-json\/wp\/v2\/tags?post=3145"}],"curies":[{"name":"wp","href":"https:\/\/api.w.org\/{rel}","templated":true}]}}