{"id":31420,"date":"2025-10-04T08:33:56","date_gmt":"2025-10-04T11:33:56","guid":{"rendered":"https:\/\/sgvaimudar.com.br\/?p=31420"},"modified":"2025-10-04T08:33:56","modified_gmt":"2025-10-04T11:33:56","slug":"dentistas-goncalenses-fazem-campanha-que-reforca-cuidados-e-prevencao-com-a-saude-bucal","status":"publish","type":"post","link":"https:\/\/sgvaimudar.com.br\/index.php\/2025\/10\/04\/dentistas-goncalenses-fazem-campanha-que-reforca-cuidados-e-prevencao-com-a-saude-bucal\/","title":{"rendered":"Dentistas gon\u00e7alenses fazem Campanha que refor\u00e7a cuidados e preven\u00e7\u00e3o com a sa\u00fade bucal\u00a0"},"content":{"rendered":"\n<p><em>No Dia Mundial do Dentista, profissionais fazem a\u00e7\u00e3o especial com crian\u00e7as<\/em><\/p>\n\n\n\n<p>Em comemora\u00e7\u00e3o ao Dia Mundial do Dentista nesta sexta-feira (3) e com a proximidade do Dia das Crian\u00e7as, no dia 12, os dentistas da Unidade de Sa\u00fade da Fam\u00edlia (USF) Wally Figueira da Silva realizaram uma a\u00e7\u00e3o especial voltada para as crian\u00e7as. Como a unidade est\u00e1 em obra de revitaliza\u00e7\u00e3o, eles foram atendidos na USF \u00c1gua Mineral. A iniciativa teve como objetivo promover h\u00e1bitos saud\u00e1veis de sa\u00fade bucal e refor\u00e7ar a import\u00e2ncia da preven\u00e7\u00e3o.<\/p>\n\n\n\n<p>Durante a atividade, os pequenos participaram de uma escova\u00e7\u00e3o supervisionada, onde receberam orienta\u00e7\u00f5es sobre a forma correta de higienizar os dentes. Al\u00e9m disso, foi feita a aplica\u00e7\u00e3o t\u00f3pica de fl\u00faor, medida que ajuda a fortalecer o esmalte dental e prevenir a c\u00e1rie. A a\u00e7\u00e3o contou com a participa\u00e7\u00e3o da equipe de sa\u00fade bucal da unidade, que destacou a relev\u00e2ncia do cuidado di\u00e1rio.<\/p>\n\n\n\n<figure class=\"wp-block-image size-full\"><img fetchpriority=\"high\" decoding=\"async\" width=\"1024\" height=\"681\" src=\"https:\/\/sgvaimudar.com.br\/wp-content\/uploads\/2025\/10\/unnamed-21.jpg\" alt=\"\" class=\"wp-image-31421\" srcset=\"https:\/\/sgvaimudar.com.br\/wp-content\/uploads\/2025\/10\/unnamed-21.jpg 1024w, https:\/\/sgvaimudar.com.br\/wp-content\/uploads\/2025\/10\/unnamed-21-300x200.jpg 300w, https:\/\/sgvaimudar.com.br\/wp-content\/uploads\/2025\/10\/unnamed-21-768x511.jpg 768w\" sizes=\"(max-width: 1024px) 100vw, 1024px\" \/><\/figure>\n\n\n\n<p>\u201cEssa a\u00e7\u00e3o \u00e9 uma forma de celebrar o Dia do Dentista refor\u00e7ando o nosso compromisso com a preven\u00e7\u00e3o e a promo\u00e7\u00e3o da sa\u00fade bucal. Trabalhar com as crian\u00e7as \u00e9 fundamental, pois quando elas aprendem desde cedo a cuidar dos dentes, levamos informa\u00e7\u00e3o e sa\u00fade para toda a fam\u00edlia. A escova\u00e7\u00e3o supervisionada e a aplica\u00e7\u00e3o de fl\u00faor s\u00e3o medidas simples, mas que fazem uma grande diferen\u00e7a na vida delas\u201d, explicou a subsecret\u00e1ria de Odontologia, Ana Gabriela Franco.<\/p>\n\n\n\n<p>Todas as crian\u00e7as que participaram ganharam certificado de coragem, escova dental e kit de colorir. A aut\u00f4noma Cintia Silva Bi\u00eabi, de 37 anos, soube da a\u00e7\u00e3o atrav\u00e9s da agente comunit\u00e1ria de sa\u00fade e fez quest\u00e3o de participar com o filho Samuel Silva Madureira, de 4 anos. \u201cEu achei muito legal porque incentiva as crian\u00e7as a escovarem os dentinhos. Ele nunca foi ao dentista e vou procurar lev\u00e1-lo para a preven\u00e7\u00e3o a partir de agora\u201d, contou.&nbsp;&nbsp;<\/p>\n\n\n\n<p>As a\u00e7\u00f5es de promo\u00e7\u00e3o e preven\u00e7\u00e3o em sa\u00fade bucal fazem parte da rotina do atendimento \u00e0 popula\u00e7\u00e3o em todas as USFs com consult\u00f3rio odontol\u00f3gico. \u201cCuidar da sa\u00fade bucal das crian\u00e7as \u00e9 plantar sementes para o futuro. Quando elas descobrem que escovar os dentes pode ser divertido e entendem por que isso \u00e9 importante, criamos h\u00e1bitos que v\u00e3o acompanh\u00e1-las por toda a vida. O sorriso saud\u00e1vel de hoje \u00e9 a garantia de mais qualidade de vida amanh\u00e3\u201d, finalizou Ana Gabriela.&nbsp;<\/p>\n\n\n\n<p><em>Fotos: Julio Diniz<\/em><\/p>\n\n\n\n<p><strong><em>S\u00e3o Gon\u00e7alo vai mudar: Not\u00edcias de S\u00e3o Gon\u00e7alo e toda regi\u00e3o.<\/em><\/strong><\/p>\n\n\n\n<figure class=\"wp-block-image size-large\"><img decoding=\"async\" width=\"1024\" height=\"252\" src=\"https:\/\/sgvaimudar.com.br\/wp-content\/uploads\/2025\/03\/Anuncie-Aqui-Sao-Goncalo-vai-mudar-1024x252.jpg\" alt=\"\" class=\"wp-image-22693\" srcset=\"https:\/\/sgvaimudar.com.br\/wp-content\/uploads\/2025\/03\/Anuncie-Aqui-Sao-Goncalo-vai-mudar-1024x252.jpg 1024w, https:\/\/sgvaimudar.com.br\/wp-content\/uploads\/2025\/03\/Anuncie-Aqui-Sao-Goncalo-vai-mudar-300x74.jpg 300w, https:\/\/sgvaimudar.com.br\/wp-content\/uploads\/2025\/03\/Anuncie-Aqui-Sao-Goncalo-vai-mudar-768x189.jpg 768w, https:\/\/sgvaimudar.com.br\/wp-content\/uploads\/2025\/03\/Anuncie-Aqui-Sao-Goncalo-vai-mudar-1536x378.jpg 1536w, https:\/\/sgvaimudar.com.br\/wp-content\/uploads\/2025\/03\/Anuncie-Aqui-Sao-Goncalo-vai-mudar-2048x504.jpg 2048w\" sizes=\"(max-width: 1024px) 100vw, 1024px\" \/><\/figure>\n","protected":false},"excerpt":{"rendered":"<p>No Dia Mundial do Dentista, profissionais fazem a\u00e7\u00e3o especial com crian\u00e7as Em comemora\u00e7\u00e3o ao Dia Mundial do Dentista nesta sexta-feira&hellip;<\/p>\n","protected":false},"author":5,"featured_media":31422,"comment_status":"closed","ping_status":"open","sticky":false,"template":"","format":"standard","meta":{"fifu_image_url":"","fifu_image_alt":"","footnotes":""},"categories":[7],"tags":[47,75],"class_list":["post-31420","post","type-post","status-publish","format-standard","has-post-thumbnail","hentry","category-saude","tag-rj","tag-sao-goncalo"],"_links":{"self":[{"href":"https:\/\/sgvaimudar.com.br\/index.php\/wp-json\/wp\/v2\/posts\/31420","targetHints":{"allow":["GET"]}}],"collection":[{"href":"https:\/\/sgvaimudar.com.br\/index.php\/wp-json\/wp\/v2\/posts"}],"about":[{"href":"https:\/\/sgvaimudar.com.br\/index.php\/wp-json\/wp\/v2\/types\/post"}],"author":[{"embeddable":true,"href":"https:\/\/sgvaimudar.com.br\/index.php\/wp-json\/wp\/v2\/users\/5"}],"replies":[{"embeddable":true,"href":"https:\/\/sgvaimudar.com.br\/index.php\/wp-json\/wp\/v2\/comments?post=31420"}],"version-history":[{"count":1,"href":"https:\/\/sgvaimudar.com.br\/index.php\/wp-json\/wp\/v2\/posts\/31420\/revisions"}],"predecessor-version":[{"id":31423,"href":"https:\/\/sgvaimudar.com.br\/index.php\/wp-json\/wp\/v2\/posts\/31420\/revisions\/31423"}],"wp:featuredmedia":[{"embeddable":true,"href":"https:\/\/sgvaimudar.com.br\/index.php\/wp-json\/wp\/v2\/media\/31422"}],"wp:attachment":[{"href":"https:\/\/sgvaimudar.com.br\/index.php\/wp-json\/wp\/v2\/media?parent=31420"}],"wp:term":[{"taxonomy":"category","embeddable":true,"href":"https:\/\/sgvaimudar.com.br\/index.php\/wp-json\/wp\/v2\/categories?post=31420"},{"taxonomy":"post_tag","embeddable":true,"href":"https:\/\/sgvaimudar.com.br\/index.php\/wp-json\/wp\/v2\/tags?post=31420"}],"curies":[{"name":"wp","href":"https:\/\/api.w.org\/{rel}","templated":true}]}}