{"id":31411,"date":"2025-10-04T08:10:10","date_gmt":"2025-10-04T11:10:10","guid":{"rendered":"https:\/\/sgvaimudar.com.br\/?p=31411"},"modified":"2025-10-04T08:10:10","modified_gmt":"2025-10-04T11:10:10","slug":"lateral-vitinho-recebe-convocacao-para-a-selecao-brasileira","status":"publish","type":"post","link":"https:\/\/sgvaimudar.com.br\/index.php\/2025\/10\/04\/lateral-vitinho-recebe-convocacao-para-a-selecao-brasileira\/","title":{"rendered":"Lateral Vitinho recebe convoca\u00e7\u00e3o para a sele\u00e7\u00e3o brasileira"},"content":{"rendered":"\n<p><em>Jogador do Botafogo substituir\u00e1 Vanderson, do Monaco<\/em><\/p>\n\n\n\n<p>O lateral Vitinho, do Botafogo, foi chamado nesta quinta-feira (2) pelo t\u00e9cnico italiano Carlo Ancelotti para representar a sele\u00e7\u00e3o brasileira na pr\u00f3xima Data Fifa. Ele substituir\u00e1 Vanderson, do Monaco, que foi cortado devido a uma les\u00e3o sofrida em seu \u00faltimo jogo pela Liga dos Campe\u00f5es.<img decoding=\"async\" src=\"https:\/\/agenciabrasil.ebc.com.br\/ebc.gif?id=1661206&amp;o=node\"><\/p>\n\n\n\n<p>Na \u00faltima quarta-feira (1), o comandante da sele\u00e7\u00e3o brasileira convocou os jogadores que defender\u00e3o o Brasil na Data Fifa de outubro contra a Coreia do Sul e o Jap\u00e3o. O destaque entre os 26 selecionados foi o retorno dos atacantes Rodrygo e Vinicius J\u00fanior, ambos do Real Madrid (Espanha).<\/p>\n\n\n\n<p>O Brasil enfrenta a Coreia do Sul no dia 10 e outubro, a partir das 8h (hor\u00e1rio de Bras\u00edlia), no Est\u00e1dio da Copa do Mundo de Seul, em Seul, e encara os japoneses no dia 14, a partir das 7h30, no Est\u00e1dio Ajinomoto, em T\u00f3quio.<\/p>\n\n\n\n<p><strong><em>S\u00e3o Gon\u00e7alo vai mudar: Not\u00edcias de S\u00e3o Gon\u00e7alo e toda regi\u00e3o.<\/em><\/strong><\/p>\n\n\n\n<figure class=\"wp-block-image size-large\"><img fetchpriority=\"high\" decoding=\"async\" width=\"1024\" height=\"252\" src=\"https:\/\/sgvaimudar.com.br\/wp-content\/uploads\/2025\/03\/Anuncie-Aqui-Sao-Goncalo-vai-mudar-1024x252.jpg\" alt=\"\" class=\"wp-image-22693\" srcset=\"https:\/\/sgvaimudar.com.br\/wp-content\/uploads\/2025\/03\/Anuncie-Aqui-Sao-Goncalo-vai-mudar-1024x252.jpg 1024w, https:\/\/sgvaimudar.com.br\/wp-content\/uploads\/2025\/03\/Anuncie-Aqui-Sao-Goncalo-vai-mudar-300x74.jpg 300w, https:\/\/sgvaimudar.com.br\/wp-content\/uploads\/2025\/03\/Anuncie-Aqui-Sao-Goncalo-vai-mudar-768x189.jpg 768w, https:\/\/sgvaimudar.com.br\/wp-content\/uploads\/2025\/03\/Anuncie-Aqui-Sao-Goncalo-vai-mudar-1536x378.jpg 1536w, https:\/\/sgvaimudar.com.br\/wp-content\/uploads\/2025\/03\/Anuncie-Aqui-Sao-Goncalo-vai-mudar-2048x504.jpg 2048w\" sizes=\"(max-width: 1024px) 100vw, 1024px\" \/><\/figure>\n","protected":false},"excerpt":{"rendered":"<p>Jogador do Botafogo substituir\u00e1 Vanderson, do Monaco O lateral Vitinho, do Botafogo, foi chamado nesta quinta-feira (2) pelo t\u00e9cnico italiano&hellip;<\/p>\n","protected":false},"author":5,"featured_media":31412,"comment_status":"closed","ping_status":"open","sticky":false,"template":"","format":"standard","meta":{"fifu_image_url":"","fifu_image_alt":"","footnotes":""},"categories":[5],"tags":[47],"class_list":["post-31411","post","type-post","status-publish","format-standard","has-post-thumbnail","hentry","category-esportes","tag-rj"],"_links":{"self":[{"href":"https:\/\/sgvaimudar.com.br\/index.php\/wp-json\/wp\/v2\/posts\/31411","targetHints":{"allow":["GET"]}}],"collection":[{"href":"https:\/\/sgvaimudar.com.br\/index.php\/wp-json\/wp\/v2\/posts"}],"about":[{"href":"https:\/\/sgvaimudar.com.br\/index.php\/wp-json\/wp\/v2\/types\/post"}],"author":[{"embeddable":true,"href":"https:\/\/sgvaimudar.com.br\/index.php\/wp-json\/wp\/v2\/users\/5"}],"replies":[{"embeddable":true,"href":"https:\/\/sgvaimudar.com.br\/index.php\/wp-json\/wp\/v2\/comments?post=31411"}],"version-history":[{"count":1,"href":"https:\/\/sgvaimudar.com.br\/index.php\/wp-json\/wp\/v2\/posts\/31411\/revisions"}],"predecessor-version":[{"id":31413,"href":"https:\/\/sgvaimudar.com.br\/index.php\/wp-json\/wp\/v2\/posts\/31411\/revisions\/31413"}],"wp:featuredmedia":[{"embeddable":true,"href":"https:\/\/sgvaimudar.com.br\/index.php\/wp-json\/wp\/v2\/media\/31412"}],"wp:attachment":[{"href":"https:\/\/sgvaimudar.com.br\/index.php\/wp-json\/wp\/v2\/media?parent=31411"}],"wp:term":[{"taxonomy":"category","embeddable":true,"href":"https:\/\/sgvaimudar.com.br\/index.php\/wp-json\/wp\/v2\/categories?post=31411"},{"taxonomy":"post_tag","embeddable":true,"href":"https:\/\/sgvaimudar.com.br\/index.php\/wp-json\/wp\/v2\/tags?post=31411"}],"curies":[{"name":"wp","href":"https:\/\/api.w.org\/{rel}","templated":true}]}}