{"id":31399,"date":"2025-10-03T10:00:00","date_gmt":"2025-10-03T13:00:00","guid":{"rendered":"https:\/\/sgvaimudar.com.br\/?p=31399"},"modified":"2025-10-03T09:54:22","modified_gmt":"2025-10-03T12:54:22","slug":"populacao-de-sao-goncalo-comemora-ampliacao-inedita-no-atendimento-odontologico","status":"publish","type":"post","link":"https:\/\/sgvaimudar.com.br\/index.php\/2025\/10\/03\/populacao-de-sao-goncalo-comemora-ampliacao-inedita-no-atendimento-odontologico\/","title":{"rendered":"Popula\u00e7\u00e3o de S\u00e3o Gon\u00e7alo comemora amplia\u00e7\u00e3o in\u00e9dita no atendimento odontol\u00f3gico"},"content":{"rendered":"\n<p><em>Investimentos na rede municipal de sa\u00fade beneficiam os gon\u00e7alenses<\/em><\/p>\n\n\n\n<p>O m\u00eas de outubro \u00e9 marcado por tr\u00eas datas na \u00e1rea da sa\u00fade relacionadas \u00e0 odontologia. A primeira, que \u00e9 lembrada nesta sexta-feira, dia 3 de outubro, \u00e9 o Dia Mundial do Dentista. As outras duas dividem o dia 25: Dia Nacional da Sa\u00fade Bucal e Dia do Cirurgi\u00e3o Dentista. <\/p>\n\n\n\n<p>A Secretaria de Sa\u00fade da Prefeitura de S\u00e3o Gon\u00e7alo, atrav\u00e9s da Subsecretaria de Odontologia, pode comemorar todas as datas, pois os avan\u00e7os e investimentos na \u00e1rea s\u00e3o grandiosos.<\/p>\n\n\n\n<figure class=\"wp-block-image size-large\"><img fetchpriority=\"high\" decoding=\"async\" width=\"1024\" height=\"683\" src=\"https:\/\/sgvaimudar.com.br\/wp-content\/uploads\/2025\/10\/unnamed-10-1-1024x683.jpg\" alt=\"\" class=\"wp-image-31401\" srcset=\"https:\/\/sgvaimudar.com.br\/wp-content\/uploads\/2025\/10\/unnamed-10-1-1024x683.jpg 1024w, https:\/\/sgvaimudar.com.br\/wp-content\/uploads\/2025\/10\/unnamed-10-1-300x200.jpg 300w, https:\/\/sgvaimudar.com.br\/wp-content\/uploads\/2025\/10\/unnamed-10-1-768x512.jpg 768w, https:\/\/sgvaimudar.com.br\/wp-content\/uploads\/2025\/10\/unnamed-10-1.jpg 1200w\" sizes=\"(max-width: 1024px) 100vw, 1024px\" \/><\/figure>\n\n\n\n<p>Desde o in\u00edcio do governo do prefeito Capit\u00e3o Nelson h\u00e1 investimento na amplia\u00e7\u00e3o e moderniza\u00e7\u00e3o dos consult\u00f3rios, servi\u00e7os e atendimentos odontol\u00f3gicos oferecidos \u00e0 popula\u00e7\u00e3o \u2013\u00a0desde a Aten\u00e7\u00e3o B\u00e1sica at\u00e9 o atendimento de Urg\u00eancia e Emerg\u00eancia. <\/p>\n\n\n\n<p>Atualmente, S\u00e3o Gon\u00e7alo conta com 109 equipes de sa\u00fade bucal distribu\u00eddas em 76 unidades b\u00e1sicas de sa\u00fade (USFs, polos sanit\u00e1rios e cl\u00ednicas municipais) \u2013\u00a0a maioria com consult\u00f3rios e equipamentos novos \u2013\u00a0garantindo maior cobertura em todos os bairros do munic\u00edpio.\u00a0\u00a0<\/p>\n\n\n\n<p>\u201cNos \u00faltimos anos, S\u00e3o Gon\u00e7alo avan\u00e7ou de forma significativa na sa\u00fade bucal, que vem se consolidando com foco, principalmente, na preven\u00e7\u00e3o. Ampliamos a rede de atendimento com novas unidades e consult\u00f3rios e garantimos maior acesso com o Odontom\u00f3vel, que leva atendimento a regi\u00f5es de dif\u00edcil acesso. No entanto, nosso compromisso tamb\u00e9m \u00e9 oferecer atendimento humanizado, que vai da preven\u00e7\u00e3o \u00e0 urg\u00eancia e reabilita\u00e7\u00e3o, aproximando o cuidado odontol\u00f3gico da popula\u00e7\u00e3o e fortalecendo a qualidade de vida dos gon\u00e7alenses\u201d, descreveu a subsecret\u00e1ria de Odontologia, Ana Gabriela Franco.<\/p>\n\n\n\n<p>Os tr\u00eas Centros de Especialidades Odontol\u00f3gicas (CEOs), localizados no Vila Tr\u00eas, Neves e Barro Vermelho, s\u00e3o os destaques nos atendimentos da sa\u00fade bucal especializada. Eles concentram atendimentos como odontopediatria e servi\u00e7os de maior complexidade:\u00a0Periodontia, Cirurgia, Endodontia, Estomatologia e o atendimento de Pacientes Especiais.\u00a0A subsecretaria tamb\u00e9m ampliou o n\u00famero de atendimentos nesses centros, o que contribuiu para a redu\u00e7\u00e3o das filas de espera.\u00a0<\/p>\n\n\n\n<p>Para situa\u00e7\u00f5es emergenciais, a rede conta com o Pronto Socorro Central (PSC), refer\u00eancia no tratamento de traumas, infec\u00e7\u00f5es odontog\u00eanicas, controle de dor aguda, suturas da face e hemorragias, e que funciona 24 horas todos os dias. Al\u00e9m dele, as Unidades Municipais de Pronto Atendimento (Umpas) de Pacheco, Santa Luzia e Nova Cidade oferecem suporte em casos de menor complexidade, funcionando em regime de 12 horas, das 8h \u00e0s 20h.<\/p>\n\n\n\n<p>Outro avan\u00e7o foi a implanta\u00e7\u00e3o do Laborat\u00f3rio de Pr\u00f3tese Dent\u00e1ria (LPD), ativo desde o primeiro semestre de 2025, que permite a confec\u00e7\u00e3o de pr\u00f3teses para pacientes que necessitam de reabilita\u00e7\u00e3o oral.\u00a0Mais uma mudan\u00e7a nos atendimentos odontol\u00f3gicos foi a implanta\u00e7\u00e3o dos cuidados de sa\u00fade bucal para os gon\u00e7alenses internados nas unidades de tratamento intensivo (UTIs) do PSC e Hospital de Retaguarda Gon\u00e7alense, no Centro, que contam com o atendimento da Odontologia Hospitalar.\u00a0\u00a0<\/p>\n\n\n\n<p>As\u00a0radiografias odontol\u00f3gicas\u00a0periapicais tamb\u00e9m s\u00e3o novidade para os gon\u00e7alenses e est\u00e3o dispon\u00edveis nas cl\u00ednicas municipais do Mutondo, Lagoinha e Coluband\u00ea. Este \u00e9 mais um servi\u00e7o ampliado pelo governo do prefeito Capit\u00e3o Nelson, que come\u00e7ou a ser realizado na Cl\u00ednica do Coluband\u00ea, foi ampliado para o Mutondo e, por \u00faltimo, para a Cl\u00ednica da Lagoinha. \u201cA radiografia visualiza um ou mais dentes e as suas estruturas, como ra\u00edzes e ossos, permitindo que o dentista identifique problemas como c\u00e1ries, infec\u00e7\u00f5es, les\u00f5es e problemas na raiz dos dentes\u201d, explicou Ana Gabriela.<\/p>\n\n\n\n<p>As crian\u00e7as matriculadas na rede municipal de educa\u00e7\u00e3o tamb\u00e9m s\u00e3o atendidas dentro das escolas atrav\u00e9s do Programa Sa\u00fade na Escola, que j\u00e1 alcan\u00e7ou 114 unidades. Nos col\u00e9gios, os estudantes participam de atividades educativas sobre sa\u00fade bucal, fazem exames cl\u00ednicos, t\u00eam escova\u00e7\u00e3o supervisionada, aplica\u00e7\u00e3o de fl\u00faor e podem ser\u00a0encaminhados para atendimento nas unidades de sa\u00fade, segundo a necessidade de cada um.<\/p>\n\n\n\n<p>\u201c\u00c9 um trabalho conjunto, que tamb\u00e9m conta com\u00a0a capacita\u00e7\u00e3o cont\u00ednua dos profissionais. Com a sa\u00fade bucal em dia, podemos evitar a evolu\u00e7\u00e3o de v\u00e1rias doen\u00e7as no organismo. Ter facilidade no acesso e tratamento de qualidade \u00e9 um ganho enorme para a popula\u00e7\u00e3o\u201d, finalizou Ana Gabriela.<\/p>\n\n\n\n<p><strong>Como ter acesso aos servi\u00e7os<\/strong><\/p>\n\n\n\n<p>\u00a0As USFs, polos sanit\u00e1rios e cl\u00ednicas municipais s\u00e3o a porta de entrada para os tratamentos odontol\u00f3gicos. Para ter acesso, os gon\u00e7alenses podem procurar qualquer unidade que tenha consult\u00f3rio odontol\u00f3gico para realizar o agendamento. Nos postos, s\u00e3o realizados exame cl\u00ednico, restaura\u00e7\u00f5es em resina, raspagem de t\u00e1rtaro, profilaxia bucal, orienta\u00e7\u00e3o de higiene oral, aplica\u00e7\u00e3o de fl\u00faor e pequenas cirurgias.<\/p>\n\n\n\n<p>Dependendo da necessidade de cada paciente, eles podem ser encaminhados para um dos tr\u00eas CEOs: Neves, Barro Vermelho (dentro da Cl\u00ednica Gon\u00e7alense do Barro Vermelho) e Vila Tr\u00eas (dentro do Centro de Imagens e Especialidades de S\u00e3o Gon\u00e7alo &#8211; Ciesg). Os pacientes com casos de urg\u00eancia e emerg\u00eancia podem procurar as Umpas de Nova Cidade, Pacheco e Santa Luzia, diariamente, das 8h \u00e0s 20h. Entre 20h e 8h, o atendimento \u00e9 realizado no Pronto Socorro Central (PSC), no Z\u00e9 Garoto.<\/p>\n\n\n\n<p><em>Foto: Fabio Guimar\u00e3es<\/em><\/p>\n\n\n\n<p><strong><em>S\u00e3o Gon\u00e7alo vai mudar: Not\u00edcias de S\u00e3o Gon\u00e7alo e toda regi\u00e3o.<\/em><\/strong><\/p>\n\n\n\n<figure class=\"wp-block-image size-large\"><img decoding=\"async\" width=\"1024\" height=\"252\" src=\"https:\/\/sgvaimudar.com.br\/wp-content\/uploads\/2025\/03\/Anuncie-Aqui-Sao-Goncalo-vai-mudar-1024x252.jpg\" alt=\"\" class=\"wp-image-22693\" srcset=\"https:\/\/sgvaimudar.com.br\/wp-content\/uploads\/2025\/03\/Anuncie-Aqui-Sao-Goncalo-vai-mudar-1024x252.jpg 1024w, https:\/\/sgvaimudar.com.br\/wp-content\/uploads\/2025\/03\/Anuncie-Aqui-Sao-Goncalo-vai-mudar-300x74.jpg 300w, https:\/\/sgvaimudar.com.br\/wp-content\/uploads\/2025\/03\/Anuncie-Aqui-Sao-Goncalo-vai-mudar-768x189.jpg 768w, https:\/\/sgvaimudar.com.br\/wp-content\/uploads\/2025\/03\/Anuncie-Aqui-Sao-Goncalo-vai-mudar-1536x378.jpg 1536w, https:\/\/sgvaimudar.com.br\/wp-content\/uploads\/2025\/03\/Anuncie-Aqui-Sao-Goncalo-vai-mudar-2048x504.jpg 2048w\" sizes=\"(max-width: 1024px) 100vw, 1024px\" \/><\/figure>\n","protected":false},"excerpt":{"rendered":"<p>Investimentos na rede municipal de sa\u00fade beneficiam os gon\u00e7alenses O m\u00eas de outubro \u00e9 marcado por tr\u00eas datas na \u00e1rea&hellip;<\/p>\n","protected":false},"author":5,"featured_media":31400,"comment_status":"closed","ping_status":"open","sticky":false,"template":"","format":"standard","meta":{"fifu_image_url":"","fifu_image_alt":"","footnotes":""},"categories":[7],"tags":[47,75],"class_list":["post-31399","post","type-post","status-publish","format-standard","has-post-thumbnail","hentry","category-saude","tag-rj","tag-sao-goncalo"],"_links":{"self":[{"href":"https:\/\/sgvaimudar.com.br\/index.php\/wp-json\/wp\/v2\/posts\/31399","targetHints":{"allow":["GET"]}}],"collection":[{"href":"https:\/\/sgvaimudar.com.br\/index.php\/wp-json\/wp\/v2\/posts"}],"about":[{"href":"https:\/\/sgvaimudar.com.br\/index.php\/wp-json\/wp\/v2\/types\/post"}],"author":[{"embeddable":true,"href":"https:\/\/sgvaimudar.com.br\/index.php\/wp-json\/wp\/v2\/users\/5"}],"replies":[{"embeddable":true,"href":"https:\/\/sgvaimudar.com.br\/index.php\/wp-json\/wp\/v2\/comments?post=31399"}],"version-history":[{"count":1,"href":"https:\/\/sgvaimudar.com.br\/index.php\/wp-json\/wp\/v2\/posts\/31399\/revisions"}],"predecessor-version":[{"id":31402,"href":"https:\/\/sgvaimudar.com.br\/index.php\/wp-json\/wp\/v2\/posts\/31399\/revisions\/31402"}],"wp:featuredmedia":[{"embeddable":true,"href":"https:\/\/sgvaimudar.com.br\/index.php\/wp-json\/wp\/v2\/media\/31400"}],"wp:attachment":[{"href":"https:\/\/sgvaimudar.com.br\/index.php\/wp-json\/wp\/v2\/media?parent=31399"}],"wp:term":[{"taxonomy":"category","embeddable":true,"href":"https:\/\/sgvaimudar.com.br\/index.php\/wp-json\/wp\/v2\/categories?post=31399"},{"taxonomy":"post_tag","embeddable":true,"href":"https:\/\/sgvaimudar.com.br\/index.php\/wp-json\/wp\/v2\/tags?post=31399"}],"curies":[{"name":"wp","href":"https:\/\/api.w.org\/{rel}","templated":true}]}}